

{"id":10040,"date":"2022-12-07T06:23:00","date_gmt":"2022-12-07T06:23:00","guid":{"rendered":"https:\/\/www.in-magazines.com\/magazine\/?p=10040"},"modified":"2022-12-06T10:25:35","modified_gmt":"2022-12-06T10:25:35","slug":"buro-amenagement-sublimer-les-espaces-professionnels-des-entreprises-de-demain","status":"publish","type":"post","link":"https:\/\/www.in-magazines.com\/magazine\/sommaire\/inmagazine-30\/buro-amenagement-sublimer-les-espaces-professionnels-des-entreprises-de-demain\/","title":{"rendered":"BURO AMENAGEMENT : Sublimer les espaces professionnels des entreprises de demain"},"content":{"rendered":"\n<p>N\u00e9 en 2005 \u00e0 Sophia Antipolis, Buro Amenagement (BAM) vient de se doter d\u2019un exceptionnel showroom de 700&nbsp; mt en plein c\u0153ur de la technopole et doit tout prochainement renforcer ses positions en ouvrant une nouvelle agence \u00e0 Toulon. C\u00e9cile Fritz, responsable Qualit\u00e9, fait le point sur la nouvelle strat\u00e9gie de BAM : consolider son positionnement en PACA et accompagner la transformation des entreprises dans l\u2019\u00e9volution des environnements de travail, en pla\u00e7ant l\u2019humain au c\u0153ur de sa politique.<\/p>\n\n\n\n<h2 class=\"wp-block-heading\">Votre m\u00e9tier est en \u00e9volution : comment portez-vous les projets de vos clients ?<\/h2>\n\n\n\n<p>C\u00e9cile Fritz : Nous accompagnons nos clients de A \u00e0 Z, en les aidant \u00e0 d\u00e9finir leur projet d\u2019am\u00e9nagement&nbsp;: analyse et traduction du besoin, ambition, validation.<br>L\u2019avantage : \u00e9tant contractant g\u00e9n\u00e9ral, nous proposons une solution cl\u00e9 en main, de la conception de l\u2019espace \u00e0 la r\u00e9alisation des travaux, jusqu\u2019au pilotage d\u2019ateliers participatifs en co-design. Nous sommes sp\u00e9cialistes en design d\u2019espaces professionnels, et conscients que l\u2019am\u00e9nagement est un enjeu majeur pour les organisations.<\/p>\n\n\n\n<h2 class=\"wp-block-heading\">Parlez-nous des projets de vos clients<\/h2>\n\n\n\n<p>Leur nature est tr\u00e8s diverse : d\u00e9m\u00e9nagement, r\u00e9novation, faisabilit\u00e9, optimisation de l\u2019utilisation des surfaces, croissance, changement de strat\u00e9gie\u2026 Nous travaillons aussi sur la r\u00e9organisation des espaces pour faciliter l\u2019int\u00e9gration des nouveaux usages de travail : work from anywhere, fl ex-office, t\u00e9l\u00e9travail, biophilie&#8230;<\/p>\n\n\n\n<h2 class=\"wp-block-heading\">Justement, les usages \u00e9voluent, changent : que mettez-vous en place pour am\u00e9liorer le parcours client ?<\/h2>\n\n\n\n<p>Nous avons travaill\u00e9 sur le parcours client, en mettant en place des process et en nous dotant d\u2019outils digitaux. Le but est de proposer une offre lisible, incluant un phasage pr\u00e9cis et un budget d\u00e9taill\u00e9. Le client est s\u00e9curis\u00e9 dans sa communication : la livraison est conforme \u00e0 ses attentes, le d\u00e9lai est maitris\u00e9.<\/p>\n\n\n<a href=\"#\" class=\"_3d-flip-book  fb3d-link-lightbox-mode\" data-id=\"9824\" data-mode=\"link-lightbox\" data-title=\"false\" data-template=\"short-white-book-view\" data-lightbox=\"dark\" data-urlparam=\"fb3d-page\" data-page-n=\"0\" data-pdf=\"\" data-tax=\"null\" data-thumbnail=\"\" data-cols=\"3\" data-query=\"\"><img decoding=\"async\" src=\"http:\/\/www.in-magazines.com\/magazine\/wp-content\/uploads\/2021\/05\/btn.jpg\"><\/a>\n","protected":false},"excerpt":{"rendered":"<p>N&eacute; en 2005 &agrave; Sophia Antipolis, Buro Amenagement (BAM) vient de se doter d&rsquo;un exceptionnel showroom de 700&nbsp; mt en plein c&oelig;ur de la technopole et doit tout prochainement renforcer ses positions en ouvrant une nouvelle agence &agrave; Toulon. C&eacute;cile Fritz, responsable Qualit&eacute;, fait le point sur la nouvelle strat&eacute;gie de BAM : consolider son&hellip; <a class=\"more-link\" href=\"https:\/\/www.in-magazines.com\/magazine\/sommaire\/inmagazine-30\/buro-amenagement-sublimer-les-espaces-professionnels-des-entreprises-de-demain\/\">Poursuivre la lecture <span class=\"screen-reader-text\">BURO AMENAGEMENT : Sublimer les espaces professionnels des entreprises de demain<\/span><\/a><\/p>\n","protected":false},"author":1,"featured_media":10041,"comment_status":"open","ping_status":"open","sticky":false,"template":"","format":"standard","meta":{"footnotes":""},"categories":[1698,1834],"tags":[1882,1883],"yoast_head":"<!-- This site is optimized with the Yoast SEO plugin v16.2 - https:\/\/yoast.com\/wordpress\/plugins\/seo\/ -->\n<title>BURO AMENAGEMENT : Sublimer les espaces professionnels des entreprises de demain - In Magazines<\/title>\n<meta name=\"robots\" content=\"index, follow, max-snippet:-1, max-image-preview:large, max-video-preview:-1\" \/>\n<link rel=\"canonical\" href=\"https:\/\/www.in-magazines.com\/magazine\/sommaire\/inmagazine-30\/buro-amenagement-sublimer-les-espaces-professionnels-des-entreprises-de-demain\/\" \/>\n<meta property=\"og:locale\" content=\"fr_FR\" \/>\n<meta property=\"og:type\" content=\"article\" \/>\n<meta property=\"og:title\" content=\"BURO AMENAGEMENT : Sublimer les espaces professionnels des entreprises de demain - In Magazines\" \/>\n<meta property=\"og:description\" content=\"N&eacute; en 2005 &agrave; Sophia Antipolis, Buro Amenagement (BAM) vient de se doter d&rsquo;un exceptionnel showroom de 700&nbsp; mt en plein c&oelig;ur de la technopole et doit tout prochainement renforcer ses positions en ouvrant une nouvelle agence &agrave; Toulon. C&eacute;cile Fritz, responsable Qualit&eacute;, fait le point sur la nouvelle strat&eacute;gie de BAM : consolider son&hellip; Poursuivre la lecture BURO AMENAGEMENT : Sublimer les espaces professionnels des entreprises de demain\" \/>\n<meta property=\"og:url\" content=\"https:\/\/www.in-magazines.com\/magazine\/sommaire\/inmagazine-30\/buro-amenagement-sublimer-les-espaces-professionnels-des-entreprises-de-demain\/\" \/>\n<meta property=\"og:site_name\" content=\"In Magazines\" \/>\n<meta property=\"article:published_time\" content=\"2022-12-07T06:23:00+00:00\" \/>\n<meta property=\"article:modified_time\" content=\"2022-12-06T10:25:35+00:00\" \/>\n<meta property=\"og:image\" content=\"https:\/\/www.in-magazines.com\/magazine\/wp-content\/uploads\/2022\/12\/Buro-amenagement-Sublimer-les-espaces-professionnels-des-entreprises-de-demain.jpg\" \/>\n\t<meta property=\"og:image:width\" content=\"328\" \/>\n\t<meta property=\"og:image:height\" content=\"363\" \/>\n<meta name=\"twitter:label1\" content=\"Dur\u00e9e de lecture est.\">\n\t<meta name=\"twitter:data1\" content=\"2 minutes\">\n<script type=\"application\/ld+json\" class=\"yoast-schema-graph\">{\"@context\":\"https:\/\/schema.org\",\"@graph\":[{\"@type\":\"WebSite\",\"@id\":\"https:\/\/www.in-magazines.com\/magazine\/#website\",\"url\":\"https:\/\/www.in-magazines.com\/magazine\/\",\"name\":\"In Magazines\",\"description\":\"\",\"potentialAction\":[{\"@type\":\"SearchAction\",\"target\":\"https:\/\/www.in-magazines.com\/magazine\/?s={search_term_string}\",\"query-input\":\"required name=search_term_string\"}],\"inLanguage\":\"fr-FR\"},{\"@type\":\"ImageObject\",\"@id\":\"https:\/\/www.in-magazines.com\/magazine\/sommaire\/inmagazine-30\/buro-amenagement-sublimer-les-espaces-professionnels-des-entreprises-de-demain\/#primaryimage\",\"inLanguage\":\"fr-FR\",\"url\":\"https:\/\/www.in-magazines.com\/magazine\/wp-content\/uploads\/2022\/12\/Buro-amenagement-Sublimer-les-espaces-professionnels-des-entreprises-de-demain.jpg\",\"contentUrl\":\"https:\/\/www.in-magazines.com\/magazine\/wp-content\/uploads\/2022\/12\/Buro-amenagement-Sublimer-les-espaces-professionnels-des-entreprises-de-demain.jpg\",\"width\":328,\"height\":363},{\"@type\":\"WebPage\",\"@id\":\"https:\/\/www.in-magazines.com\/magazine\/sommaire\/inmagazine-30\/buro-amenagement-sublimer-les-espaces-professionnels-des-entreprises-de-demain\/#webpage\",\"url\":\"https:\/\/www.in-magazines.com\/magazine\/sommaire\/inmagazine-30\/buro-amenagement-sublimer-les-espaces-professionnels-des-entreprises-de-demain\/\",\"name\":\"BURO AMENAGEMENT : Sublimer les espaces professionnels des entreprises de demain - In Magazines\",\"isPartOf\":{\"@id\":\"https:\/\/www.in-magazines.com\/magazine\/#website\"},\"primaryImageOfPage\":{\"@id\":\"https:\/\/www.in-magazines.com\/magazine\/sommaire\/inmagazine-30\/buro-amenagement-sublimer-les-espaces-professionnels-des-entreprises-de-demain\/#primaryimage\"},\"datePublished\":\"2022-12-07T06:23:00+00:00\",\"dateModified\":\"2022-12-06T10:25:35+00:00\",\"author\":{\"@id\":\"https:\/\/www.in-magazines.com\/magazine\/#\/schema\/person\/c27e7dabb9a1ef380814bdd5636d07e3\"},\"breadcrumb\":{\"@id\":\"https:\/\/www.in-magazines.com\/magazine\/sommaire\/inmagazine-30\/buro-amenagement-sublimer-les-espaces-professionnels-des-entreprises-de-demain\/#breadcrumb\"},\"inLanguage\":\"fr-FR\",\"potentialAction\":[{\"@type\":\"ReadAction\",\"target\":[\"https:\/\/www.in-magazines.com\/magazine\/sommaire\/inmagazine-30\/buro-amenagement-sublimer-les-espaces-professionnels-des-entreprises-de-demain\/\"]}]},{\"@type\":\"BreadcrumbList\",\"@id\":\"https:\/\/www.in-magazines.com\/magazine\/sommaire\/inmagazine-30\/buro-amenagement-sublimer-les-espaces-professionnels-des-entreprises-de-demain\/#breadcrumb\",\"itemListElement\":[{\"@type\":\"ListItem\",\"position\":1,\"item\":{\"@id\":\"https:\/\/www.in-magazines.com\/magazine\/sommaire\/inmagazine-30\/buro-amenagement-sublimer-les-espaces-professionnels-des-entreprises-de-demain\/#webpage\"}}]},{\"@type\":\"Person\",\"@id\":\"https:\/\/www.in-magazines.com\/magazine\/#\/schema\/person\/c27e7dabb9a1ef380814bdd5636d07e3\",\"name\":\"backinmag\",\"image\":{\"@type\":\"ImageObject\",\"@id\":\"https:\/\/www.in-magazines.com\/magazine\/#personlogo\",\"inLanguage\":\"fr-FR\",\"url\":\"https:\/\/secure.gravatar.com\/avatar\/13a234bb19dc4fd04793d73c3472fbdb?s=96&d=mm&r=g\",\"contentUrl\":\"https:\/\/secure.gravatar.com\/avatar\/13a234bb19dc4fd04793d73c3472fbdb?s=96&d=mm&r=g\",\"caption\":\"backinmag\"},\"sameAs\":[\"http:\/\/www.in-magazines.com\/magazin\"]}]}<\/script>\n<!-- \/ Yoast SEO plugin. -->","_links":{"self":[{"href":"https:\/\/www.in-magazines.com\/magazine\/wp-json\/wp\/v2\/posts\/10040"}],"collection":[{"href":"https:\/\/www.in-magazines.com\/magazine\/wp-json\/wp\/v2\/posts"}],"about":[{"href":"https:\/\/www.in-magazines.com\/magazine\/wp-json\/wp\/v2\/types\/post"}],"author":[{"embeddable":true,"href":"https:\/\/www.in-magazines.com\/magazine\/wp-json\/wp\/v2\/users\/1"}],"replies":[{"embeddable":true,"href":"https:\/\/www.in-magazines.com\/magazine\/wp-json\/wp\/v2\/comments?post=10040"}],"version-history":[{"count":2,"href":"https:\/\/www.in-magazines.com\/magazine\/wp-json\/wp\/v2\/posts\/10040\/revisions"}],"predecessor-version":[{"id":10043,"href":"https:\/\/www.in-magazines.com\/magazine\/wp-json\/wp\/v2\/posts\/10040\/revisions\/10043"}],"wp:featuredmedia":[{"embeddable":true,"href":"https:\/\/www.in-magazines.com\/magazine\/wp-json\/wp\/v2\/media\/10041"}],"wp:attachment":[{"href":"https:\/\/www.in-magazines.com\/magazine\/wp-json\/wp\/v2\/media?parent=10040"}],"wp:term":[{"taxonomy":"category","embeddable":true,"href":"https:\/\/www.in-magazines.com\/magazine\/wp-json\/wp\/v2\/categories?post=10040"},{"taxonomy":"post_tag","embeddable":true,"href":"https:\/\/www.in-magazines.com\/magazine\/wp-json\/wp\/v2\/tags?post=10040"}],"curies":[{"name":"wp","href":"https:\/\/api.w.org\/{rel}","templated":true}]}}