

{"id":10077,"date":"2022-12-07T06:15:00","date_gmt":"2022-12-07T06:15:00","guid":{"rendered":"https:\/\/www.in-magazines.com\/magazine\/?p=10077"},"modified":"2022-12-06T11:28:28","modified_gmt":"2022-12-06T11:28:28","slug":"chronoclim-servir-frais","status":"publish","type":"post","link":"https:\/\/www.in-magazines.com\/magazine\/sommaire\/inmagazine-30\/chronoclim-servir-frais\/","title":{"rendered":"CHRONOCLIM : SERVIR FRAIS"},"content":{"rendered":"\n<p>\u00ab\u00a0On s\u2019est un peu mari\u00e9s sans se conna\u00eetre !\u00a0\u00bb explique malicieusement Laurent Barreyre. D\u00e9sormais, ils sont trois associ\u00e9s pour d\u00e9velopper Chronoclim, l\u2019entreprise d\u2019installation, maintenance et d\u00e9pannage de syst\u00e8mes de climatisation fond\u00e9e il y a 10 ans par Micka\u00ebl Giraud et Eric Depetris. Rejoints par Laurent il y a un an, ils forment aujourd\u2019hui une \u00e9quipe o\u00f9 chacun, \u00e0 terme, se verra investi de sa propre mission, pour fournir un travail minutieux, pr\u00e9cis et de qualit\u00e9, au service d\u2019une belle entreprise en croissance.<\/p>\n\n\n\n<h2 class=\"wp-block-heading\">LAURENT, le booster<\/h2>\n\n\n\n<p>Laurent Barreyre, originaire de r\u00e9gion parisienne, cherchait fin 2019 \u00e0 trouver des sous-traitants pour d\u00e9velopper son entreprise de climatisation dans les Alpes-Maritimes. \u00ab J\u2019avais repris une entreprise de chauffage dans l\u2019Eure-et-Loire en 2010, que nous avions mont\u00e9 \u00e0 30 salari\u00e9s et que j\u2019ai eu l\u2019opportunit\u00e9 de revendre \u00e0 Engie en 2019 \u00bb.<\/p>\n\n\n\n<p>D\u00e9sireux de s\u2019installer avec sa famille sur la C\u00f4te d\u2019Azur, c\u2019est tout naturellement que le chef d\u2019entreprise se met en qu\u00eate de partenaires. \u00ab Mon objectif \u00e9tait de d\u00e9velopper des contrats de maintenance de syst\u00e8mes de climatisation. \u00bb Lorsqu\u2019il se met autour de la table pour pr\u00e9senter son parcours et ses projets aux deux fondateurs de Chronoclim, les deux amis pr\u00e9f\u00e8rent lui ouvrir leur capital et d\u00e9velopper tous ensemble une affaire saine. Le r\u00f4le de Laurent ? D\u00e9marcher et amener des chantiers, issus notamment d\u2019une client\u00e8le professionnelle. \u00ab Ma premi\u00e8re d\u00e9cision a \u00e9t\u00e9 d\u2019int\u00e9grer un Club business, IN Club, pour installer durablement l\u2019image de Chronoclim dans l\u2019esprit des chefs d\u2019entreprise. Mon id\u00e9e \u00e9tait d\u2019agir sur le long terme, mais d\u00e8s les premiers \u00e9v\u00e9nements, j\u2019ai commenc\u00e9 \u00e0 remplir notre carnet de commandes\u2026 ! \u00bb<\/p>\n\n\n<a href=\"#\" class=\"_3d-flip-book  fb3d-link-lightbox-mode\" data-id=\"9831\" data-mode=\"link-lightbox\" data-title=\"false\" data-template=\"short-white-book-view\" data-lightbox=\"dark\" data-urlparam=\"fb3d-page\" data-page-n=\"0\" data-pdf=\"\" data-tax=\"null\" data-thumbnail=\"\" data-cols=\"3\" data-query=\"\"><img decoding=\"async\" src=\"http:\/\/www.in-magazines.com\/magazine\/wp-content\/uploads\/2021\/05\/btn.jpg\"><\/a>\n","protected":false},"excerpt":{"rendered":"<p>&laquo;&nbsp;On s&rsquo;est un peu mari&eacute;s sans se conna&icirc;tre !&nbsp;&raquo; explique malicieusement Laurent Barreyre. D&eacute;sormais, ils sont trois associ&eacute;s pour d&eacute;velopper Chronoclim, l&rsquo;entreprise d&rsquo;installation, maintenance et d&eacute;pannage de syst&egrave;mes de climatisation fond&eacute;e il y a 10 ans par Micka&euml;l Giraud et Eric Depetris. Rejoints par Laurent il y a un an, ils forment aujourd&rsquo;hui une &eacute;quipe&hellip; <a class=\"more-link\" href=\"https:\/\/www.in-magazines.com\/magazine\/sommaire\/inmagazine-30\/chronoclim-servir-frais\/\">Poursuivre la lecture <span class=\"screen-reader-text\">CHRONOCLIM : SERVIR FRAIS<\/span><\/a><\/p>\n","protected":false},"author":1,"featured_media":10084,"comment_status":"open","ping_status":"open","sticky":false,"template":"","format":"standard","meta":{"footnotes":""},"categories":[1698,1834],"tags":[1892,1893,1894],"yoast_head":"<!-- This site is optimized with the Yoast SEO plugin v16.2 - https:\/\/yoast.com\/wordpress\/plugins\/seo\/ -->\n<title>CHRONOCLIM : SERVIR FRAIS - In Magazines<\/title>\n<meta name=\"robots\" content=\"index, follow, max-snippet:-1, max-image-preview:large, max-video-preview:-1\" \/>\n<link rel=\"canonical\" href=\"https:\/\/www.in-magazines.com\/magazine\/sommaire\/inmagazine-30\/chronoclim-servir-frais\/\" \/>\n<meta property=\"og:locale\" content=\"fr_FR\" \/>\n<meta property=\"og:type\" content=\"article\" \/>\n<meta property=\"og:title\" content=\"CHRONOCLIM : SERVIR FRAIS - In Magazines\" \/>\n<meta property=\"og:description\" content=\"&laquo;&nbsp;On s&rsquo;est un peu mari&eacute;s sans se conna&icirc;tre !&nbsp;&raquo; explique malicieusement Laurent Barreyre. D&eacute;sormais, ils sont trois associ&eacute;s pour d&eacute;velopper Chronoclim, l&rsquo;entreprise d&rsquo;installation, maintenance et d&eacute;pannage de syst&egrave;mes de climatisation fond&eacute;e il y a 10 ans par Micka&euml;l Giraud et Eric Depetris. Rejoints par Laurent il y a un an, ils forment aujourd&rsquo;hui une &eacute;quipe&hellip; Poursuivre la lecture CHRONOCLIM : SERVIR FRAIS\" \/>\n<meta property=\"og:url\" content=\"https:\/\/www.in-magazines.com\/magazine\/sommaire\/inmagazine-30\/chronoclim-servir-frais\/\" \/>\n<meta property=\"og:site_name\" content=\"In Magazines\" \/>\n<meta property=\"article:published_time\" content=\"2022-12-07T06:15:00+00:00\" \/>\n<meta property=\"article:modified_time\" content=\"2022-12-06T11:28:28+00:00\" \/>\n<meta property=\"og:image\" content=\"https:\/\/www.in-magazines.com\/magazine\/wp-content\/uploads\/2022\/12\/CHRONOCLIM-Laurent-Barreyre-Eric-Depetris-Mickael-Giraud_2.jpg\" \/>\n\t<meta property=\"og:image:width\" content=\"716\" \/>\n\t<meta property=\"og:image:height\" content=\"482\" \/>\n<meta name=\"twitter:label1\" content=\"Dur\u00e9e de lecture est.\">\n\t<meta name=\"twitter:data1\" content=\"2 minutes\">\n<script type=\"application\/ld+json\" class=\"yoast-schema-graph\">{\"@context\":\"https:\/\/schema.org\",\"@graph\":[{\"@type\":\"WebSite\",\"@id\":\"https:\/\/www.in-magazines.com\/magazine\/#website\",\"url\":\"https:\/\/www.in-magazines.com\/magazine\/\",\"name\":\"In Magazines\",\"description\":\"\",\"potentialAction\":[{\"@type\":\"SearchAction\",\"target\":\"https:\/\/www.in-magazines.com\/magazine\/?s={search_term_string}\",\"query-input\":\"required name=search_term_string\"}],\"inLanguage\":\"fr-FR\"},{\"@type\":\"ImageObject\",\"@id\":\"https:\/\/www.in-magazines.com\/magazine\/sommaire\/inmagazine-30\/chronoclim-servir-frais\/#primaryimage\",\"inLanguage\":\"fr-FR\",\"url\":\"https:\/\/www.in-magazines.com\/magazine\/wp-content\/uploads\/2022\/12\/CHRONOCLIM-Laurent-Barreyre-Eric-Depetris-Mickael-Giraud_2.jpg\",\"contentUrl\":\"https:\/\/www.in-magazines.com\/magazine\/wp-content\/uploads\/2022\/12\/CHRONOCLIM-Laurent-Barreyre-Eric-Depetris-Mickael-Giraud_2.jpg\",\"width\":716,\"height\":482},{\"@type\":\"WebPage\",\"@id\":\"https:\/\/www.in-magazines.com\/magazine\/sommaire\/inmagazine-30\/chronoclim-servir-frais\/#webpage\",\"url\":\"https:\/\/www.in-magazines.com\/magazine\/sommaire\/inmagazine-30\/chronoclim-servir-frais\/\",\"name\":\"CHRONOCLIM : SERVIR FRAIS - In Magazines\",\"isPartOf\":{\"@id\":\"https:\/\/www.in-magazines.com\/magazine\/#website\"},\"primaryImageOfPage\":{\"@id\":\"https:\/\/www.in-magazines.com\/magazine\/sommaire\/inmagazine-30\/chronoclim-servir-frais\/#primaryimage\"},\"datePublished\":\"2022-12-07T06:15:00+00:00\",\"dateModified\":\"2022-12-06T11:28:28+00:00\",\"author\":{\"@id\":\"https:\/\/www.in-magazines.com\/magazine\/#\/schema\/person\/c27e7dabb9a1ef380814bdd5636d07e3\"},\"breadcrumb\":{\"@id\":\"https:\/\/www.in-magazines.com\/magazine\/sommaire\/inmagazine-30\/chronoclim-servir-frais\/#breadcrumb\"},\"inLanguage\":\"fr-FR\",\"potentialAction\":[{\"@type\":\"ReadAction\",\"target\":[\"https:\/\/www.in-magazines.com\/magazine\/sommaire\/inmagazine-30\/chronoclim-servir-frais\/\"]}]},{\"@type\":\"BreadcrumbList\",\"@id\":\"https:\/\/www.in-magazines.com\/magazine\/sommaire\/inmagazine-30\/chronoclim-servir-frais\/#breadcrumb\",\"itemListElement\":[{\"@type\":\"ListItem\",\"position\":1,\"item\":{\"@id\":\"https:\/\/www.in-magazines.com\/magazine\/sommaire\/inmagazine-30\/chronoclim-servir-frais\/#webpage\"}}]},{\"@type\":\"Person\",\"@id\":\"https:\/\/www.in-magazines.com\/magazine\/#\/schema\/person\/c27e7dabb9a1ef380814bdd5636d07e3\",\"name\":\"backinmag\",\"image\":{\"@type\":\"ImageObject\",\"@id\":\"https:\/\/www.in-magazines.com\/magazine\/#personlogo\",\"inLanguage\":\"fr-FR\",\"url\":\"https:\/\/secure.gravatar.com\/avatar\/13a234bb19dc4fd04793d73c3472fbdb?s=96&d=mm&r=g\",\"contentUrl\":\"https:\/\/secure.gravatar.com\/avatar\/13a234bb19dc4fd04793d73c3472fbdb?s=96&d=mm&r=g\",\"caption\":\"backinmag\"},\"sameAs\":[\"http:\/\/www.in-magazines.com\/magazin\"]}]}<\/script>\n<!-- \/ Yoast SEO plugin. -->","_links":{"self":[{"href":"https:\/\/www.in-magazines.com\/magazine\/wp-json\/wp\/v2\/posts\/10077"}],"collection":[{"href":"https:\/\/www.in-magazines.com\/magazine\/wp-json\/wp\/v2\/posts"}],"about":[{"href":"https:\/\/www.in-magazines.com\/magazine\/wp-json\/wp\/v2\/types\/post"}],"author":[{"embeddable":true,"href":"https:\/\/www.in-magazines.com\/magazine\/wp-json\/wp\/v2\/users\/1"}],"replies":[{"embeddable":true,"href":"https:\/\/www.in-magazines.com\/magazine\/wp-json\/wp\/v2\/comments?post=10077"}],"version-history":[{"count":8,"href":"https:\/\/www.in-magazines.com\/magazine\/wp-json\/wp\/v2\/posts\/10077\/revisions"}],"predecessor-version":[{"id":10088,"href":"https:\/\/www.in-magazines.com\/magazine\/wp-json\/wp\/v2\/posts\/10077\/revisions\/10088"}],"wp:featuredmedia":[{"embeddable":true,"href":"https:\/\/www.in-magazines.com\/magazine\/wp-json\/wp\/v2\/media\/10084"}],"wp:attachment":[{"href":"https:\/\/www.in-magazines.com\/magazine\/wp-json\/wp\/v2\/media?parent=10077"}],"wp:term":[{"taxonomy":"category","embeddable":true,"href":"https:\/\/www.in-magazines.com\/magazine\/wp-json\/wp\/v2\/categories?post=10077"},{"taxonomy":"post_tag","embeddable":true,"href":"https:\/\/www.in-magazines.com\/magazine\/wp-json\/wp\/v2\/tags?post=10077"}],"curies":[{"name":"wp","href":"https:\/\/api.w.org\/{rel}","templated":true}]}}