

{"id":10103,"date":"2022-12-07T06:11:00","date_gmt":"2022-12-07T06:11:00","guid":{"rendered":"https:\/\/www.in-magazines.com\/magazine\/?p=10103"},"modified":"2022-12-07T05:06:17","modified_gmt":"2022-12-07T05:06:17","slug":"jean-leonetti-lentrepreneur-de-demain-visionnaire-et-reactif","status":"publish","type":"post","link":"https:\/\/www.in-magazines.com\/magazine\/sommaire\/inmagazine-30\/jean-leonetti-lentrepreneur-de-demain-visionnaire-et-reactif\/","title":{"rendered":"JEAN LEONETTI : L\u2019entrepreneur de demain, VISIONNAIRE ET R\u00c9ACTIF"},"content":{"rendered":"\n<p>Pr\u00e9sident de la Communaut\u00e9 d\u2019Agglom\u00e9ration Sophia Antipolis, Jean Leonetti revient sur son attachement aux entreprises et sur les succ\u00e8s de la CASA qui f\u00eate cette ann\u00e9e ses 20 ans.<\/p>\n\n\n\n<h2 class=\"wp-block-heading\">La CASA a 20 ans\u2026 Qu\u2019a-t-elle mis en place pour les entreprises du territoire ?<\/h2>\n\n\n\n<p>Nous nous sommes pos\u00e9 la question&nbsp;: qu\u2019est-ce que cela a chang\u00e9&nbsp;? Le premier changement \u00e9tait institutionnel. Jusqu\u2019\u00e0 la mise en place de la communaut\u00e9 d\u2019agglom\u00e9ration, le reproche que l\u2019on nous faisait \u00e9tait que Sophia n\u2019\u00e9tait pas structur\u00e9e, pas visible et l\u2019on nous parlait sans cesse de \u00ab relancer Sophia \u00bb, cela devenait obsessionnel !<\/p>\n\n\n\n<p>Une strat\u00e9gie d\u2019organisation territoriale, une gouvernance ont donc \u00e9merg\u00e9, avec des temps forts : la construction du Business P\u00f4le et du Campus SophiaTech, dans les ann\u00e9es 2010. Cette vision spatiale s\u2019est associ\u00e9e \u00e0 une vision prospective pour toute la communaut\u00e9&nbsp;: entreprises, recherche, Universit\u00e9, ce qui a conduit quelques ann\u00e9es plus tard \u00e0 l\u2019obtention des labels IdEx, French Tech et 3IA. La CASA a structur\u00e9, donn\u00e9 une perspective et favoris\u00e9 cette fertilisation crois\u00e9e en finan\u00e7ant de mani\u00e8re notable les infrastructures. Et tout ceci a amen\u00e9 \u00e0 une reprise de confiance des entreprises.<\/p>\n\n\n\n<h2 class=\"wp-block-heading\">Si vous aviez dirig\u00e9 une entreprise priv\u00e9e, quel domaine d\u2019activit\u00e9 aurait eu votre pr\u00e9f\u00e9rence ?<\/h2>\n\n\n\n<p>D\u00e8s 1978, j\u2019ai dirig\u00e9 un service de cardiologie, puis l\u2019h\u00f4pital d\u2019Antibes. Jeune chef de service, je g\u00e9rais de mani\u00e8re un peu moins acad\u00e9mique que ce qui se faisait auparavant, en fusionnant d\u00e9j\u00e0 le public et le priv\u00e9 : mes collaborateurs s\u2019installaient en ville tout en continuant de travailler \u00e0 l\u2019h\u00f4pital. Nous avons cr\u00e9\u00e9 un mod\u00e8le qui fonctionne, avec d\u00e9j\u00e0, une strat\u00e9gie. Je ne voulais pas de l\u2019opposition public priv\u00e9 et je crois que j\u2019avais d\u00e9j\u00e0 l\u2019image d\u2019un \u00ab sage conciliateur \u00bb !<\/p>\n\n\n<a href=\"#\" class=\"_3d-flip-book  fb3d-link-lightbox-mode\" data-id=\"9835\" data-mode=\"link-lightbox\" data-title=\"false\" data-template=\"short-white-book-view\" data-lightbox=\"dark\" data-urlparam=\"fb3d-page\" data-page-n=\"0\" data-pdf=\"\" data-tax=\"null\" data-thumbnail=\"\" data-cols=\"3\" data-query=\"\"><img decoding=\"async\" src=\"http:\/\/www.in-magazines.com\/magazine\/wp-content\/uploads\/2021\/05\/btn.jpg\"><\/a>\n","protected":false},"excerpt":{"rendered":"<p>Pr&eacute;sident de la Communaut&eacute; d&rsquo;Agglom&eacute;ration Sophia Antipolis, Jean Leonetti revient sur son attachement aux entreprises et sur les succ&egrave;s de la CASA qui f&ecirc;te cette ann&eacute;e ses 20 ans. La CASA a 20 ans&hellip; Qu&rsquo;a-t-elle mis en place pour les entreprises du territoire ? Nous nous sommes pos&eacute; la question&nbsp;: qu&rsquo;est-ce que cela a chang&eacute;&nbsp;?&hellip; <a class=\"more-link\" href=\"https:\/\/www.in-magazines.com\/magazine\/sommaire\/inmagazine-30\/jean-leonetti-lentrepreneur-de-demain-visionnaire-et-reactif\/\">Poursuivre la lecture <span class=\"screen-reader-text\">JEAN LEONETTI : L\u2019entrepreneur de demain, VISIONNAIRE ET R\u00c9ACTIF<\/span><\/a><\/p>\n","protected":false},"author":1,"featured_media":10106,"comment_status":"open","ping_status":"open","sticky":false,"template":"","format":"standard","meta":{"footnotes":""},"categories":[1834,1697],"tags":[1097,1930,1931],"yoast_head":"<!-- This site is optimized with the Yoast SEO plugin v16.2 - https:\/\/yoast.com\/wordpress\/plugins\/seo\/ -->\n<title>JEAN LEONETTI : L\u2019entrepreneur de demain, VISIONNAIRE ET R\u00c9ACTIF - In Magazines<\/title>\n<meta name=\"robots\" content=\"index, follow, max-snippet:-1, max-image-preview:large, max-video-preview:-1\" \/>\n<link rel=\"canonical\" href=\"https:\/\/www.in-magazines.com\/magazine\/sommaire\/inmagazine-30\/jean-leonetti-lentrepreneur-de-demain-visionnaire-et-reactif\/\" \/>\n<meta property=\"og:locale\" content=\"fr_FR\" \/>\n<meta property=\"og:type\" content=\"article\" \/>\n<meta property=\"og:title\" content=\"JEAN LEONETTI : L\u2019entrepreneur de demain, VISIONNAIRE ET R\u00c9ACTIF - In Magazines\" \/>\n<meta property=\"og:description\" content=\"Pr&eacute;sident de la Communaut&eacute; d&rsquo;Agglom&eacute;ration Sophia Antipolis, Jean Leonetti revient sur son attachement aux entreprises et sur les succ&egrave;s de la CASA qui f&ecirc;te cette ann&eacute;e ses 20 ans. La CASA a 20 ans&hellip; Qu&rsquo;a-t-elle mis en place pour les entreprises du territoire ? Nous nous sommes pos&eacute; la question&nbsp;: qu&rsquo;est-ce que cela a chang&eacute;&nbsp;?&hellip; Poursuivre la lecture JEAN LEONETTI : L\u2019entrepreneur de demain, VISIONNAIRE ET R\u00c9ACTIF\" \/>\n<meta property=\"og:url\" content=\"https:\/\/www.in-magazines.com\/magazine\/sommaire\/inmagazine-30\/jean-leonetti-lentrepreneur-de-demain-visionnaire-et-reactif\/\" \/>\n<meta property=\"og:site_name\" content=\"In Magazines\" \/>\n<meta property=\"article:published_time\" content=\"2022-12-07T06:11:00+00:00\" \/>\n<meta property=\"article:modified_time\" content=\"2022-12-07T05:06:17+00:00\" \/>\n<meta property=\"og:image\" content=\"https:\/\/www.in-magazines.com\/magazine\/wp-content\/uploads\/2022\/12\/COMMUNAUTE-D-AGGLOMERATION-SOPHIA-ANTIPOLIS-Jean-Leonetti_page-0001.jpg\" \/>\n\t<meta property=\"og:image:width\" content=\"750\" \/>\n\t<meta property=\"og:image:height\" content=\"711\" \/>\n<meta name=\"twitter:label1\" content=\"Dur\u00e9e de lecture est.\">\n\t<meta name=\"twitter:data1\" content=\"2 minutes\">\n<script type=\"application\/ld+json\" class=\"yoast-schema-graph\">{\"@context\":\"https:\/\/schema.org\",\"@graph\":[{\"@type\":\"WebSite\",\"@id\":\"https:\/\/www.in-magazines.com\/magazine\/#website\",\"url\":\"https:\/\/www.in-magazines.com\/magazine\/\",\"name\":\"In Magazines\",\"description\":\"\",\"potentialAction\":[{\"@type\":\"SearchAction\",\"target\":\"https:\/\/www.in-magazines.com\/magazine\/?s={search_term_string}\",\"query-input\":\"required name=search_term_string\"}],\"inLanguage\":\"fr-FR\"},{\"@type\":\"ImageObject\",\"@id\":\"https:\/\/www.in-magazines.com\/magazine\/sommaire\/inmagazine-30\/jean-leonetti-lentrepreneur-de-demain-visionnaire-et-reactif\/#primaryimage\",\"inLanguage\":\"fr-FR\",\"url\":\"https:\/\/www.in-magazines.com\/magazine\/wp-content\/uploads\/2022\/12\/COMMUNAUTE-D-AGGLOMERATION-SOPHIA-ANTIPOLIS-Jean-Leonetti_page-0001.jpg\",\"contentUrl\":\"https:\/\/www.in-magazines.com\/magazine\/wp-content\/uploads\/2022\/12\/COMMUNAUTE-D-AGGLOMERATION-SOPHIA-ANTIPOLIS-Jean-Leonetti_page-0001.jpg\",\"width\":750,\"height\":711},{\"@type\":\"WebPage\",\"@id\":\"https:\/\/www.in-magazines.com\/magazine\/sommaire\/inmagazine-30\/jean-leonetti-lentrepreneur-de-demain-visionnaire-et-reactif\/#webpage\",\"url\":\"https:\/\/www.in-magazines.com\/magazine\/sommaire\/inmagazine-30\/jean-leonetti-lentrepreneur-de-demain-visionnaire-et-reactif\/\",\"name\":\"JEAN LEONETTI : L\\u2019entrepreneur de demain, VISIONNAIRE ET R\\u00c9ACTIF - In Magazines\",\"isPartOf\":{\"@id\":\"https:\/\/www.in-magazines.com\/magazine\/#website\"},\"primaryImageOfPage\":{\"@id\":\"https:\/\/www.in-magazines.com\/magazine\/sommaire\/inmagazine-30\/jean-leonetti-lentrepreneur-de-demain-visionnaire-et-reactif\/#primaryimage\"},\"datePublished\":\"2022-12-07T06:11:00+00:00\",\"dateModified\":\"2022-12-07T05:06:17+00:00\",\"author\":{\"@id\":\"https:\/\/www.in-magazines.com\/magazine\/#\/schema\/person\/c27e7dabb9a1ef380814bdd5636d07e3\"},\"breadcrumb\":{\"@id\":\"https:\/\/www.in-magazines.com\/magazine\/sommaire\/inmagazine-30\/jean-leonetti-lentrepreneur-de-demain-visionnaire-et-reactif\/#breadcrumb\"},\"inLanguage\":\"fr-FR\",\"potentialAction\":[{\"@type\":\"ReadAction\",\"target\":[\"https:\/\/www.in-magazines.com\/magazine\/sommaire\/inmagazine-30\/jean-leonetti-lentrepreneur-de-demain-visionnaire-et-reactif\/\"]}]},{\"@type\":\"BreadcrumbList\",\"@id\":\"https:\/\/www.in-magazines.com\/magazine\/sommaire\/inmagazine-30\/jean-leonetti-lentrepreneur-de-demain-visionnaire-et-reactif\/#breadcrumb\",\"itemListElement\":[{\"@type\":\"ListItem\",\"position\":1,\"item\":{\"@id\":\"https:\/\/www.in-magazines.com\/magazine\/sommaire\/inmagazine-30\/jean-leonetti-lentrepreneur-de-demain-visionnaire-et-reactif\/#webpage\"}}]},{\"@type\":\"Person\",\"@id\":\"https:\/\/www.in-magazines.com\/magazine\/#\/schema\/person\/c27e7dabb9a1ef380814bdd5636d07e3\",\"name\":\"backinmag\",\"image\":{\"@type\":\"ImageObject\",\"@id\":\"https:\/\/www.in-magazines.com\/magazine\/#personlogo\",\"inLanguage\":\"fr-FR\",\"url\":\"https:\/\/secure.gravatar.com\/avatar\/13a234bb19dc4fd04793d73c3472fbdb?s=96&d=mm&r=g\",\"contentUrl\":\"https:\/\/secure.gravatar.com\/avatar\/13a234bb19dc4fd04793d73c3472fbdb?s=96&d=mm&r=g\",\"caption\":\"backinmag\"},\"sameAs\":[\"http:\/\/www.in-magazines.com\/magazin\"]}]}<\/script>\n<!-- \/ Yoast SEO plugin. -->","_links":{"self":[{"href":"https:\/\/www.in-magazines.com\/magazine\/wp-json\/wp\/v2\/posts\/10103"}],"collection":[{"href":"https:\/\/www.in-magazines.com\/magazine\/wp-json\/wp\/v2\/posts"}],"about":[{"href":"https:\/\/www.in-magazines.com\/magazine\/wp-json\/wp\/v2\/types\/post"}],"author":[{"embeddable":true,"href":"https:\/\/www.in-magazines.com\/magazine\/wp-json\/wp\/v2\/users\/1"}],"replies":[{"embeddable":true,"href":"https:\/\/www.in-magazines.com\/magazine\/wp-json\/wp\/v2\/comments?post=10103"}],"version-history":[{"count":4,"href":"https:\/\/www.in-magazines.com\/magazine\/wp-json\/wp\/v2\/posts\/10103\/revisions"}],"predecessor-version":[{"id":10108,"href":"https:\/\/www.in-magazines.com\/magazine\/wp-json\/wp\/v2\/posts\/10103\/revisions\/10108"}],"wp:featuredmedia":[{"embeddable":true,"href":"https:\/\/www.in-magazines.com\/magazine\/wp-json\/wp\/v2\/media\/10106"}],"wp:attachment":[{"href":"https:\/\/www.in-magazines.com\/magazine\/wp-json\/wp\/v2\/media?parent=10103"}],"wp:term":[{"taxonomy":"category","embeddable":true,"href":"https:\/\/www.in-magazines.com\/magazine\/wp-json\/wp\/v2\/categories?post=10103"},{"taxonomy":"post_tag","embeddable":true,"href":"https:\/\/www.in-magazines.com\/magazine\/wp-json\/wp\/v2\/tags?post=10103"}],"curies":[{"name":"wp","href":"https:\/\/api.w.org\/{rel}","templated":true}]}}