

{"id":10109,"date":"2022-12-07T06:10:00","date_gmt":"2022-12-07T06:10:00","guid":{"rendered":"https:\/\/www.in-magazines.com\/magazine\/?p=10109"},"modified":"2022-12-06T11:53:17","modified_gmt":"2022-12-06T11:53:17","slug":"var-tourisme-guillaume-decard-bienvenue-dans-le-var","status":"publish","type":"post","link":"https:\/\/www.in-magazines.com\/magazine\/sommaire\/inmagazine-30\/var-tourisme-guillaume-decard-bienvenue-dans-le-var\/","title":{"rendered":"VAR TOURISME &#8211; GUILLAUME DECARD : Bienvenue DANS LE VAR !"},"content":{"rendered":"\n<p>Rencontre avec Guillaume Decard, vice-pr\u00e9sident du d\u00e9partement du Var en charge du tourisme et pr\u00e9sident de l\u2019agence de d\u00e9veloppement touristique (ADT) Var Tourisme, bras arm\u00e9 de ce secteur d\u2019activit\u00e9 incontournable, pourvoyeur de pr\u00e8s de 30.000 emplois directs dans le 83.<\/p>\n\n\n\n<h2 class=\"wp-block-heading\">Quel est votre parcours ?<\/h2>\n\n\n\n<p>Je suis n\u00e9 \u00e0 Saint-Rapha\u00ebl il y a 40 ans. J\u2019ai \u00e9t\u00e9 \u00e9lu en 2008 Conseiller municipal de Saint-Rapha\u00ebl et suis devenu en 2011 adjoint en charge des affaires culturelles et de la jeunesse. Je suis \u00e9galement vice-pr\u00e9sident d\u2019Esterel C\u00f4te d\u2019Azur Agglom\u00e9ration d\u00e9l\u00e9gu\u00e9 \u00e0 l\u2019agriculture, et vice-pr\u00e9sident du Conseil D\u00e9partemental en charge du Tourisme. Depuis fin 2020, je pr\u00e9side Var Tourisme, l\u2019Agence de d\u00e9veloppement touristique.<\/p>\n\n\n\n<h2 class=\"wp-block-heading\">A quand remonte votre engagement politique ?<\/h2>\n\n\n\n<p>En 1998, \u00e0 l\u2019\u00e2ge de 16 ans, je m\u2019\u00e9tais engag\u00e9 au RPR. Issu d\u2019une famille gaulliste, dont plusieurs membres \u00e9taient \u00e9lus, je nourrissais d\u00e9j\u00e0 \u00e0 l\u2019\u00e9poque une vraie passion pour l\u2019histoire et le personnage du G\u00e9n\u00e9ral de Gaulle me fascinait\u2026<\/p>\n\n\n\n<h2 class=\"wp-block-heading\">En quoi l\u2019action de Var Tourisme promeut une \u00e9conomie touristique p\u00e9renne dans le d\u00e9partement ?<\/h2>\n\n\n\n<p>Le Tourisme est un r\u00e9el levier \u00e9conomique et il y a une prise de conscience de la n\u00e9cessit\u00e9 de le structurer. Le tourisme c\u2019est \u00e9galement avant tout l\u2019attractivit\u00e9 de nos territoires. Ce n\u2019est pas que l\u2019image de la paire de tongs, la boule de glace et le maillot de bain ! Avec 4 milliards d\u2019euros de retomb\u00e9es sur l\u2019\u00e9conomie varoise et 72 Millions de nuit\u00e9es en 2022, il repr\u00e9sente un peu plus de 30.000 emplois directs et c\u2019est autant d\u2019argent r\u00e9inject\u00e9 dans l\u2019\u00e9conomie varoise. Pour le d\u00e9velopper et le structurer encore, nous avons identifi\u00e9 plusieurs fili\u00e8res \u00e0 valoriser.<\/p>\n\n\n\n<h2 class=\"wp-block-heading\">Quelles sont-elles et que faites-vous pour les mettre en avant ?<\/h2>\n\n\n\n<p>Nous avons tout d\u2019abord travaill\u00e9 sur l\u2019oenotourisme, en lien avec le Comit\u00e9 Interprofessionnel des Vins de Provence et les vins de Bandol car notre d\u00e9partement est le premier producteur mondial de vin Ros\u00e9.<\/p>\n\n\n<a href=\"#\" class=\"_3d-flip-book  fb3d-link-lightbox-mode\" data-id=\"9836\" data-mode=\"link-lightbox\" data-title=\"false\" data-template=\"short-white-book-view\" data-lightbox=\"dark\" data-urlparam=\"fb3d-page\" data-page-n=\"0\" data-pdf=\"\" data-tax=\"null\" data-thumbnail=\"\" data-cols=\"3\" data-query=\"\"><img decoding=\"async\" src=\"http:\/\/www.in-magazines.com\/magazine\/wp-content\/uploads\/2021\/05\/btn.jpg\"><\/a>\n","protected":false},"excerpt":{"rendered":"<p>Rencontre avec Guillaume Decard, vice-pr&eacute;sident du d&eacute;partement du Var en charge du tourisme et pr&eacute;sident de l&rsquo;agence de d&eacute;veloppement touristique (ADT) Var Tourisme, bras arm&eacute; de ce secteur d&rsquo;activit&eacute; incontournable, pourvoyeur de pr&egrave;s de 30.000 emplois directs dans le 83. Quel est votre parcours ? Je suis n&eacute; &agrave; Saint-Rapha&euml;l il y a 40 ans.&hellip; <a class=\"more-link\" href=\"https:\/\/www.in-magazines.com\/magazine\/sommaire\/inmagazine-30\/var-tourisme-guillaume-decard-bienvenue-dans-le-var\/\">Poursuivre la lecture <span class=\"screen-reader-text\">VAR TOURISME &#8211; GUILLAUME DECARD : Bienvenue DANS LE VAR !<\/span><\/a><\/p>\n","protected":false},"author":1,"featured_media":10110,"comment_status":"open","ping_status":"open","sticky":false,"template":"","format":"standard","meta":{"footnotes":""},"categories":[1834,1697],"tags":[1900,1901],"yoast_head":"<!-- This site is optimized with the Yoast SEO plugin v16.2 - https:\/\/yoast.com\/wordpress\/plugins\/seo\/ -->\n<title>VAR TOURISME - GUILLAUME DECARD : Bienvenue DANS LE VAR ! - In Magazines<\/title>\n<meta name=\"robots\" content=\"index, follow, max-snippet:-1, max-image-preview:large, max-video-preview:-1\" \/>\n<link rel=\"canonical\" href=\"https:\/\/www.in-magazines.com\/magazine\/sommaire\/inmagazine-30\/var-tourisme-guillaume-decard-bienvenue-dans-le-var\/\" \/>\n<meta property=\"og:locale\" content=\"fr_FR\" \/>\n<meta property=\"og:type\" content=\"article\" \/>\n<meta property=\"og:title\" content=\"VAR TOURISME - GUILLAUME DECARD : Bienvenue DANS LE VAR ! - In Magazines\" \/>\n<meta property=\"og:description\" content=\"Rencontre avec Guillaume Decard, vice-pr&eacute;sident du d&eacute;partement du Var en charge du tourisme et pr&eacute;sident de l&rsquo;agence de d&eacute;veloppement touristique (ADT) Var Tourisme, bras arm&eacute; de ce secteur d&rsquo;activit&eacute; incontournable, pourvoyeur de pr&egrave;s de 30.000 emplois directs dans le 83. Quel est votre parcours ? Je suis n&eacute; &agrave; Saint-Rapha&euml;l il y a 40 ans.&hellip; Poursuivre la lecture VAR TOURISME &#8211; GUILLAUME DECARD : Bienvenue DANS LE VAR !\" \/>\n<meta property=\"og:url\" content=\"https:\/\/www.in-magazines.com\/magazine\/sommaire\/inmagazine-30\/var-tourisme-guillaume-decard-bienvenue-dans-le-var\/\" \/>\n<meta property=\"og:site_name\" content=\"In Magazines\" \/>\n<meta property=\"article:published_time\" content=\"2022-12-07T06:10:00+00:00\" \/>\n<meta property=\"article:modified_time\" content=\"2022-12-06T11:53:17+00:00\" \/>\n<meta property=\"og:image\" content=\"https:\/\/www.in-magazines.com\/magazine\/wp-content\/uploads\/2022\/12\/VAR-TOURISME-Guillaume-Decard.jpg\" \/>\n\t<meta property=\"og:image:width\" content=\"704\" \/>\n\t<meta property=\"og:image:height\" content=\"750\" \/>\n<meta name=\"twitter:label1\" content=\"Dur\u00e9e de lecture est.\">\n\t<meta name=\"twitter:data1\" content=\"2 minutes\">\n<script type=\"application\/ld+json\" class=\"yoast-schema-graph\">{\"@context\":\"https:\/\/schema.org\",\"@graph\":[{\"@type\":\"WebSite\",\"@id\":\"https:\/\/www.in-magazines.com\/magazine\/#website\",\"url\":\"https:\/\/www.in-magazines.com\/magazine\/\",\"name\":\"In Magazines\",\"description\":\"\",\"potentialAction\":[{\"@type\":\"SearchAction\",\"target\":\"https:\/\/www.in-magazines.com\/magazine\/?s={search_term_string}\",\"query-input\":\"required name=search_term_string\"}],\"inLanguage\":\"fr-FR\"},{\"@type\":\"ImageObject\",\"@id\":\"https:\/\/www.in-magazines.com\/magazine\/sommaire\/inmagazine-30\/var-tourisme-guillaume-decard-bienvenue-dans-le-var\/#primaryimage\",\"inLanguage\":\"fr-FR\",\"url\":\"https:\/\/www.in-magazines.com\/magazine\/wp-content\/uploads\/2022\/12\/VAR-TOURISME-Guillaume-Decard.jpg\",\"contentUrl\":\"https:\/\/www.in-magazines.com\/magazine\/wp-content\/uploads\/2022\/12\/VAR-TOURISME-Guillaume-Decard.jpg\",\"width\":704,\"height\":750},{\"@type\":\"WebPage\",\"@id\":\"https:\/\/www.in-magazines.com\/magazine\/sommaire\/inmagazine-30\/var-tourisme-guillaume-decard-bienvenue-dans-le-var\/#webpage\",\"url\":\"https:\/\/www.in-magazines.com\/magazine\/sommaire\/inmagazine-30\/var-tourisme-guillaume-decard-bienvenue-dans-le-var\/\",\"name\":\"VAR TOURISME - GUILLAUME DECARD : Bienvenue DANS LE VAR ! - In Magazines\",\"isPartOf\":{\"@id\":\"https:\/\/www.in-magazines.com\/magazine\/#website\"},\"primaryImageOfPage\":{\"@id\":\"https:\/\/www.in-magazines.com\/magazine\/sommaire\/inmagazine-30\/var-tourisme-guillaume-decard-bienvenue-dans-le-var\/#primaryimage\"},\"datePublished\":\"2022-12-07T06:10:00+00:00\",\"dateModified\":\"2022-12-06T11:53:17+00:00\",\"author\":{\"@id\":\"https:\/\/www.in-magazines.com\/magazine\/#\/schema\/person\/c27e7dabb9a1ef380814bdd5636d07e3\"},\"breadcrumb\":{\"@id\":\"https:\/\/www.in-magazines.com\/magazine\/sommaire\/inmagazine-30\/var-tourisme-guillaume-decard-bienvenue-dans-le-var\/#breadcrumb\"},\"inLanguage\":\"fr-FR\",\"potentialAction\":[{\"@type\":\"ReadAction\",\"target\":[\"https:\/\/www.in-magazines.com\/magazine\/sommaire\/inmagazine-30\/var-tourisme-guillaume-decard-bienvenue-dans-le-var\/\"]}]},{\"@type\":\"BreadcrumbList\",\"@id\":\"https:\/\/www.in-magazines.com\/magazine\/sommaire\/inmagazine-30\/var-tourisme-guillaume-decard-bienvenue-dans-le-var\/#breadcrumb\",\"itemListElement\":[{\"@type\":\"ListItem\",\"position\":1,\"item\":{\"@id\":\"https:\/\/www.in-magazines.com\/magazine\/sommaire\/inmagazine-30\/var-tourisme-guillaume-decard-bienvenue-dans-le-var\/#webpage\"}}]},{\"@type\":\"Person\",\"@id\":\"https:\/\/www.in-magazines.com\/magazine\/#\/schema\/person\/c27e7dabb9a1ef380814bdd5636d07e3\",\"name\":\"backinmag\",\"image\":{\"@type\":\"ImageObject\",\"@id\":\"https:\/\/www.in-magazines.com\/magazine\/#personlogo\",\"inLanguage\":\"fr-FR\",\"url\":\"https:\/\/secure.gravatar.com\/avatar\/13a234bb19dc4fd04793d73c3472fbdb?s=96&d=mm&r=g\",\"contentUrl\":\"https:\/\/secure.gravatar.com\/avatar\/13a234bb19dc4fd04793d73c3472fbdb?s=96&d=mm&r=g\",\"caption\":\"backinmag\"},\"sameAs\":[\"http:\/\/www.in-magazines.com\/magazin\"]}]}<\/script>\n<!-- \/ Yoast SEO plugin. -->","_links":{"self":[{"href":"https:\/\/www.in-magazines.com\/magazine\/wp-json\/wp\/v2\/posts\/10109"}],"collection":[{"href":"https:\/\/www.in-magazines.com\/magazine\/wp-json\/wp\/v2\/posts"}],"about":[{"href":"https:\/\/www.in-magazines.com\/magazine\/wp-json\/wp\/v2\/types\/post"}],"author":[{"embeddable":true,"href":"https:\/\/www.in-magazines.com\/magazine\/wp-json\/wp\/v2\/users\/1"}],"replies":[{"embeddable":true,"href":"https:\/\/www.in-magazines.com\/magazine\/wp-json\/wp\/v2\/comments?post=10109"}],"version-history":[{"count":2,"href":"https:\/\/www.in-magazines.com\/magazine\/wp-json\/wp\/v2\/posts\/10109\/revisions"}],"predecessor-version":[{"id":10112,"href":"https:\/\/www.in-magazines.com\/magazine\/wp-json\/wp\/v2\/posts\/10109\/revisions\/10112"}],"wp:featuredmedia":[{"embeddable":true,"href":"https:\/\/www.in-magazines.com\/magazine\/wp-json\/wp\/v2\/media\/10110"}],"wp:attachment":[{"href":"https:\/\/www.in-magazines.com\/magazine\/wp-json\/wp\/v2\/media?parent=10109"}],"wp:term":[{"taxonomy":"category","embeddable":true,"href":"https:\/\/www.in-magazines.com\/magazine\/wp-json\/wp\/v2\/categories?post=10109"},{"taxonomy":"post_tag","embeddable":true,"href":"https:\/\/www.in-magazines.com\/magazine\/wp-json\/wp\/v2\/tags?post=10109"}],"curies":[{"name":"wp","href":"https:\/\/api.w.org\/{rel}","templated":true}]}}