

{"id":10113,"date":"2022-12-07T06:09:00","date_gmt":"2022-12-07T06:09:00","guid":{"rendered":"https:\/\/www.in-magazines.com\/magazine\/?p=10113"},"modified":"2022-12-06T11:57:08","modified_gmt":"2022-12-06T11:57:08","slug":"noel-a-antibes-et-juan-les-pins","status":"publish","type":"post","link":"https:\/\/www.in-magazines.com\/magazine\/sommaire\/inmagazine-30\/noel-a-antibes-et-juan-les-pins\/","title":{"rendered":"NO\u00cbL \u00e0 Antibes et Juan-les-Pins"},"content":{"rendered":"\n<p><strong>Du 10 d\u00e9cembre au 02 janvier, la ville d&rsquo;Antibes Juan-les-Pins s&rsquo;illumine avec des centaines de d\u00e9cors f\u00e9eriques en LED pour des f\u00eates de No\u00ebl magiques.<\/strong><\/p>\n\n\n\n<p>De nombreuses animations pour les enfants, des <strong>ateliers cr\u00e9atifs<\/strong>, une <strong>petite ferme p\u00e9dagogique<\/strong>, des spectacles vous seront propos\u00e9s dans le Village de No\u00ebl \u00e0 Antibes&#8230; sans oublier la traditionnelle arriv\u00e9e du P\u00e8re No\u00ebl en ski nautique\u00a0! L\u2019entr\u00e9e est libre et les animations gratuites.<\/p>\n\n\n\n<p>A Juan-les-Pins, \u00e9lancez-vous sur la <strong>grande patinoire<\/strong> en neige naturelle de 525 m\u00b2 dont 105 m\u00b2 sont r\u00e9serv\u00e9s aux tout-petits ! <strong>Le 16 d\u00e9cembre \u00e0 18 h 30 aura lieu le spectacle inaugural<\/strong>, \u00e0 la Pin\u00e8de Gould. \u00c0 l\u2019issue de l\u2019inauguration, la patinoire ouvrira jusqu\u2019\u00e0 21 h (derni\u00e8re entr\u00e9e \u00e0 20 h). Ouverture de 9 h 30 \u00e0 20 h et nocturnes jusqu\u2019\u00e0 21 h les vendredis et samedis. Gratuit jusqu\u2019\u00e0 10 ans et 3 \u20ac pour les plus de 10 ans &#8211; Port de gants obligatoire (non fournis).<\/p>\n\n\n<a href=\"#\" class=\"_3d-flip-book  fb3d-link-lightbox-mode\" data-id=\"9837\" data-mode=\"link-lightbox\" data-title=\"false\" data-template=\"short-white-book-view\" data-lightbox=\"dark\" data-urlparam=\"fb3d-page\" data-page-n=\"0\" data-pdf=\"\" data-tax=\"null\" data-thumbnail=\"\" data-cols=\"3\" data-query=\"\"><img decoding=\"async\" src=\"http:\/\/www.in-magazines.com\/magazine\/wp-content\/uploads\/2021\/05\/btn.jpg\"><\/a>\n","protected":false},"excerpt":{"rendered":"<p>Du 10 d&eacute;cembre au 02 janvier, la ville d&rsquo;Antibes Juan-les-Pins s&rsquo;illumine avec des centaines de d&eacute;cors f&eacute;eriques en LED pour des f&ecirc;tes de No&euml;l magiques. De nombreuses animations pour les enfants, des ateliers cr&eacute;atifs, une petite ferme p&eacute;dagogique, des spectacles vous seront propos&eacute;s dans le Village de No&euml;l &agrave; Antibes&hellip; sans oublier la traditionnelle arriv&eacute;e&hellip; <a class=\"more-link\" href=\"https:\/\/www.in-magazines.com\/magazine\/sommaire\/inmagazine-30\/noel-a-antibes-et-juan-les-pins\/\">Poursuivre la lecture <span class=\"screen-reader-text\">NO\u00cbL \u00e0 Antibes et Juan-les-Pins<\/span><\/a><\/p>\n","protected":false},"author":1,"featured_media":10114,"comment_status":"open","ping_status":"open","sticky":false,"template":"","format":"standard","meta":{"footnotes":""},"categories":[1834,1697],"tags":[1902,1903],"yoast_head":"<!-- This site is optimized with the Yoast SEO plugin v16.2 - https:\/\/yoast.com\/wordpress\/plugins\/seo\/ -->\n<title>NO\u00cbL \u00e0 Antibes et Juan-les-Pins - In Magazines<\/title>\n<meta name=\"robots\" content=\"index, follow, max-snippet:-1, max-image-preview:large, max-video-preview:-1\" \/>\n<link rel=\"canonical\" href=\"https:\/\/www.in-magazines.com\/magazine\/sommaire\/inmagazine-30\/noel-a-antibes-et-juan-les-pins\/\" \/>\n<meta property=\"og:locale\" content=\"fr_FR\" \/>\n<meta property=\"og:type\" content=\"article\" \/>\n<meta property=\"og:title\" content=\"NO\u00cbL \u00e0 Antibes et Juan-les-Pins - In Magazines\" \/>\n<meta property=\"og:description\" content=\"Du 10 d&eacute;cembre au 02 janvier, la ville d&rsquo;Antibes Juan-les-Pins s&rsquo;illumine avec des centaines de d&eacute;cors f&eacute;eriques en LED pour des f&ecirc;tes de No&euml;l magiques. De nombreuses animations pour les enfants, des ateliers cr&eacute;atifs, une petite ferme p&eacute;dagogique, des spectacles vous seront propos&eacute;s dans le Village de No&euml;l &agrave; Antibes&hellip; sans oublier la traditionnelle arriv&eacute;e&hellip; Poursuivre la lecture NO\u00cbL \u00e0 Antibes et Juan-les-Pins\" \/>\n<meta property=\"og:url\" content=\"https:\/\/www.in-magazines.com\/magazine\/sommaire\/inmagazine-30\/noel-a-antibes-et-juan-les-pins\/\" \/>\n<meta property=\"og:site_name\" content=\"In Magazines\" \/>\n<meta property=\"article:published_time\" content=\"2022-12-07T06:09:00+00:00\" \/>\n<meta property=\"article:modified_time\" content=\"2022-12-06T11:57:08+00:00\" \/>\n<meta property=\"og:image\" content=\"https:\/\/www.in-magazines.com\/magazine\/wp-content\/uploads\/2022\/12\/NOEL-a-Antibes-et-Juan-les-Pins.jpg\" \/>\n\t<meta property=\"og:image:width\" content=\"346\" \/>\n\t<meta property=\"og:image:height\" content=\"231\" \/>\n<meta name=\"twitter:label1\" content=\"Dur\u00e9e de lecture est.\">\n\t<meta name=\"twitter:data1\" content=\"1 minute\">\n<script type=\"application\/ld+json\" class=\"yoast-schema-graph\">{\"@context\":\"https:\/\/schema.org\",\"@graph\":[{\"@type\":\"WebSite\",\"@id\":\"https:\/\/www.in-magazines.com\/magazine\/#website\",\"url\":\"https:\/\/www.in-magazines.com\/magazine\/\",\"name\":\"In Magazines\",\"description\":\"\",\"potentialAction\":[{\"@type\":\"SearchAction\",\"target\":\"https:\/\/www.in-magazines.com\/magazine\/?s={search_term_string}\",\"query-input\":\"required name=search_term_string\"}],\"inLanguage\":\"fr-FR\"},{\"@type\":\"ImageObject\",\"@id\":\"https:\/\/www.in-magazines.com\/magazine\/sommaire\/inmagazine-30\/noel-a-antibes-et-juan-les-pins\/#primaryimage\",\"inLanguage\":\"fr-FR\",\"url\":\"https:\/\/www.in-magazines.com\/magazine\/wp-content\/uploads\/2022\/12\/NOEL-a-Antibes-et-Juan-les-Pins.jpg\",\"contentUrl\":\"https:\/\/www.in-magazines.com\/magazine\/wp-content\/uploads\/2022\/12\/NOEL-a-Antibes-et-Juan-les-Pins.jpg\",\"width\":346,\"height\":231},{\"@type\":\"WebPage\",\"@id\":\"https:\/\/www.in-magazines.com\/magazine\/sommaire\/inmagazine-30\/noel-a-antibes-et-juan-les-pins\/#webpage\",\"url\":\"https:\/\/www.in-magazines.com\/magazine\/sommaire\/inmagazine-30\/noel-a-antibes-et-juan-les-pins\/\",\"name\":\"NO\\u00cbL \\u00e0 Antibes et Juan-les-Pins - In Magazines\",\"isPartOf\":{\"@id\":\"https:\/\/www.in-magazines.com\/magazine\/#website\"},\"primaryImageOfPage\":{\"@id\":\"https:\/\/www.in-magazines.com\/magazine\/sommaire\/inmagazine-30\/noel-a-antibes-et-juan-les-pins\/#primaryimage\"},\"datePublished\":\"2022-12-07T06:09:00+00:00\",\"dateModified\":\"2022-12-06T11:57:08+00:00\",\"author\":{\"@id\":\"https:\/\/www.in-magazines.com\/magazine\/#\/schema\/person\/c27e7dabb9a1ef380814bdd5636d07e3\"},\"breadcrumb\":{\"@id\":\"https:\/\/www.in-magazines.com\/magazine\/sommaire\/inmagazine-30\/noel-a-antibes-et-juan-les-pins\/#breadcrumb\"},\"inLanguage\":\"fr-FR\",\"potentialAction\":[{\"@type\":\"ReadAction\",\"target\":[\"https:\/\/www.in-magazines.com\/magazine\/sommaire\/inmagazine-30\/noel-a-antibes-et-juan-les-pins\/\"]}]},{\"@type\":\"BreadcrumbList\",\"@id\":\"https:\/\/www.in-magazines.com\/magazine\/sommaire\/inmagazine-30\/noel-a-antibes-et-juan-les-pins\/#breadcrumb\",\"itemListElement\":[{\"@type\":\"ListItem\",\"position\":1,\"item\":{\"@id\":\"https:\/\/www.in-magazines.com\/magazine\/sommaire\/inmagazine-30\/noel-a-antibes-et-juan-les-pins\/#webpage\"}}]},{\"@type\":\"Person\",\"@id\":\"https:\/\/www.in-magazines.com\/magazine\/#\/schema\/person\/c27e7dabb9a1ef380814bdd5636d07e3\",\"name\":\"backinmag\",\"image\":{\"@type\":\"ImageObject\",\"@id\":\"https:\/\/www.in-magazines.com\/magazine\/#personlogo\",\"inLanguage\":\"fr-FR\",\"url\":\"https:\/\/secure.gravatar.com\/avatar\/13a234bb19dc4fd04793d73c3472fbdb?s=96&d=mm&r=g\",\"contentUrl\":\"https:\/\/secure.gravatar.com\/avatar\/13a234bb19dc4fd04793d73c3472fbdb?s=96&d=mm&r=g\",\"caption\":\"backinmag\"},\"sameAs\":[\"http:\/\/www.in-magazines.com\/magazin\"]}]}<\/script>\n<!-- \/ Yoast SEO plugin. -->","_links":{"self":[{"href":"https:\/\/www.in-magazines.com\/magazine\/wp-json\/wp\/v2\/posts\/10113"}],"collection":[{"href":"https:\/\/www.in-magazines.com\/magazine\/wp-json\/wp\/v2\/posts"}],"about":[{"href":"https:\/\/www.in-magazines.com\/magazine\/wp-json\/wp\/v2\/types\/post"}],"author":[{"embeddable":true,"href":"https:\/\/www.in-magazines.com\/magazine\/wp-json\/wp\/v2\/users\/1"}],"replies":[{"embeddable":true,"href":"https:\/\/www.in-magazines.com\/magazine\/wp-json\/wp\/v2\/comments?post=10113"}],"version-history":[{"count":2,"href":"https:\/\/www.in-magazines.com\/magazine\/wp-json\/wp\/v2\/posts\/10113\/revisions"}],"predecessor-version":[{"id":10116,"href":"https:\/\/www.in-magazines.com\/magazine\/wp-json\/wp\/v2\/posts\/10113\/revisions\/10116"}],"wp:featuredmedia":[{"embeddable":true,"href":"https:\/\/www.in-magazines.com\/magazine\/wp-json\/wp\/v2\/media\/10114"}],"wp:attachment":[{"href":"https:\/\/www.in-magazines.com\/magazine\/wp-json\/wp\/v2\/media?parent=10113"}],"wp:term":[{"taxonomy":"category","embeddable":true,"href":"https:\/\/www.in-magazines.com\/magazine\/wp-json\/wp\/v2\/categories?post=10113"},{"taxonomy":"post_tag","embeddable":true,"href":"https:\/\/www.in-magazines.com\/magazine\/wp-json\/wp\/v2\/tags?post=10113"}],"curies":[{"name":"wp","href":"https:\/\/api.w.org\/{rel}","templated":true}]}}