

{"id":10156,"date":"2022-12-07T06:00:00","date_gmt":"2022-12-07T06:00:00","guid":{"rendered":"https:\/\/www.in-magazines.com\/magazine\/?p=10156"},"modified":"2022-12-06T12:52:10","modified_gmt":"2022-12-06T12:52:10","slug":"dominique-peron-jessica-nadal-duo-en-beaute","status":"publish","type":"post","link":"https:\/\/www.in-magazines.com\/magazine\/sommaire\/inmagazine-30\/dominique-peron-jessica-nadal-duo-en-beaute\/","title":{"rendered":"DOMINIQUE PERON &amp; JESSICA NADAL : Duo en BEAUT\u00c9"},"content":{"rendered":"\n<p>Cela fait d\u00e9j\u00e0 plusieurs num\u00e9ros que nos reines de mises en beaut\u00e9, Jessica Nadal et Dominique Peron, maquillent et coiffent les nombreuses personnalit\u00e9s qui nous font l\u2019honneur de para\u00eetre dans IN Magazine. Une vocation passionn\u00e9e\u2026<\/p>\n\n\n\n<p>Pour Jessica et Dominique, la complicit\u00e9 et l\u2019habitude de travailler ensemble se voient facilit\u00e9es par la m\u00eame passion pour leur art et leur fa\u00e7on de le pratiquer en \u00e9quipe.<br>Au chapitre de l\u2019exp\u00e9rience, Dominique a pratiqu\u00e9 celle de la comp\u00e9tition, depuis ses plus jeunes ann\u00e9es, avec l\u2019immense cons\u00e9cration d\u2019avoir entrain\u00e9 l\u2019\u00e9quipe de France de coiffure pendant 8 ans ! La coiffure, elle s\u2019en est faite l\u2019ambassadrice, en la pratiquant un peu partout dans ses voyages autour du monde, aux Etats-Unis, \u00e0 Duba\u00ef ou en Russie\u2026 Une aventure internationale qui lui aura forg\u00e9 l\u2019ouverture d\u2019esprit n\u00e9cessaire pour intervenir aupr\u00e8s de tout public, en solo ou \u00e0 plusieurs sp\u00e9cialistes de la beaut\u00e9 capillaire.<br>Jessica, elle, le travail d\u2019\u00e9quipe, elle en a fait son m\u00e9tier, en cr\u00e9ant une coop\u00e9rative de professionnelles du maquillage et de la coiffure qui interviennent pour son agence Jess Make Up, sur des \u00e9v\u00e9nements aussi divers que des shootings, d\u00e9fi l\u00e9s de mode et shows, maquillage de com\u00e9diens (th\u00e9\u00e2tre, cin\u00e9ma) et plus g\u00e9n\u00e9ralement tout \u00e9v\u00e9nement artistique, sur la C\u00f4te d\u2019Azur et dans la capitale.<br>Avec pr\u00e8s de 200 maquilleurs et coiffeurs r\u00e9f\u00e9renc\u00e9s entre SaintTropez et Monaco, 350 mariages et d\u00e9j\u00e0 plus de 950 \u00e9v\u00e9nements assur\u00e9s depuis la cr\u00e9ation de Jess Make Up, l\u2019agence de Jessica a bonne mine\u2026 Une belle vocation pour nos deux sp\u00e9cialistes de l\u2019esth\u00e9tique qui travaillent en duo pour que chacune et chacun puisse donner le plus beau derri\u00e8re l\u2019objectif de Terence, d\u2019Ultima Studio.<\/p>\n\n\n<a href=\"#\" class=\"_3d-flip-book  fb3d-link-lightbox-mode\" data-id=\"9846\" data-mode=\"link-lightbox\" data-title=\"false\" data-template=\"short-white-book-view\" data-lightbox=\"dark\" data-urlparam=\"fb3d-page\" data-page-n=\"0\" data-pdf=\"\" data-tax=\"null\" data-thumbnail=\"\" data-cols=\"3\" data-query=\"\"><img decoding=\"async\" src=\"http:\/\/www.in-magazines.com\/magazine\/wp-content\/uploads\/2021\/05\/btn.jpg\"><\/a>\n","protected":false},"excerpt":{"rendered":"<p>Cela fait d&eacute;j&agrave; plusieurs num&eacute;ros que nos reines de mises en beaut&eacute;, Jessica Nadal et Dominique Peron, maquillent et coiffent les nombreuses personnalit&eacute;s qui nous font l&rsquo;honneur de para&icirc;tre dans IN Magazine. Une vocation passionn&eacute;e&hellip; Pour Jessica et Dominique, la complicit&eacute; et l&rsquo;habitude de travailler ensemble se voient facilit&eacute;es par la m&ecirc;me passion pour leur&hellip; <a class=\"more-link\" href=\"https:\/\/www.in-magazines.com\/magazine\/sommaire\/inmagazine-30\/dominique-peron-jessica-nadal-duo-en-beaute\/\">Poursuivre la lecture <span class=\"screen-reader-text\">DOMINIQUE PERON &amp; JESSICA NADAL : Duo en BEAUT\u00c9<\/span><\/a><\/p>\n","protected":false},"author":1,"featured_media":10157,"comment_status":"open","ping_status":"open","sticky":false,"template":"","format":"standard","meta":{"footnotes":""},"categories":[1834,1697],"tags":[1306,1918,1919],"yoast_head":"<!-- This site is optimized with the Yoast SEO plugin v16.2 - https:\/\/yoast.com\/wordpress\/plugins\/seo\/ -->\n<title>DOMINIQUE PERON &amp; JESSICA NADAL : Duo en BEAUT\u00c9 - In Magazines<\/title>\n<meta name=\"robots\" content=\"index, follow, max-snippet:-1, max-image-preview:large, max-video-preview:-1\" \/>\n<link rel=\"canonical\" href=\"https:\/\/www.in-magazines.com\/magazine\/sommaire\/inmagazine-30\/dominique-peron-jessica-nadal-duo-en-beaute\/\" \/>\n<meta property=\"og:locale\" content=\"fr_FR\" \/>\n<meta property=\"og:type\" content=\"article\" \/>\n<meta property=\"og:title\" content=\"DOMINIQUE PERON &amp; JESSICA NADAL : Duo en BEAUT\u00c9 - In Magazines\" \/>\n<meta property=\"og:description\" content=\"Cela fait d&eacute;j&agrave; plusieurs num&eacute;ros que nos reines de mises en beaut&eacute;, Jessica Nadal et Dominique Peron, maquillent et coiffent les nombreuses personnalit&eacute;s qui nous font l&rsquo;honneur de para&icirc;tre dans IN Magazine. Une vocation passionn&eacute;e&hellip; Pour Jessica et Dominique, la complicit&eacute; et l&rsquo;habitude de travailler ensemble se voient facilit&eacute;es par la m&ecirc;me passion pour leur&hellip; Poursuivre la lecture DOMINIQUE PERON &amp; JESSICA NADAL : Duo en BEAUT\u00c9\" \/>\n<meta property=\"og:url\" content=\"https:\/\/www.in-magazines.com\/magazine\/sommaire\/inmagazine-30\/dominique-peron-jessica-nadal-duo-en-beaute\/\" \/>\n<meta property=\"og:site_name\" content=\"In Magazines\" \/>\n<meta property=\"article:published_time\" content=\"2022-12-07T06:00:00+00:00\" \/>\n<meta property=\"article:modified_time\" content=\"2022-12-06T12:52:10+00:00\" \/>\n<meta property=\"og:image\" content=\"https:\/\/www.in-magazines.com\/magazine\/wp-content\/uploads\/2022\/12\/Dominique-Peron-Jessica-Nada-Duo-en-beaute.jpg\" \/>\n\t<meta property=\"og:image:width\" content=\"1418\" \/>\n\t<meta property=\"og:image:height\" content=\"1085\" \/>\n<meta name=\"twitter:label1\" content=\"Dur\u00e9e de lecture est.\">\n\t<meta name=\"twitter:data1\" content=\"2 minutes\">\n<script type=\"application\/ld+json\" class=\"yoast-schema-graph\">{\"@context\":\"https:\/\/schema.org\",\"@graph\":[{\"@type\":\"WebSite\",\"@id\":\"https:\/\/www.in-magazines.com\/magazine\/#website\",\"url\":\"https:\/\/www.in-magazines.com\/magazine\/\",\"name\":\"In Magazines\",\"description\":\"\",\"potentialAction\":[{\"@type\":\"SearchAction\",\"target\":\"https:\/\/www.in-magazines.com\/magazine\/?s={search_term_string}\",\"query-input\":\"required name=search_term_string\"}],\"inLanguage\":\"fr-FR\"},{\"@type\":\"ImageObject\",\"@id\":\"https:\/\/www.in-magazines.com\/magazine\/sommaire\/inmagazine-30\/dominique-peron-jessica-nadal-duo-en-beaute\/#primaryimage\",\"inLanguage\":\"fr-FR\",\"url\":\"https:\/\/www.in-magazines.com\/magazine\/wp-content\/uploads\/2022\/12\/Dominique-Peron-Jessica-Nada-Duo-en-beaute.jpg\",\"contentUrl\":\"https:\/\/www.in-magazines.com\/magazine\/wp-content\/uploads\/2022\/12\/Dominique-Peron-Jessica-Nada-Duo-en-beaute.jpg\",\"width\":1418,\"height\":1085},{\"@type\":\"WebPage\",\"@id\":\"https:\/\/www.in-magazines.com\/magazine\/sommaire\/inmagazine-30\/dominique-peron-jessica-nadal-duo-en-beaute\/#webpage\",\"url\":\"https:\/\/www.in-magazines.com\/magazine\/sommaire\/inmagazine-30\/dominique-peron-jessica-nadal-duo-en-beaute\/\",\"name\":\"DOMINIQUE PERON &amp; JESSICA NADAL : Duo en BEAUT\\u00c9 - In Magazines\",\"isPartOf\":{\"@id\":\"https:\/\/www.in-magazines.com\/magazine\/#website\"},\"primaryImageOfPage\":{\"@id\":\"https:\/\/www.in-magazines.com\/magazine\/sommaire\/inmagazine-30\/dominique-peron-jessica-nadal-duo-en-beaute\/#primaryimage\"},\"datePublished\":\"2022-12-07T06:00:00+00:00\",\"dateModified\":\"2022-12-06T12:52:10+00:00\",\"author\":{\"@id\":\"https:\/\/www.in-magazines.com\/magazine\/#\/schema\/person\/c27e7dabb9a1ef380814bdd5636d07e3\"},\"breadcrumb\":{\"@id\":\"https:\/\/www.in-magazines.com\/magazine\/sommaire\/inmagazine-30\/dominique-peron-jessica-nadal-duo-en-beaute\/#breadcrumb\"},\"inLanguage\":\"fr-FR\",\"potentialAction\":[{\"@type\":\"ReadAction\",\"target\":[\"https:\/\/www.in-magazines.com\/magazine\/sommaire\/inmagazine-30\/dominique-peron-jessica-nadal-duo-en-beaute\/\"]}]},{\"@type\":\"BreadcrumbList\",\"@id\":\"https:\/\/www.in-magazines.com\/magazine\/sommaire\/inmagazine-30\/dominique-peron-jessica-nadal-duo-en-beaute\/#breadcrumb\",\"itemListElement\":[{\"@type\":\"ListItem\",\"position\":1,\"item\":{\"@id\":\"https:\/\/www.in-magazines.com\/magazine\/sommaire\/inmagazine-30\/dominique-peron-jessica-nadal-duo-en-beaute\/#webpage\"}}]},{\"@type\":\"Person\",\"@id\":\"https:\/\/www.in-magazines.com\/magazine\/#\/schema\/person\/c27e7dabb9a1ef380814bdd5636d07e3\",\"name\":\"backinmag\",\"image\":{\"@type\":\"ImageObject\",\"@id\":\"https:\/\/www.in-magazines.com\/magazine\/#personlogo\",\"inLanguage\":\"fr-FR\",\"url\":\"https:\/\/secure.gravatar.com\/avatar\/13a234bb19dc4fd04793d73c3472fbdb?s=96&d=mm&r=g\",\"contentUrl\":\"https:\/\/secure.gravatar.com\/avatar\/13a234bb19dc4fd04793d73c3472fbdb?s=96&d=mm&r=g\",\"caption\":\"backinmag\"},\"sameAs\":[\"http:\/\/www.in-magazines.com\/magazin\"]}]}<\/script>\n<!-- \/ Yoast SEO plugin. -->","_links":{"self":[{"href":"https:\/\/www.in-magazines.com\/magazine\/wp-json\/wp\/v2\/posts\/10156"}],"collection":[{"href":"https:\/\/www.in-magazines.com\/magazine\/wp-json\/wp\/v2\/posts"}],"about":[{"href":"https:\/\/www.in-magazines.com\/magazine\/wp-json\/wp\/v2\/types\/post"}],"author":[{"embeddable":true,"href":"https:\/\/www.in-magazines.com\/magazine\/wp-json\/wp\/v2\/users\/1"}],"replies":[{"embeddable":true,"href":"https:\/\/www.in-magazines.com\/magazine\/wp-json\/wp\/v2\/comments?post=10156"}],"version-history":[{"count":2,"href":"https:\/\/www.in-magazines.com\/magazine\/wp-json\/wp\/v2\/posts\/10156\/revisions"}],"predecessor-version":[{"id":10159,"href":"https:\/\/www.in-magazines.com\/magazine\/wp-json\/wp\/v2\/posts\/10156\/revisions\/10159"}],"wp:featuredmedia":[{"embeddable":true,"href":"https:\/\/www.in-magazines.com\/magazine\/wp-json\/wp\/v2\/media\/10157"}],"wp:attachment":[{"href":"https:\/\/www.in-magazines.com\/magazine\/wp-json\/wp\/v2\/media?parent=10156"}],"wp:term":[{"taxonomy":"category","embeddable":true,"href":"https:\/\/www.in-magazines.com\/magazine\/wp-json\/wp\/v2\/categories?post=10156"},{"taxonomy":"post_tag","embeddable":true,"href":"https:\/\/www.in-magazines.com\/magazine\/wp-json\/wp\/v2\/tags?post=10156"}],"curies":[{"name":"wp","href":"https:\/\/api.w.org\/{rel}","templated":true}]}}