

{"id":10328,"date":"2023-03-06T06:53:00","date_gmt":"2023-03-06T06:53:00","guid":{"rendered":"https:\/\/www.in-magazines.com\/magazine\/?p=10328"},"modified":"2023-03-02T12:27:38","modified_gmt":"2023-03-02T12:27:38","slug":"responsables-et-durables-les-lieux-evenementiels-montrent-lexemple","status":"publish","type":"post","link":"https:\/\/www.in-magazines.com\/magazine\/sommaire\/inmagazine-31\/responsables-et-durables-les-lieux-evenementiels-montrent-lexemple\/","title":{"rendered":"RESPONSABLES ET DURABLES : les lieux \u00e9v\u00e9nementiels montrent l\u2019exemple"},"content":{"rendered":"\n<p>A Cannes, le Palais des festivals devient \u00ab Soci\u00e9t\u00e9 \u00e0 Mission \u00bb et plus \u00e0 l\u2019Est, le Grimaldi Forum mon\u00e9gasque cr\u00e9e la direction RSE du centre de congr\u00e8s et de culture. Deux marqueurs forts de la volont\u00e9 d\u2019engagement durable qu\u2019affichent ces institutions \u00e9v\u00e9nementielles azur\u00e9ennes.<\/p>\n\n\n\n<p>A Cannes, en novembre dernier, la Mairie approuvait l\u2019adoption du statut d\u2019entreprise \u00e0 mission pour son Palais des Festivals et des Congr\u00e8s, ent\u00e9rin\u00e9 en d\u00e9cembre 2022. Cette d\u00e9marche s\u2019inscrit dans le cadre de la loi Pacte (Plan d\u2019action pour la croissance et la transformation des entreprises) de 2019 qui introduit la qualit\u00e9 de <strong>\u00ab soci\u00e9t\u00e9 \u00e0 mission \u00bb<\/strong> permettant \u00e0 une entreprise de formaliser sa raison d\u2019autre et d\u00e9finir ses objectifs sociaux et environnementaux : un enjeu majeur de comp\u00e9titivit\u00e9 durable. Le Palais des Festivals est le premier centre de congr\u00e8s \u00e0 devenir soci\u00e9t\u00e9 \u00e0 mission et en ce sens, a d\u00e9j\u00e0 annonc\u00e9 des objectifs concrets : lancer et p\u00e9renniser de nouveaux salons et festivals internationaux en favorisant l\u2019\u00e9coconception et l\u2019exploitation responsable et durable, r\u00e9duire fortement ses impacts environnementaux ou encore Former l\u2019ensemble du personnel au QSE &#8211; DD (qualit\u00e9 s\u00e9curit\u00e9 environnement- d\u00e9veloppement durable.<\/p>\n\n\n<a href=\"#\" class=\"_3d-flip-book  fb3d-link-lightbox-mode\" data-id=\"10267\" data-mode=\"link-lightbox\" data-title=\"false\" data-template=\"short-white-book-view\" data-lightbox=\"dark\" data-urlparam=\"fb3d-page\" data-page-n=\"0\" data-pdf=\"\" data-tax=\"null\" data-thumbnail=\"\" data-cols=\"3\" data-query=\"\"><img decoding=\"async\" src=\"http:\/\/www.in-magazines.com\/magazine\/wp-content\/uploads\/2021\/05\/btn.jpg\"><\/a>\n","protected":false},"excerpt":{"rendered":"<p>A Cannes, le Palais des festivals devient &laquo; Soci&eacute;t&eacute; &agrave; Mission &raquo; et plus &agrave; l&rsquo;Est, le Grimaldi Forum mon&eacute;gasque cr&eacute;e la direction RSE du centre de congr&egrave;s et de culture. Deux marqueurs forts de la volont&eacute; d&rsquo;engagement durable qu&rsquo;affichent ces institutions &eacute;v&eacute;nementielles azur&eacute;ennes. A Cannes, en novembre dernier, la Mairie approuvait l&rsquo;adoption du statut&hellip; <a class=\"more-link\" href=\"https:\/\/www.in-magazines.com\/magazine\/sommaire\/inmagazine-31\/responsables-et-durables-les-lieux-evenementiels-montrent-lexemple\/\">Poursuivre la lecture <span class=\"screen-reader-text\">RESPONSABLES ET DURABLES : les lieux \u00e9v\u00e9nementiels montrent l\u2019exemple<\/span><\/a><\/p>\n","protected":false},"author":1,"featured_media":10329,"comment_status":"open","ping_status":"open","sticky":false,"template":"","format":"standard","meta":{"footnotes":""},"categories":[1694,1933],"tags":[1025,1934,1935],"yoast_head":"<!-- This site is optimized with the Yoast SEO plugin v16.2 - https:\/\/yoast.com\/wordpress\/plugins\/seo\/ -->\n<title>RESPONSABLES ET DURABLES : les lieux \u00e9v\u00e9nementiels montrent l\u2019exemple - In Magazines<\/title>\n<meta name=\"robots\" content=\"index, follow, max-snippet:-1, max-image-preview:large, max-video-preview:-1\" \/>\n<link rel=\"canonical\" href=\"https:\/\/www.in-magazines.com\/magazine\/categories\/services-aux-entreprises-mobilite\/responsables-et-durables-les-lieux-evenementiels-montrent-lexemple\/\" \/>\n<meta property=\"og:locale\" content=\"fr_FR\" \/>\n<meta property=\"og:type\" content=\"article\" \/>\n<meta property=\"og:title\" content=\"RESPONSABLES ET DURABLES : les lieux \u00e9v\u00e9nementiels montrent l\u2019exemple - In Magazines\" \/>\n<meta property=\"og:description\" content=\"A Cannes, le Palais des festivals devient &laquo; Soci&eacute;t&eacute; &agrave; Mission &raquo; et plus &agrave; l&rsquo;Est, le Grimaldi Forum mon&eacute;gasque cr&eacute;e la direction RSE du centre de congr&egrave;s et de culture. Deux marqueurs forts de la volont&eacute; d&rsquo;engagement durable qu&rsquo;affichent ces institutions &eacute;v&eacute;nementielles azur&eacute;ennes. A Cannes, en novembre dernier, la Mairie approuvait l&rsquo;adoption du statut&hellip; Poursuivre la lecture RESPONSABLES ET DURABLES : les lieux \u00e9v\u00e9nementiels montrent l\u2019exemple\" \/>\n<meta property=\"og:url\" content=\"https:\/\/www.in-magazines.com\/magazine\/categories\/services-aux-entreprises-mobilite\/responsables-et-durables-les-lieux-evenementiels-montrent-lexemple\/\" \/>\n<meta property=\"og:site_name\" content=\"In Magazines\" \/>\n<meta property=\"article:published_time\" content=\"2023-03-06T06:53:00+00:00\" \/>\n<meta property=\"article:modified_time\" content=\"2023-03-02T12:27:38+00:00\" \/>\n<meta property=\"og:image\" content=\"https:\/\/www.in-magazines.com\/magazine\/wp-content\/uploads\/2023\/03\/RESPONSABLES-ET-DURABLES-les-lieux-evenementiels-montrent-l-exemple.jpg\" \/>\n\t<meta property=\"og:image:width\" content=\"750\" \/>\n\t<meta property=\"og:image:height\" content=\"500\" \/>\n<meta name=\"twitter:label1\" content=\"Dur\u00e9e de lecture est.\">\n\t<meta name=\"twitter:data1\" content=\"2 minutes\">\n<script type=\"application\/ld+json\" class=\"yoast-schema-graph\">{\"@context\":\"https:\/\/schema.org\",\"@graph\":[{\"@type\":\"WebSite\",\"@id\":\"https:\/\/www.in-magazines.com\/magazine\/#website\",\"url\":\"https:\/\/www.in-magazines.com\/magazine\/\",\"name\":\"In Magazines\",\"description\":\"\",\"potentialAction\":[{\"@type\":\"SearchAction\",\"target\":\"https:\/\/www.in-magazines.com\/magazine\/?s={search_term_string}\",\"query-input\":\"required name=search_term_string\"}],\"inLanguage\":\"fr-FR\"},{\"@type\":\"ImageObject\",\"@id\":\"https:\/\/www.in-magazines.com\/magazine\/categories\/services-aux-entreprises-mobilite\/responsables-et-durables-les-lieux-evenementiels-montrent-lexemple\/#primaryimage\",\"inLanguage\":\"fr-FR\",\"url\":\"https:\/\/www.in-magazines.com\/magazine\/wp-content\/uploads\/2023\/03\/RESPONSABLES-ET-DURABLES-les-lieux-evenementiels-montrent-l-exemple.jpg\",\"contentUrl\":\"https:\/\/www.in-magazines.com\/magazine\/wp-content\/uploads\/2023\/03\/RESPONSABLES-ET-DURABLES-les-lieux-evenementiels-montrent-l-exemple.jpg\",\"width\":750,\"height\":500},{\"@type\":\"WebPage\",\"@id\":\"https:\/\/www.in-magazines.com\/magazine\/categories\/services-aux-entreprises-mobilite\/responsables-et-durables-les-lieux-evenementiels-montrent-lexemple\/#webpage\",\"url\":\"https:\/\/www.in-magazines.com\/magazine\/categories\/services-aux-entreprises-mobilite\/responsables-et-durables-les-lieux-evenementiels-montrent-lexemple\/\",\"name\":\"RESPONSABLES ET DURABLES : les lieux \\u00e9v\\u00e9nementiels montrent l\\u2019exemple - In Magazines\",\"isPartOf\":{\"@id\":\"https:\/\/www.in-magazines.com\/magazine\/#website\"},\"primaryImageOfPage\":{\"@id\":\"https:\/\/www.in-magazines.com\/magazine\/categories\/services-aux-entreprises-mobilite\/responsables-et-durables-les-lieux-evenementiels-montrent-lexemple\/#primaryimage\"},\"datePublished\":\"2023-03-06T06:53:00+00:00\",\"dateModified\":\"2023-03-02T12:27:38+00:00\",\"author\":{\"@id\":\"https:\/\/www.in-magazines.com\/magazine\/#\/schema\/person\/c27e7dabb9a1ef380814bdd5636d07e3\"},\"breadcrumb\":{\"@id\":\"https:\/\/www.in-magazines.com\/magazine\/categories\/services-aux-entreprises-mobilite\/responsables-et-durables-les-lieux-evenementiels-montrent-lexemple\/#breadcrumb\"},\"inLanguage\":\"fr-FR\",\"potentialAction\":[{\"@type\":\"ReadAction\",\"target\":[\"https:\/\/www.in-magazines.com\/magazine\/categories\/services-aux-entreprises-mobilite\/responsables-et-durables-les-lieux-evenementiels-montrent-lexemple\/\"]}]},{\"@type\":\"BreadcrumbList\",\"@id\":\"https:\/\/www.in-magazines.com\/magazine\/categories\/services-aux-entreprises-mobilite\/responsables-et-durables-les-lieux-evenementiels-montrent-lexemple\/#breadcrumb\",\"itemListElement\":[{\"@type\":\"ListItem\",\"position\":1,\"item\":{\"@id\":\"https:\/\/www.in-magazines.com\/magazine\/categories\/services-aux-entreprises-mobilite\/responsables-et-durables-les-lieux-evenementiels-montrent-lexemple\/#webpage\"}}]},{\"@type\":\"Person\",\"@id\":\"https:\/\/www.in-magazines.com\/magazine\/#\/schema\/person\/c27e7dabb9a1ef380814bdd5636d07e3\",\"name\":\"backinmag\",\"image\":{\"@type\":\"ImageObject\",\"@id\":\"https:\/\/www.in-magazines.com\/magazine\/#personlogo\",\"inLanguage\":\"fr-FR\",\"url\":\"https:\/\/secure.gravatar.com\/avatar\/13a234bb19dc4fd04793d73c3472fbdb?s=96&d=mm&r=g\",\"contentUrl\":\"https:\/\/secure.gravatar.com\/avatar\/13a234bb19dc4fd04793d73c3472fbdb?s=96&d=mm&r=g\",\"caption\":\"backinmag\"},\"sameAs\":[\"http:\/\/www.in-magazines.com\/magazin\"]}]}<\/script>\n<!-- \/ Yoast SEO plugin. -->","_links":{"self":[{"href":"https:\/\/www.in-magazines.com\/magazine\/wp-json\/wp\/v2\/posts\/10328"}],"collection":[{"href":"https:\/\/www.in-magazines.com\/magazine\/wp-json\/wp\/v2\/posts"}],"about":[{"href":"https:\/\/www.in-magazines.com\/magazine\/wp-json\/wp\/v2\/types\/post"}],"author":[{"embeddable":true,"href":"https:\/\/www.in-magazines.com\/magazine\/wp-json\/wp\/v2\/users\/1"}],"replies":[{"embeddable":true,"href":"https:\/\/www.in-magazines.com\/magazine\/wp-json\/wp\/v2\/comments?post=10328"}],"version-history":[{"count":4,"href":"https:\/\/www.in-magazines.com\/magazine\/wp-json\/wp\/v2\/posts\/10328\/revisions"}],"predecessor-version":[{"id":10333,"href":"https:\/\/www.in-magazines.com\/magazine\/wp-json\/wp\/v2\/posts\/10328\/revisions\/10333"}],"wp:featuredmedia":[{"embeddable":true,"href":"https:\/\/www.in-magazines.com\/magazine\/wp-json\/wp\/v2\/media\/10329"}],"wp:attachment":[{"href":"https:\/\/www.in-magazines.com\/magazine\/wp-json\/wp\/v2\/media?parent=10328"}],"wp:term":[{"taxonomy":"category","embeddable":true,"href":"https:\/\/www.in-magazines.com\/magazine\/wp-json\/wp\/v2\/categories?post=10328"},{"taxonomy":"post_tag","embeddable":true,"href":"https:\/\/www.in-magazines.com\/magazine\/wp-json\/wp\/v2\/tags?post=10328"}],"curies":[{"name":"wp","href":"https:\/\/api.w.org\/{rel}","templated":true}]}}