

{"id":10424,"date":"2023-03-06T06:31:00","date_gmt":"2023-03-06T06:31:00","guid":{"rendered":"https:\/\/www.in-magazines.com\/magazine\/?p=10424"},"modified":"2023-03-03T07:20:56","modified_gmt":"2023-03-03T07:20:56","slug":"teletravail-quand-on-veut-et-quand-on-peut","status":"publish","type":"post","link":"https:\/\/www.in-magazines.com\/magazine\/sommaire\/inmagazine-31\/teletravail-quand-on-veut-et-quand-on-peut\/","title":{"rendered":"T\u00c9L\u00c9TRAVAIL : quand on veut et\u2026 quand on peut !"},"content":{"rendered":"\n<p><strong>Une r\u00e9cente \u00e9tude* de l\u2019entreprise Remote, sp\u00e9cialis\u00e9e dans l\u2019embauche \u00e0 distance de profils internationaux place Nice comme la premi\u00e8re ville o\u00f9 les employ\u00e9s fran\u00e7ais d\u00e9clarent avoir la possibilit\u00e9 de t\u00e9l\u00e9travailler. <\/strong>Quand seulement <strong>5 %<\/strong> des employ\u00e9s de Rennes affirment pouvoir travailler en \u00ab remote\u00a0\u00bb, <strong>11,9 %<\/strong> des employ\u00e9s ni\u00e7ois, eux, le peuvent\u00a0!<\/p>\n\n\n\n<p>L\u2019\u00e9tude fait aussi la diff\u00e9rence entre la part de ceux qui souhaitent t\u00e9l\u00e9travailler et ceux qui le peuvent effectivement. Sans grande surprise, Paris est en t\u00eate pour les employ\u00e9s qui le souhaitent en priorit\u00e9, \u00e0 <strong>64,64 %<\/strong>. Enfin, l\u2019\u00e9tude se penche sur d\u2019autres pays d\u2019Europe et permet de remarquer que la France est particuli\u00e8rement \u00e0 la tra\u00eene en mati\u00e8re d\u2019adoption du t\u00e9l\u00e9travail : seuls <strong>8,5\u00a0%<\/strong> des employ\u00e9s fran\u00e7ais interrog\u00e9s affirment avoir la possibilit\u00e9 de travailler \u00e0 distance, contre <strong>27,9\u00a0%<\/strong> au Royaume-Uni, <strong>23,10 %<\/strong> en Allemagne ou encore <strong>23,15 %<\/strong> aux Pays-Bas. *Etude portant sur 2.000 employ\u00e9s en France.<\/p>\n\n\n<a href=\"#\" class=\"_3d-flip-book  fb3d-link-lightbox-mode\" data-id=\"10290\" data-mode=\"link-lightbox\" data-title=\"false\" data-template=\"short-white-book-view\" data-lightbox=\"dark\" data-urlparam=\"fb3d-page\" data-page-n=\"0\" data-pdf=\"\" data-tax=\"null\" data-thumbnail=\"\" data-cols=\"3\" data-query=\"\"><img decoding=\"async\" src=\"http:\/\/www.in-magazines.com\/magazine\/wp-content\/uploads\/2021\/05\/btn.jpg\"><\/a>\n","protected":false},"excerpt":{"rendered":"<p>Une r&eacute;cente &eacute;tude* de l&rsquo;entreprise Remote, sp&eacute;cialis&eacute;e dans l&rsquo;embauche &agrave; distance de profils internationaux place Nice comme la premi&egrave;re ville o&ugrave; les employ&eacute;s fran&ccedil;ais d&eacute;clarent avoir la possibilit&eacute; de t&eacute;l&eacute;travailler. Quand seulement 5 % des employ&eacute;s de Rennes affirment pouvoir travailler en &laquo; remote&nbsp;&raquo;, 11,9 % des employ&eacute;s ni&ccedil;ois, eux, le peuvent&nbsp;! L&rsquo;&eacute;tude fait aussi&hellip; <a class=\"more-link\" href=\"https:\/\/www.in-magazines.com\/magazine\/sommaire\/inmagazine-31\/teletravail-quand-on-veut-et-quand-on-peut\/\">Poursuivre la lecture <span class=\"screen-reader-text\">T\u00c9L\u00c9TRAVAIL : quand on veut et\u2026 quand on peut !<\/span><\/a><\/p>\n","protected":false},"author":1,"featured_media":10425,"comment_status":"open","ping_status":"open","sticky":false,"template":"","format":"standard","meta":{"footnotes":""},"categories":[1696,1933],"tags":[314,1972],"yoast_head":"<!-- This site is optimized with the Yoast SEO plugin v16.2 - https:\/\/yoast.com\/wordpress\/plugins\/seo\/ -->\n<title>T\u00c9L\u00c9TRAVAIL : quand on veut et\u2026 quand on peut ! - In Magazines<\/title>\n<meta name=\"robots\" content=\"index, follow, max-snippet:-1, max-image-preview:large, max-video-preview:-1\" \/>\n<link rel=\"canonical\" href=\"https:\/\/www.in-magazines.com\/magazine\/categories\/professions-liberales-banque-finance-assurances-mutuelles\/teletravail-quand-on-veut-et-quand-on-peut\/\" \/>\n<meta property=\"og:locale\" content=\"fr_FR\" \/>\n<meta property=\"og:type\" content=\"article\" \/>\n<meta property=\"og:title\" content=\"T\u00c9L\u00c9TRAVAIL : quand on veut et\u2026 quand on peut ! - In Magazines\" \/>\n<meta property=\"og:description\" content=\"Une r&eacute;cente &eacute;tude* de l&rsquo;entreprise Remote, sp&eacute;cialis&eacute;e dans l&rsquo;embauche &agrave; distance de profils internationaux place Nice comme la premi&egrave;re ville o&ugrave; les employ&eacute;s fran&ccedil;ais d&eacute;clarent avoir la possibilit&eacute; de t&eacute;l&eacute;travailler. Quand seulement 5 % des employ&eacute;s de Rennes affirment pouvoir travailler en &laquo; remote&nbsp;&raquo;, 11,9 % des employ&eacute;s ni&ccedil;ois, eux, le peuvent&nbsp;! L&rsquo;&eacute;tude fait aussi&hellip; Poursuivre la lecture T\u00c9L\u00c9TRAVAIL : quand on veut et\u2026 quand on peut !\" \/>\n<meta property=\"og:url\" content=\"https:\/\/www.in-magazines.com\/magazine\/categories\/professions-liberales-banque-finance-assurances-mutuelles\/teletravail-quand-on-veut-et-quand-on-peut\/\" \/>\n<meta property=\"og:site_name\" content=\"In Magazines\" \/>\n<meta property=\"article:published_time\" content=\"2023-03-06T06:31:00+00:00\" \/>\n<meta property=\"article:modified_time\" content=\"2023-03-03T07:20:56+00:00\" \/>\n<meta property=\"og:image\" content=\"https:\/\/www.in-magazines.com\/magazine\/wp-content\/uploads\/2023\/03\/TELETRAVAIL-quand-on-veut-et-quand-on-peut-.jpg\" \/>\n\t<meta property=\"og:image:width\" content=\"460\" \/>\n\t<meta property=\"og:image:height\" content=\"245\" \/>\n<meta name=\"twitter:label1\" content=\"Dur\u00e9e de lecture est.\">\n\t<meta name=\"twitter:data1\" content=\"1 minute\">\n<script type=\"application\/ld+json\" class=\"yoast-schema-graph\">{\"@context\":\"https:\/\/schema.org\",\"@graph\":[{\"@type\":\"WebSite\",\"@id\":\"https:\/\/www.in-magazines.com\/magazine\/#website\",\"url\":\"https:\/\/www.in-magazines.com\/magazine\/\",\"name\":\"In Magazines\",\"description\":\"\",\"potentialAction\":[{\"@type\":\"SearchAction\",\"target\":\"https:\/\/www.in-magazines.com\/magazine\/?s={search_term_string}\",\"query-input\":\"required name=search_term_string\"}],\"inLanguage\":\"fr-FR\"},{\"@type\":\"ImageObject\",\"@id\":\"https:\/\/www.in-magazines.com\/magazine\/categories\/professions-liberales-banque-finance-assurances-mutuelles\/teletravail-quand-on-veut-et-quand-on-peut\/#primaryimage\",\"inLanguage\":\"fr-FR\",\"url\":\"https:\/\/www.in-magazines.com\/magazine\/wp-content\/uploads\/2023\/03\/TELETRAVAIL-quand-on-veut-et-quand-on-peut-.jpg\",\"contentUrl\":\"https:\/\/www.in-magazines.com\/magazine\/wp-content\/uploads\/2023\/03\/TELETRAVAIL-quand-on-veut-et-quand-on-peut-.jpg\",\"width\":460,\"height\":245},{\"@type\":\"WebPage\",\"@id\":\"https:\/\/www.in-magazines.com\/magazine\/categories\/professions-liberales-banque-finance-assurances-mutuelles\/teletravail-quand-on-veut-et-quand-on-peut\/#webpage\",\"url\":\"https:\/\/www.in-magazines.com\/magazine\/categories\/professions-liberales-banque-finance-assurances-mutuelles\/teletravail-quand-on-veut-et-quand-on-peut\/\",\"name\":\"T\\u00c9L\\u00c9TRAVAIL : quand on veut et\\u2026 quand on peut ! - In Magazines\",\"isPartOf\":{\"@id\":\"https:\/\/www.in-magazines.com\/magazine\/#website\"},\"primaryImageOfPage\":{\"@id\":\"https:\/\/www.in-magazines.com\/magazine\/categories\/professions-liberales-banque-finance-assurances-mutuelles\/teletravail-quand-on-veut-et-quand-on-peut\/#primaryimage\"},\"datePublished\":\"2023-03-06T06:31:00+00:00\",\"dateModified\":\"2023-03-03T07:20:56+00:00\",\"author\":{\"@id\":\"https:\/\/www.in-magazines.com\/magazine\/#\/schema\/person\/c27e7dabb9a1ef380814bdd5636d07e3\"},\"breadcrumb\":{\"@id\":\"https:\/\/www.in-magazines.com\/magazine\/categories\/professions-liberales-banque-finance-assurances-mutuelles\/teletravail-quand-on-veut-et-quand-on-peut\/#breadcrumb\"},\"inLanguage\":\"fr-FR\",\"potentialAction\":[{\"@type\":\"ReadAction\",\"target\":[\"https:\/\/www.in-magazines.com\/magazine\/categories\/professions-liberales-banque-finance-assurances-mutuelles\/teletravail-quand-on-veut-et-quand-on-peut\/\"]}]},{\"@type\":\"BreadcrumbList\",\"@id\":\"https:\/\/www.in-magazines.com\/magazine\/categories\/professions-liberales-banque-finance-assurances-mutuelles\/teletravail-quand-on-veut-et-quand-on-peut\/#breadcrumb\",\"itemListElement\":[{\"@type\":\"ListItem\",\"position\":1,\"item\":{\"@id\":\"https:\/\/www.in-magazines.com\/magazine\/categories\/professions-liberales-banque-finance-assurances-mutuelles\/teletravail-quand-on-veut-et-quand-on-peut\/#webpage\"}}]},{\"@type\":\"Person\",\"@id\":\"https:\/\/www.in-magazines.com\/magazine\/#\/schema\/person\/c27e7dabb9a1ef380814bdd5636d07e3\",\"name\":\"backinmag\",\"image\":{\"@type\":\"ImageObject\",\"@id\":\"https:\/\/www.in-magazines.com\/magazine\/#personlogo\",\"inLanguage\":\"fr-FR\",\"url\":\"https:\/\/secure.gravatar.com\/avatar\/13a234bb19dc4fd04793d73c3472fbdb?s=96&d=mm&r=g\",\"contentUrl\":\"https:\/\/secure.gravatar.com\/avatar\/13a234bb19dc4fd04793d73c3472fbdb?s=96&d=mm&r=g\",\"caption\":\"backinmag\"},\"sameAs\":[\"http:\/\/www.in-magazines.com\/magazin\"]}]}<\/script>\n<!-- \/ Yoast SEO plugin. -->","_links":{"self":[{"href":"https:\/\/www.in-magazines.com\/magazine\/wp-json\/wp\/v2\/posts\/10424"}],"collection":[{"href":"https:\/\/www.in-magazines.com\/magazine\/wp-json\/wp\/v2\/posts"}],"about":[{"href":"https:\/\/www.in-magazines.com\/magazine\/wp-json\/wp\/v2\/types\/post"}],"author":[{"embeddable":true,"href":"https:\/\/www.in-magazines.com\/magazine\/wp-json\/wp\/v2\/users\/1"}],"replies":[{"embeddable":true,"href":"https:\/\/www.in-magazines.com\/magazine\/wp-json\/wp\/v2\/comments?post=10424"}],"version-history":[{"count":2,"href":"https:\/\/www.in-magazines.com\/magazine\/wp-json\/wp\/v2\/posts\/10424\/revisions"}],"predecessor-version":[{"id":10427,"href":"https:\/\/www.in-magazines.com\/magazine\/wp-json\/wp\/v2\/posts\/10424\/revisions\/10427"}],"wp:featuredmedia":[{"embeddable":true,"href":"https:\/\/www.in-magazines.com\/magazine\/wp-json\/wp\/v2\/media\/10425"}],"wp:attachment":[{"href":"https:\/\/www.in-magazines.com\/magazine\/wp-json\/wp\/v2\/media?parent=10424"}],"wp:term":[{"taxonomy":"category","embeddable":true,"href":"https:\/\/www.in-magazines.com\/magazine\/wp-json\/wp\/v2\/categories?post=10424"},{"taxonomy":"post_tag","embeddable":true,"href":"https:\/\/www.in-magazines.com\/magazine\/wp-json\/wp\/v2\/tags?post=10424"}],"curies":[{"name":"wp","href":"https:\/\/api.w.org\/{rel}","templated":true}]}}