

{"id":1045,"date":"2020-05-08T10:29:00","date_gmt":"2020-05-08T10:29:00","guid":{"rendered":"https:\/\/www.in-magazines.com\/magazine\/?p=1045"},"modified":"2021-06-03T09:05:13","modified_gmt":"2021-06-03T09:05:13","slug":"en-situation-de-crise-il-faut-informer-toujours-plus-la-population","status":"publish","type":"post","link":"https:\/\/www.in-magazines.com\/magazine\/sommaire\/inantipolis-14\/en-situation-de-crise-il-faut-informer-toujours-plus-la-population\/","title":{"rendered":"\u00ab En situation de crise, il faut informer toujours plus la population \u00bb"},"content":{"rendered":"\n<p><strong>Charles-Ange Gin\u00e9sy, Pr\u00e9sident du d\u00e9partement des Alpes-Maritimes et Pr\u00e9sident du Syndicat Intercommunal de Valberg<\/strong>, revient sur la gestion de la crise dans cette station de montagne, entre deux saisons.<\/p>\n\n\n\n<h2 class=\"wp-block-heading\">En p\u00e9riode de confinement, comment avez-vous poursuivi votre activit\u00e9 ?<\/h2>\n\n\n\n<p>Pour r\u00e9pondre aux enjeux de cette p\u00e9riode exceptionnelle et permettre la continuit\u00e9 des services de la station, plusieurs mesures ont rapidement \u00e9t\u00e9 mises en \u0153uvre. Le t\u00e9l\u00e9travail a \u00e9t\u00e9 imm\u00e9diatement mis en place pour les salari\u00e9s en charge de l\u2019administration. Pour les missions n\u00e9cessitant une pr\u00e9sence physique, nous avons red\u00e9ploy\u00e9 les effectifs sur des travaux \u00e9vitant le contact entre les personnes et respectant des mesures de distanciation. Et puis bien s\u00fbr, nous avons \u00e9quip\u00e9 nos agents et nos locaux d\u2019\u00e9quipements de protections : gel hydroalcoolique, masques, cloisons de s\u00e9parations. Cette adaptation a pu \u00eatre mise en \u0153uvre tr\u00e8s rapidement car Valberg reste \u00e0 taille humaine avec toute la r\u00e9activit\u00e9 que cela conf\u00e8re.<\/p>\n\n\n\n<h2 class=\"wp-block-heading\">Malgr\u00e9 tout, qu\u2019est-ce que cela vous aura apport\u00e9 de \u00ab positif \u00bb ?<\/h2>\n\n\n\n<p>Je fais partie de ces \u00e9lus qui privil\u00e9gient une vision optimiste. Dans chaque difficult\u00e9 je pr\u00e9f\u00e8re voir des opportunit\u00e9s. Et effectivement cette situation a permis le d\u00e9veloppement et la mise en place de nouveaux outils afin d\u2019assurer et de maintenir le contact entre les \u00e9quipes, notamment le t\u00e9l\u00e9travail. Avec l\u2019acc\u00e8s au r\u00e9seau \u00e0 distance, les visioconf\u00e9rences, les espaces collaboratifs pour le partage de documents, etc\u2026 cette crise a un effet acc\u00e9l\u00e9rateur sur le d\u00e9ploiement du num\u00e9rique et sur l\u2019apprentissage collectif de nouveaux outils et m\u00e9thodes de travail.<\/p>\n\n\n\n<p>La strat\u00e9gie de communication de la station a d\u00fb \u00eatre revue pour s\u2019adapter \u00e0 la situation. Nous avons notamment \u00ab \u00e9duqu\u00e9 \u00bb notre Chatbot dans l\u2019appli Valberg pour qu\u2019il puisse r\u00e9pondre aux questions sur le Covid19 et sur l\u2019ouverture des commerces de premi\u00e8re n\u00e9cessit\u00e9. Nous avons \u00e9galement r\u00e9alis\u00e9 des stories Instagram pour mettre en lumi\u00e8re le travail des \u00e9quipes administratives et celui des acteurs socio-professionnels de la station. C\u2019est une nouvelle mani\u00e8re d\u2019appr\u00e9hender la communication d\u2019une station de montagne souvent focalis\u00e9e sur les produits touristiques et les offres commerciales. Et puis nous avons essay\u00e9 de faire r\u00eaver notre communaut\u00e9 : la distraction, l\u2019\u00e9vasion ont pris tout leur sens et leur importance dans cette p\u00e9riode de confinement (rando virtuelle, histoire de la cr\u00e9ation de Valberg, environnement et d\u00e9veloppement durable\u2026)<\/p>\n\n\n<a href=\"#\" class=\"_3d-flip-book  fb3d-link-lightbox-mode\" data-id=\"1048\" data-mode=\"link-lightbox\" data-title=\"false\" data-template=\"short-white-book-view\" data-lightbox=\"dark\" data-urlparam=\"fb3d-page\" data-page-n=\"0\" data-pdf=\"\" data-tax=\"null\" data-thumbnail=\"\" data-cols=\"3\" data-query=\"\"><img decoding=\"async\" src=\"http:\/\/www.in-magazines.com\/magazine\/wp-content\/uploads\/2021\/05\/btn.jpg\"><\/a>\n","protected":false},"excerpt":{"rendered":"<p>Charles-Ange Gin&eacute;sy, Pr&eacute;sident du d&eacute;partement des Alpes-Maritimes et Pr&eacute;sident du Syndicat Intercommunal de Valberg, revient sur la gestion de la crise dans cette station de montagne, entre deux saisons. En p&eacute;riode de confinement, comment avez-vous poursuivi votre activit&eacute; ? Pour r&eacute;pondre aux enjeux de cette p&eacute;riode exceptionnelle et permettre la continuit&eacute; des services de la&hellip; <a class=\"more-link\" href=\"https:\/\/www.in-magazines.com\/magazine\/sommaire\/inantipolis-14\/en-situation-de-crise-il-faut-informer-toujours-plus-la-population\/\">Poursuivre la lecture <span class=\"screen-reader-text\">\u00ab En situation de crise, il faut informer toujours plus la population \u00bb<\/span><\/a><\/p>\n","protected":false},"author":1,"featured_media":1046,"comment_status":"open","ping_status":"open","sticky":false,"template":"","format":"standard","meta":{"footnotes":""},"categories":[4,14],"tags":[116,314,792,939,1002],"yoast_head":"<!-- This site is optimized with the Yoast SEO plugin v16.2 - https:\/\/yoast.com\/wordpress\/plugins\/seo\/ -->\n<title>\u00ab En situation de crise, il faut informer toujours plus la population \u00bb - In Magazines<\/title>\n<meta name=\"robots\" content=\"index, follow, max-snippet:-1, max-image-preview:large, max-video-preview:-1\" \/>\n<link rel=\"canonical\" href=\"https:\/\/www.in-magazines.com\/magazine\/sommaire\/inantipolis-14\/en-situation-de-crise-il-faut-informer-toujours-plus-la-population\/\" \/>\n<meta property=\"og:locale\" content=\"fr_FR\" \/>\n<meta property=\"og:type\" content=\"article\" \/>\n<meta property=\"og:title\" content=\"\u00ab En situation de crise, il faut informer toujours plus la population \u00bb - In Magazines\" \/>\n<meta property=\"og:description\" content=\"Charles-Ange Gin&eacute;sy, Pr&eacute;sident du d&eacute;partement des Alpes-Maritimes et Pr&eacute;sident du Syndicat Intercommunal de Valberg, revient sur la gestion de la crise dans cette station de montagne, entre deux saisons. En p&eacute;riode de confinement, comment avez-vous poursuivi votre activit&eacute; ? Pour r&eacute;pondre aux enjeux de cette p&eacute;riode exceptionnelle et permettre la continuit&eacute; des services de la&hellip; Poursuivre la lecture \u00ab En situation de crise, il faut informer toujours plus la population \u00bb\" \/>\n<meta property=\"og:url\" content=\"https:\/\/www.in-magazines.com\/magazine\/sommaire\/inantipolis-14\/en-situation-de-crise-il-faut-informer-toujours-plus-la-population\/\" \/>\n<meta property=\"og:site_name\" content=\"In Magazines\" \/>\n<meta property=\"article:published_time\" content=\"2020-05-08T10:29:00+00:00\" \/>\n<meta property=\"article:modified_time\" content=\"2021-06-03T09:05:13+00:00\" \/>\n<meta property=\"og:image\" content=\"https:\/\/www.in-magazines.com\/magazine\/wp-content\/uploads\/2021\/05\/img44.jpg\" \/>\n\t<meta property=\"og:image:width\" content=\"1050\" \/>\n\t<meta property=\"og:image:height\" content=\"867\" \/>\n<meta name=\"twitter:label1\" content=\"Dur\u00e9e de lecture est.\">\n\t<meta name=\"twitter:data1\" content=\"2 minutes\">\n<script type=\"application\/ld+json\" class=\"yoast-schema-graph\">{\"@context\":\"https:\/\/schema.org\",\"@graph\":[{\"@type\":\"WebSite\",\"@id\":\"https:\/\/www.in-magazines.com\/magazine\/#website\",\"url\":\"https:\/\/www.in-magazines.com\/magazine\/\",\"name\":\"In Magazines\",\"description\":\"\",\"potentialAction\":[{\"@type\":\"SearchAction\",\"target\":\"https:\/\/www.in-magazines.com\/magazine\/?s={search_term_string}\",\"query-input\":\"required name=search_term_string\"}],\"inLanguage\":\"fr-FR\"},{\"@type\":\"ImageObject\",\"@id\":\"https:\/\/www.in-magazines.com\/magazine\/sommaire\/inantipolis-14\/en-situation-de-crise-il-faut-informer-toujours-plus-la-population\/#primaryimage\",\"inLanguage\":\"fr-FR\",\"url\":\"https:\/\/www.in-magazines.com\/magazine\/wp-content\/uploads\/2021\/05\/img44.jpg\",\"contentUrl\":\"https:\/\/www.in-magazines.com\/magazine\/wp-content\/uploads\/2021\/05\/img44.jpg\",\"width\":1050,\"height\":867},{\"@type\":\"WebPage\",\"@id\":\"https:\/\/www.in-magazines.com\/magazine\/sommaire\/inantipolis-14\/en-situation-de-crise-il-faut-informer-toujours-plus-la-population\/#webpage\",\"url\":\"https:\/\/www.in-magazines.com\/magazine\/sommaire\/inantipolis-14\/en-situation-de-crise-il-faut-informer-toujours-plus-la-population\/\",\"name\":\"\\u00ab En situation de crise, il faut informer toujours plus la population \\u00bb - In Magazines\",\"isPartOf\":{\"@id\":\"https:\/\/www.in-magazines.com\/magazine\/#website\"},\"primaryImageOfPage\":{\"@id\":\"https:\/\/www.in-magazines.com\/magazine\/sommaire\/inantipolis-14\/en-situation-de-crise-il-faut-informer-toujours-plus-la-population\/#primaryimage\"},\"datePublished\":\"2020-05-08T10:29:00+00:00\",\"dateModified\":\"2021-06-03T09:05:13+00:00\",\"author\":{\"@id\":\"https:\/\/www.in-magazines.com\/magazine\/#\/schema\/person\/c27e7dabb9a1ef380814bdd5636d07e3\"},\"breadcrumb\":{\"@id\":\"https:\/\/www.in-magazines.com\/magazine\/sommaire\/inantipolis-14\/en-situation-de-crise-il-faut-informer-toujours-plus-la-population\/#breadcrumb\"},\"inLanguage\":\"fr-FR\",\"potentialAction\":[{\"@type\":\"ReadAction\",\"target\":[\"https:\/\/www.in-magazines.com\/magazine\/sommaire\/inantipolis-14\/en-situation-de-crise-il-faut-informer-toujours-plus-la-population\/\"]}]},{\"@type\":\"BreadcrumbList\",\"@id\":\"https:\/\/www.in-magazines.com\/magazine\/sommaire\/inantipolis-14\/en-situation-de-crise-il-faut-informer-toujours-plus-la-population\/#breadcrumb\",\"itemListElement\":[{\"@type\":\"ListItem\",\"position\":1,\"item\":{\"@id\":\"https:\/\/www.in-magazines.com\/magazine\/sommaire\/inantipolis-14\/en-situation-de-crise-il-faut-informer-toujours-plus-la-population\/#webpage\"}}]},{\"@type\":\"Person\",\"@id\":\"https:\/\/www.in-magazines.com\/magazine\/#\/schema\/person\/c27e7dabb9a1ef380814bdd5636d07e3\",\"name\":\"backinmag\",\"image\":{\"@type\":\"ImageObject\",\"@id\":\"https:\/\/www.in-magazines.com\/magazine\/#personlogo\",\"inLanguage\":\"fr-FR\",\"url\":\"https:\/\/secure.gravatar.com\/avatar\/13a234bb19dc4fd04793d73c3472fbdb?s=96&d=mm&r=g\",\"contentUrl\":\"https:\/\/secure.gravatar.com\/avatar\/13a234bb19dc4fd04793d73c3472fbdb?s=96&d=mm&r=g\",\"caption\":\"backinmag\"},\"sameAs\":[\"http:\/\/www.in-magazines.com\/magazin\"]}]}<\/script>\n<!-- \/ Yoast SEO plugin. -->","_links":{"self":[{"href":"https:\/\/www.in-magazines.com\/magazine\/wp-json\/wp\/v2\/posts\/1045"}],"collection":[{"href":"https:\/\/www.in-magazines.com\/magazine\/wp-json\/wp\/v2\/posts"}],"about":[{"href":"https:\/\/www.in-magazines.com\/magazine\/wp-json\/wp\/v2\/types\/post"}],"author":[{"embeddable":true,"href":"https:\/\/www.in-magazines.com\/magazine\/wp-json\/wp\/v2\/users\/1"}],"replies":[{"embeddable":true,"href":"https:\/\/www.in-magazines.com\/magazine\/wp-json\/wp\/v2\/comments?post=1045"}],"version-history":[{"count":2,"href":"https:\/\/www.in-magazines.com\/magazine\/wp-json\/wp\/v2\/posts\/1045\/revisions"}],"predecessor-version":[{"id":2819,"href":"https:\/\/www.in-magazines.com\/magazine\/wp-json\/wp\/v2\/posts\/1045\/revisions\/2819"}],"wp:featuredmedia":[{"embeddable":true,"href":"https:\/\/www.in-magazines.com\/magazine\/wp-json\/wp\/v2\/media\/1046"}],"wp:attachment":[{"href":"https:\/\/www.in-magazines.com\/magazine\/wp-json\/wp\/v2\/media?parent=1045"}],"wp:term":[{"taxonomy":"category","embeddable":true,"href":"https:\/\/www.in-magazines.com\/magazine\/wp-json\/wp\/v2\/categories?post=1045"},{"taxonomy":"post_tag","embeddable":true,"href":"https:\/\/www.in-magazines.com\/magazine\/wp-json\/wp\/v2\/tags?post=1045"}],"curies":[{"name":"wp","href":"https:\/\/api.w.org\/{rel}","templated":true}]}}