

{"id":10452,"date":"2023-03-06T06:24:00","date_gmt":"2023-03-06T06:24:00","guid":{"rendered":"https:\/\/www.in-magazines.com\/magazine\/?p=10452"},"modified":"2023-03-03T08:16:38","modified_gmt":"2023-03-03T08:16:38","slug":"la-ville-de-nice-veut-equiper-ses-batiments-publics-photovoltaique","status":"publish","type":"post","link":"https:\/\/www.in-magazines.com\/magazine\/sommaire\/inmagazine-31\/la-ville-de-nice-veut-equiper-ses-batiments-publics-photovoltaique\/","title":{"rendered":"LA VILLE DE NICE veut \u00e9quiper ses b\u00e2timents publics PHOTOVOLTAIQUE"},"content":{"rendered":"\n<p>Le d\u00e9veloppement du solaire photovolta\u00efque est un des grands axes du Plan Climat m\u00e9tropolitain, qui pr\u00e9voit notamment d\u2019augmenter de 18 % la part d\u2019\u00e9nergies renouvelables dans le mix \u00e9nerg\u00e9tique.<\/p>\n\n\n\n<p>L\u2019\u00e9nergie solaire, directement li\u00e9e au taux d\u2019ensoleillement exceptionnel du territoire, permet de fournir une \u00e9lectricit\u00e9 d\u00e9carbon\u00e9e, \u00e0 co\u00fbt ma\u00eetris\u00e9, tout en am\u00e9liorant l\u2019autonomie des activit\u00e9s et des logements.<\/p>\n\n\n\n<p>Dans ce cadre, la M\u00e9tropole Nice C\u00f4te d\u2019Azur a lanc\u00e9, en f\u00e9vrier, un appel \u00e0 manifestation d\u2019int\u00e9r\u00eat aupr\u00e8s des op\u00e9rateurs priv\u00e9s pour \u00e9quiper en panneaux solaires photovolta\u00efques les b\u00e2timents publics de la Ville de Nice et de la M\u00e9tropole Nice C\u00f4te d\u2019Azur.<\/p>\n\n\n\n<p>En plus de l\u2019accompagnement et de l\u2019incitation de tous les particuliers et entreprises \u00e0 installer leurs propres panneaux solaires via la cartographie du potentiel solaire des maisons et copropri\u00e9t\u00e9s de la M\u00e9tropole ou le guichet de la r\u00e9novation \u00e9nerg\u00e9tique, la M\u00e9tropole Nice C\u00f4te d\u2019Azur souhaite ainsi \u00e9quiper 15 b\u00e2timents publics d\u00e8s 2023. Cet appel \u00e0 manifestation d\u2019int\u00e9r\u00eat s\u2019adresse \u00e0 tous les porteurs de projets sp\u00e9cialis\u00e9s dans la conception, la mise en place et l\u2019exploitation de parcs photovolta\u00efques.<\/p>\n\n\n<a href=\"#\" class=\"_3d-flip-book  fb3d-link-lightbox-mode\" data-id=\"10297\" data-mode=\"link-lightbox\" data-title=\"false\" data-template=\"short-white-book-view\" data-lightbox=\"dark\" data-urlparam=\"fb3d-page\" data-page-n=\"0\" data-pdf=\"\" data-tax=\"null\" data-thumbnail=\"\" data-cols=\"3\" data-query=\"\"><img decoding=\"async\" src=\"http:\/\/www.in-magazines.com\/magazine\/wp-content\/uploads\/2021\/05\/btn.jpg\"><\/a>\n","protected":false},"excerpt":{"rendered":"<p>Le d&eacute;veloppement du solaire photovolta&iuml;que est un des grands axes du Plan Climat m&eacute;tropolitain, qui pr&eacute;voit notamment d&rsquo;augmenter de 18 % la part d&rsquo;&eacute;nergies renouvelables dans le mix &eacute;nerg&eacute;tique. L&rsquo;&eacute;nergie solaire, directement li&eacute;e au taux d&rsquo;ensoleillement exceptionnel du territoire, permet de fournir une &eacute;lectricit&eacute; d&eacute;carbon&eacute;e, &agrave; co&ucirc;t ma&icirc;tris&eacute;, tout en am&eacute;liorant l&rsquo;autonomie des activit&eacute;s et&hellip; <a class=\"more-link\" href=\"https:\/\/www.in-magazines.com\/magazine\/sommaire\/inmagazine-31\/la-ville-de-nice-veut-equiper-ses-batiments-publics-photovoltaique\/\">Poursuivre la lecture <span class=\"screen-reader-text\">LA VILLE DE NICE veut \u00e9quiper ses b\u00e2timents publics PHOTOVOLTAIQUE<\/span><\/a><\/p>\n","protected":false},"author":1,"featured_media":10453,"comment_status":"open","ping_status":"open","sticky":false,"template":"","format":"standard","meta":{"footnotes":""},"categories":[1933,1698],"tags":[1980,1981],"yoast_head":"<!-- This site is optimized with the Yoast SEO plugin v16.2 - https:\/\/yoast.com\/wordpress\/plugins\/seo\/ -->\n<title>LA VILLE DE NICE veut \u00e9quiper ses b\u00e2timents publics PHOTOVOLTAIQUE - In Magazines<\/title>\n<meta name=\"robots\" content=\"index, follow, max-snippet:-1, max-image-preview:large, max-video-preview:-1\" \/>\n<link rel=\"canonical\" href=\"https:\/\/www.in-magazines.com\/magazine\/categories\/btp-artisanat-habitat-immobilier\/la-ville-de-nice-veut-equiper-ses-batiments-publics-photovoltaique\/\" \/>\n<meta property=\"og:locale\" content=\"fr_FR\" \/>\n<meta property=\"og:type\" content=\"article\" \/>\n<meta property=\"og:title\" content=\"LA VILLE DE NICE veut \u00e9quiper ses b\u00e2timents publics PHOTOVOLTAIQUE - In Magazines\" \/>\n<meta property=\"og:description\" content=\"Le d&eacute;veloppement du solaire photovolta&iuml;que est un des grands axes du Plan Climat m&eacute;tropolitain, qui pr&eacute;voit notamment d&rsquo;augmenter de 18 % la part d&rsquo;&eacute;nergies renouvelables dans le mix &eacute;nerg&eacute;tique. L&rsquo;&eacute;nergie solaire, directement li&eacute;e au taux d&rsquo;ensoleillement exceptionnel du territoire, permet de fournir une &eacute;lectricit&eacute; d&eacute;carbon&eacute;e, &agrave; co&ucirc;t ma&icirc;tris&eacute;, tout en am&eacute;liorant l&rsquo;autonomie des activit&eacute;s et&hellip; Poursuivre la lecture LA VILLE DE NICE veut \u00e9quiper ses b\u00e2timents publics PHOTOVOLTAIQUE\" \/>\n<meta property=\"og:url\" content=\"https:\/\/www.in-magazines.com\/magazine\/categories\/btp-artisanat-habitat-immobilier\/la-ville-de-nice-veut-equiper-ses-batiments-publics-photovoltaique\/\" \/>\n<meta property=\"og:site_name\" content=\"In Magazines\" \/>\n<meta property=\"article:published_time\" content=\"2023-03-06T06:24:00+00:00\" \/>\n<meta property=\"article:modified_time\" content=\"2023-03-03T08:16:38+00:00\" \/>\n<meta property=\"og:image\" content=\"https:\/\/www.in-magazines.com\/magazine\/wp-content\/uploads\/2023\/03\/LA-VILLE-DE-NICE-veut-equiper-ses-batiments-publics-PHOTOVOLTAIQUE.jpg\" \/>\n\t<meta property=\"og:image:width\" content=\"750\" \/>\n\t<meta property=\"og:image:height\" content=\"711\" \/>\n<meta name=\"twitter:label1\" content=\"Dur\u00e9e de lecture est.\">\n\t<meta name=\"twitter:data1\" content=\"1 minute\">\n<script type=\"application\/ld+json\" class=\"yoast-schema-graph\">{\"@context\":\"https:\/\/schema.org\",\"@graph\":[{\"@type\":\"WebSite\",\"@id\":\"https:\/\/www.in-magazines.com\/magazine\/#website\",\"url\":\"https:\/\/www.in-magazines.com\/magazine\/\",\"name\":\"In Magazines\",\"description\":\"\",\"potentialAction\":[{\"@type\":\"SearchAction\",\"target\":\"https:\/\/www.in-magazines.com\/magazine\/?s={search_term_string}\",\"query-input\":\"required name=search_term_string\"}],\"inLanguage\":\"fr-FR\"},{\"@type\":\"ImageObject\",\"@id\":\"https:\/\/www.in-magazines.com\/magazine\/categories\/btp-artisanat-habitat-immobilier\/la-ville-de-nice-veut-equiper-ses-batiments-publics-photovoltaique\/#primaryimage\",\"inLanguage\":\"fr-FR\",\"url\":\"https:\/\/www.in-magazines.com\/magazine\/wp-content\/uploads\/2023\/03\/LA-VILLE-DE-NICE-veut-equiper-ses-batiments-publics-PHOTOVOLTAIQUE.jpg\",\"contentUrl\":\"https:\/\/www.in-magazines.com\/magazine\/wp-content\/uploads\/2023\/03\/LA-VILLE-DE-NICE-veut-equiper-ses-batiments-publics-PHOTOVOLTAIQUE.jpg\",\"width\":750,\"height\":711},{\"@type\":\"WebPage\",\"@id\":\"https:\/\/www.in-magazines.com\/magazine\/categories\/btp-artisanat-habitat-immobilier\/la-ville-de-nice-veut-equiper-ses-batiments-publics-photovoltaique\/#webpage\",\"url\":\"https:\/\/www.in-magazines.com\/magazine\/categories\/btp-artisanat-habitat-immobilier\/la-ville-de-nice-veut-equiper-ses-batiments-publics-photovoltaique\/\",\"name\":\"LA VILLE DE NICE veut \\u00e9quiper ses b\\u00e2timents publics PHOTOVOLTAIQUE - In Magazines\",\"isPartOf\":{\"@id\":\"https:\/\/www.in-magazines.com\/magazine\/#website\"},\"primaryImageOfPage\":{\"@id\":\"https:\/\/www.in-magazines.com\/magazine\/categories\/btp-artisanat-habitat-immobilier\/la-ville-de-nice-veut-equiper-ses-batiments-publics-photovoltaique\/#primaryimage\"},\"datePublished\":\"2023-03-06T06:24:00+00:00\",\"dateModified\":\"2023-03-03T08:16:38+00:00\",\"author\":{\"@id\":\"https:\/\/www.in-magazines.com\/magazine\/#\/schema\/person\/c27e7dabb9a1ef380814bdd5636d07e3\"},\"breadcrumb\":{\"@id\":\"https:\/\/www.in-magazines.com\/magazine\/categories\/btp-artisanat-habitat-immobilier\/la-ville-de-nice-veut-equiper-ses-batiments-publics-photovoltaique\/#breadcrumb\"},\"inLanguage\":\"fr-FR\",\"potentialAction\":[{\"@type\":\"ReadAction\",\"target\":[\"https:\/\/www.in-magazines.com\/magazine\/categories\/btp-artisanat-habitat-immobilier\/la-ville-de-nice-veut-equiper-ses-batiments-publics-photovoltaique\/\"]}]},{\"@type\":\"BreadcrumbList\",\"@id\":\"https:\/\/www.in-magazines.com\/magazine\/categories\/btp-artisanat-habitat-immobilier\/la-ville-de-nice-veut-equiper-ses-batiments-publics-photovoltaique\/#breadcrumb\",\"itemListElement\":[{\"@type\":\"ListItem\",\"position\":1,\"item\":{\"@id\":\"https:\/\/www.in-magazines.com\/magazine\/categories\/btp-artisanat-habitat-immobilier\/la-ville-de-nice-veut-equiper-ses-batiments-publics-photovoltaique\/#webpage\"}}]},{\"@type\":\"Person\",\"@id\":\"https:\/\/www.in-magazines.com\/magazine\/#\/schema\/person\/c27e7dabb9a1ef380814bdd5636d07e3\",\"name\":\"backinmag\",\"image\":{\"@type\":\"ImageObject\",\"@id\":\"https:\/\/www.in-magazines.com\/magazine\/#personlogo\",\"inLanguage\":\"fr-FR\",\"url\":\"https:\/\/secure.gravatar.com\/avatar\/13a234bb19dc4fd04793d73c3472fbdb?s=96&d=mm&r=g\",\"contentUrl\":\"https:\/\/secure.gravatar.com\/avatar\/13a234bb19dc4fd04793d73c3472fbdb?s=96&d=mm&r=g\",\"caption\":\"backinmag\"},\"sameAs\":[\"http:\/\/www.in-magazines.com\/magazin\"]}]}<\/script>\n<!-- \/ Yoast SEO plugin. -->","_links":{"self":[{"href":"https:\/\/www.in-magazines.com\/magazine\/wp-json\/wp\/v2\/posts\/10452"}],"collection":[{"href":"https:\/\/www.in-magazines.com\/magazine\/wp-json\/wp\/v2\/posts"}],"about":[{"href":"https:\/\/www.in-magazines.com\/magazine\/wp-json\/wp\/v2\/types\/post"}],"author":[{"embeddable":true,"href":"https:\/\/www.in-magazines.com\/magazine\/wp-json\/wp\/v2\/users\/1"}],"replies":[{"embeddable":true,"href":"https:\/\/www.in-magazines.com\/magazine\/wp-json\/wp\/v2\/comments?post=10452"}],"version-history":[{"count":2,"href":"https:\/\/www.in-magazines.com\/magazine\/wp-json\/wp\/v2\/posts\/10452\/revisions"}],"predecessor-version":[{"id":10455,"href":"https:\/\/www.in-magazines.com\/magazine\/wp-json\/wp\/v2\/posts\/10452\/revisions\/10455"}],"wp:featuredmedia":[{"embeddable":true,"href":"https:\/\/www.in-magazines.com\/magazine\/wp-json\/wp\/v2\/media\/10453"}],"wp:attachment":[{"href":"https:\/\/www.in-magazines.com\/magazine\/wp-json\/wp\/v2\/media?parent=10452"}],"wp:term":[{"taxonomy":"category","embeddable":true,"href":"https:\/\/www.in-magazines.com\/magazine\/wp-json\/wp\/v2\/categories?post=10452"},{"taxonomy":"post_tag","embeddable":true,"href":"https:\/\/www.in-magazines.com\/magazine\/wp-json\/wp\/v2\/tags?post=10452"}],"curies":[{"name":"wp","href":"https:\/\/api.w.org\/{rel}","templated":true}]}}