

{"id":10456,"date":"2023-03-06T06:23:00","date_gmt":"2023-03-06T06:23:00","guid":{"rendered":"https:\/\/www.in-magazines.com\/magazine\/?p=10456"},"modified":"2023-03-03T08:24:44","modified_gmt":"2023-03-03T08:24:44","slug":"mipim-limmobilier-durable-au-centre-des-debats","status":"publish","type":"post","link":"https:\/\/www.in-magazines.com\/magazine\/sommaire\/inmagazine-31\/mipim-limmobilier-durable-au-centre-des-debats\/","title":{"rendered":"MIPIM : L\u2019IMMOBILIER DURABLE au centre des d\u00e9bats"},"content":{"rendered":"\n<p>C\u2019est un invit\u00e9 exceptionnel, Jeremy Rifkin, qui ouvrira le prochain MIPIM (March\u00e9 International des Professionnels de l\u2019Immobilier), du 14 au 17 mars, au Palais des Festivals de Cannes, lors d\u2019une \u00e9dition qui devrait accueillir plus de 15 % de nouveaux visiteurs, au-del\u00e0 de la zone Europe.<\/p>\n\n\n\n<p>Le Professeur Rifkin, grand sp\u00e9cialiste de la prospective \u00e9conomique, auteur de 20 ouvrages \u00e0 succ\u00e8s, interviendra en ouverture de congr\u00e8s avec une keynote d\u00e9di\u00e9e \u00e0 l\u2019importance de l\u2019innovation dans la transformation du secteur de l\u2019immobilier vers un mod\u00e8le plus durable.<\/p>\n\n\n\n<p>Le professeur Rifkin est principalement connu pour ses travaux influents sur la troisi\u00e8me r\u00e9volution industrielle, pour lesquels il est conseiller aupr\u00e8s de l&rsquo;Union europ\u00e9enne. Son \u00e9quipe, d\u00e9di\u00e9e \u00e0 l\u2019\u00e9tude du d\u00e9veloppement \u00e9conomique mondial, travaille conjointement avec les villes, les r\u00e9gions et les gouvernements nationaux afin de d\u00e9velopper une infrastructure IoT et un futur collaboratif. Il discutera des effets des avanc\u00e9es scientifiques et technologiques sur l&rsquo;\u00e9conomie, la soci\u00e9t\u00e9 et l&rsquo;environnement.<\/p>\n\n\n\n<h2 class=\"wp-block-heading\">Mode de vies alternatifs : nouveau sommet<\/h2>\n\n\n\n<p>&nbsp;De nombreuses d\u00e9l\u00e9gations feront cette ann\u00e9e le d\u00e9placement, issues de grandes villes et r\u00e9gions internationales, \u00e0 l\u2019image du Japon, du Canada, des Etats-Unis, du Br\u00e9sil, du Qatar, de l\u2019Egypte ou de l\u2019Arabie Saoudite. C\u00f4t\u00e9 nouveaut\u00e9s, un nouveau sommet international sera lanc\u00e9, au sujet de la croissance des modes de vie alternatifs au sein de la classe d\u2019actifs r\u00e9sidentiels : MIPIM Co-Liv Summit, appel\u00e9 \u00e0 devenir un \u00e9v\u00e9nement annuel.<\/p>\n\n\n\n<p>Un nouvel espace, \u00ab Road to Zero \u00bb, combinera sur 400 m\u00b2 des espaces d\u2019exposition, de networking et de conf\u00e9rence sp\u00e9cialement ax\u00e9s sur l\u2019acc\u00e9l\u00e9ration de la transformation de l\u2019environnement b\u00e2ti en un mod\u00e8le plus durable. De nouvelles salles de conf\u00e9rence sont aussi pr\u00e9vues comme l\u2019infrastructure \u00ab Stage \u00bb, qui s\u2019int\u00e9ressera \u00e0 l\u2019impact sur l\u2019immobilier des transports, des d\u00e9chets, de l\u2019eau ou des data centers.<\/p>\n\n\n<a href=\"#\" class=\"_3d-flip-book  fb3d-link-lightbox-mode\" data-id=\"10298\" data-mode=\"link-lightbox\" data-title=\"false\" data-template=\"short-white-book-view\" data-lightbox=\"dark\" data-urlparam=\"fb3d-page\" data-page-n=\"0\" data-pdf=\"\" data-tax=\"null\" data-thumbnail=\"\" data-cols=\"3\" data-query=\"\"><img decoding=\"async\" src=\"http:\/\/www.in-magazines.com\/magazine\/wp-content\/uploads\/2021\/05\/btn.jpg\"><\/a>\n","protected":false},"excerpt":{"rendered":"<p>C&rsquo;est un invit&eacute; exceptionnel, Jeremy Rifkin, qui ouvrira le prochain MIPIM (March&eacute; International des Professionnels de l&rsquo;Immobilier), du 14 au 17 mars, au Palais des Festivals de Cannes, lors d&rsquo;une &eacute;dition qui devrait accueillir plus de 15 % de nouveaux visiteurs, au-del&agrave; de la zone Europe. Le Professeur Rifkin, grand sp&eacute;cialiste de la prospective &eacute;conomique,&hellip; <a class=\"more-link\" href=\"https:\/\/www.in-magazines.com\/magazine\/sommaire\/inmagazine-31\/mipim-limmobilier-durable-au-centre-des-debats\/\">Poursuivre la lecture <span class=\"screen-reader-text\">MIPIM : L\u2019IMMOBILIER DURABLE au centre des d\u00e9bats<\/span><\/a><\/p>\n","protected":false},"author":1,"featured_media":10457,"comment_status":"open","ping_status":"open","sticky":false,"template":"","format":"standard","meta":{"footnotes":""},"categories":[1933,1698],"tags":[1982,1983],"yoast_head":"<!-- This site is optimized with the Yoast SEO plugin v16.2 - https:\/\/yoast.com\/wordpress\/plugins\/seo\/ -->\n<title>MIPIM : L\u2019IMMOBILIER DURABLE au centre des d\u00e9bats - In Magazines<\/title>\n<meta name=\"robots\" content=\"index, follow, max-snippet:-1, max-image-preview:large, max-video-preview:-1\" \/>\n<link rel=\"canonical\" href=\"https:\/\/www.in-magazines.com\/magazine\/categories\/btp-artisanat-habitat-immobilier\/mipim-limmobilier-durable-au-centre-des-debats\/\" \/>\n<meta property=\"og:locale\" content=\"fr_FR\" \/>\n<meta property=\"og:type\" content=\"article\" \/>\n<meta property=\"og:title\" content=\"MIPIM : L\u2019IMMOBILIER DURABLE au centre des d\u00e9bats - In Magazines\" \/>\n<meta property=\"og:description\" content=\"C&rsquo;est un invit&eacute; exceptionnel, Jeremy Rifkin, qui ouvrira le prochain MIPIM (March&eacute; International des Professionnels de l&rsquo;Immobilier), du 14 au 17 mars, au Palais des Festivals de Cannes, lors d&rsquo;une &eacute;dition qui devrait accueillir plus de 15 % de nouveaux visiteurs, au-del&agrave; de la zone Europe. Le Professeur Rifkin, grand sp&eacute;cialiste de la prospective &eacute;conomique,&hellip; Poursuivre la lecture MIPIM : L\u2019IMMOBILIER DURABLE au centre des d\u00e9bats\" \/>\n<meta property=\"og:url\" content=\"https:\/\/www.in-magazines.com\/magazine\/categories\/btp-artisanat-habitat-immobilier\/mipim-limmobilier-durable-au-centre-des-debats\/\" \/>\n<meta property=\"og:site_name\" content=\"In Magazines\" \/>\n<meta property=\"article:published_time\" content=\"2023-03-06T06:23:00+00:00\" \/>\n<meta property=\"article:modified_time\" content=\"2023-03-03T08:24:44+00:00\" \/>\n<meta property=\"og:image\" content=\"https:\/\/www.in-magazines.com\/magazine\/wp-content\/uploads\/2023\/03\/MIPIM-L-IMMOBILIER-DURABLE-au-centre-des-debats.jpg\" \/>\n\t<meta property=\"og:image:width\" content=\"750\" \/>\n\t<meta property=\"og:image:height\" content=\"750\" \/>\n<meta name=\"twitter:label1\" content=\"Dur\u00e9e de lecture est.\">\n\t<meta name=\"twitter:data1\" content=\"2 minutes\">\n<script type=\"application\/ld+json\" class=\"yoast-schema-graph\">{\"@context\":\"https:\/\/schema.org\",\"@graph\":[{\"@type\":\"WebSite\",\"@id\":\"https:\/\/www.in-magazines.com\/magazine\/#website\",\"url\":\"https:\/\/www.in-magazines.com\/magazine\/\",\"name\":\"In Magazines\",\"description\":\"\",\"potentialAction\":[{\"@type\":\"SearchAction\",\"target\":\"https:\/\/www.in-magazines.com\/magazine\/?s={search_term_string}\",\"query-input\":\"required name=search_term_string\"}],\"inLanguage\":\"fr-FR\"},{\"@type\":\"ImageObject\",\"@id\":\"https:\/\/www.in-magazines.com\/magazine\/categories\/btp-artisanat-habitat-immobilier\/mipim-limmobilier-durable-au-centre-des-debats\/#primaryimage\",\"inLanguage\":\"fr-FR\",\"url\":\"https:\/\/www.in-magazines.com\/magazine\/wp-content\/uploads\/2023\/03\/MIPIM-L-IMMOBILIER-DURABLE-au-centre-des-debats.jpg\",\"contentUrl\":\"https:\/\/www.in-magazines.com\/magazine\/wp-content\/uploads\/2023\/03\/MIPIM-L-IMMOBILIER-DURABLE-au-centre-des-debats.jpg\",\"width\":750,\"height\":750},{\"@type\":\"WebPage\",\"@id\":\"https:\/\/www.in-magazines.com\/magazine\/categories\/btp-artisanat-habitat-immobilier\/mipim-limmobilier-durable-au-centre-des-debats\/#webpage\",\"url\":\"https:\/\/www.in-magazines.com\/magazine\/categories\/btp-artisanat-habitat-immobilier\/mipim-limmobilier-durable-au-centre-des-debats\/\",\"name\":\"MIPIM : L\\u2019IMMOBILIER DURABLE au centre des d\\u00e9bats - In Magazines\",\"isPartOf\":{\"@id\":\"https:\/\/www.in-magazines.com\/magazine\/#website\"},\"primaryImageOfPage\":{\"@id\":\"https:\/\/www.in-magazines.com\/magazine\/categories\/btp-artisanat-habitat-immobilier\/mipim-limmobilier-durable-au-centre-des-debats\/#primaryimage\"},\"datePublished\":\"2023-03-06T06:23:00+00:00\",\"dateModified\":\"2023-03-03T08:24:44+00:00\",\"author\":{\"@id\":\"https:\/\/www.in-magazines.com\/magazine\/#\/schema\/person\/c27e7dabb9a1ef380814bdd5636d07e3\"},\"breadcrumb\":{\"@id\":\"https:\/\/www.in-magazines.com\/magazine\/categories\/btp-artisanat-habitat-immobilier\/mipim-limmobilier-durable-au-centre-des-debats\/#breadcrumb\"},\"inLanguage\":\"fr-FR\",\"potentialAction\":[{\"@type\":\"ReadAction\",\"target\":[\"https:\/\/www.in-magazines.com\/magazine\/categories\/btp-artisanat-habitat-immobilier\/mipim-limmobilier-durable-au-centre-des-debats\/\"]}]},{\"@type\":\"BreadcrumbList\",\"@id\":\"https:\/\/www.in-magazines.com\/magazine\/categories\/btp-artisanat-habitat-immobilier\/mipim-limmobilier-durable-au-centre-des-debats\/#breadcrumb\",\"itemListElement\":[{\"@type\":\"ListItem\",\"position\":1,\"item\":{\"@id\":\"https:\/\/www.in-magazines.com\/magazine\/categories\/btp-artisanat-habitat-immobilier\/mipim-limmobilier-durable-au-centre-des-debats\/#webpage\"}}]},{\"@type\":\"Person\",\"@id\":\"https:\/\/www.in-magazines.com\/magazine\/#\/schema\/person\/c27e7dabb9a1ef380814bdd5636d07e3\",\"name\":\"backinmag\",\"image\":{\"@type\":\"ImageObject\",\"@id\":\"https:\/\/www.in-magazines.com\/magazine\/#personlogo\",\"inLanguage\":\"fr-FR\",\"url\":\"https:\/\/secure.gravatar.com\/avatar\/13a234bb19dc4fd04793d73c3472fbdb?s=96&d=mm&r=g\",\"contentUrl\":\"https:\/\/secure.gravatar.com\/avatar\/13a234bb19dc4fd04793d73c3472fbdb?s=96&d=mm&r=g\",\"caption\":\"backinmag\"},\"sameAs\":[\"http:\/\/www.in-magazines.com\/magazin\"]}]}<\/script>\n<!-- \/ Yoast SEO plugin. -->","_links":{"self":[{"href":"https:\/\/www.in-magazines.com\/magazine\/wp-json\/wp\/v2\/posts\/10456"}],"collection":[{"href":"https:\/\/www.in-magazines.com\/magazine\/wp-json\/wp\/v2\/posts"}],"about":[{"href":"https:\/\/www.in-magazines.com\/magazine\/wp-json\/wp\/v2\/types\/post"}],"author":[{"embeddable":true,"href":"https:\/\/www.in-magazines.com\/magazine\/wp-json\/wp\/v2\/users\/1"}],"replies":[{"embeddable":true,"href":"https:\/\/www.in-magazines.com\/magazine\/wp-json\/wp\/v2\/comments?post=10456"}],"version-history":[{"count":2,"href":"https:\/\/www.in-magazines.com\/magazine\/wp-json\/wp\/v2\/posts\/10456\/revisions"}],"predecessor-version":[{"id":10459,"href":"https:\/\/www.in-magazines.com\/magazine\/wp-json\/wp\/v2\/posts\/10456\/revisions\/10459"}],"wp:featuredmedia":[{"embeddable":true,"href":"https:\/\/www.in-magazines.com\/magazine\/wp-json\/wp\/v2\/media\/10457"}],"wp:attachment":[{"href":"https:\/\/www.in-magazines.com\/magazine\/wp-json\/wp\/v2\/media?parent=10456"}],"wp:term":[{"taxonomy":"category","embeddable":true,"href":"https:\/\/www.in-magazines.com\/magazine\/wp-json\/wp\/v2\/categories?post=10456"},{"taxonomy":"post_tag","embeddable":true,"href":"https:\/\/www.in-magazines.com\/magazine\/wp-json\/wp\/v2\/tags?post=10456"}],"curies":[{"name":"wp","href":"https:\/\/api.w.org\/{rel}","templated":true}]}}