

{"id":10460,"date":"2023-03-06T06:22:00","date_gmt":"2023-03-06T06:22:00","guid":{"rendered":"https:\/\/www.in-magazines.com\/magazine\/?p=10460"},"modified":"2023-03-03T08:31:24","modified_gmt":"2023-03-03T08:31:24","slug":"amenagement-despace-de-travail-conjuguer-bien-etre-et-productivite","status":"publish","type":"post","link":"https:\/\/www.in-magazines.com\/magazine\/sommaire\/inmagazine-31\/amenagement-despace-de-travail-conjuguer-bien-etre-et-productivite\/","title":{"rendered":"Am\u00e9nagement d\u2019espace de travail : CONJUGUER BIEN \u00caTRE ET PRODUCTIVIT\u00c9"},"content":{"rendered":"\n<p>Promouvoir par l\u2019exemple : chez Buro Am\u00e9nagement, la RSE n\u2019est pas une ambition nouvelle, elle fait partie de l\u2019ADN depuis les d\u00e9buts. Les locaux de l\u2019entreprise sont la parfaite illustration que bien-\u00eatre et productivit\u00e9 ne sont pas deux concepts \u00e0 opposer au travail\u2026<\/p>\n\n\n\n<p><strong>Pourquoi \u00eates-vous au c\u0153ur de la notion de RSE ?<\/strong><\/p>\n\n\n\n<p>Suzanne Alcantara : l\u2019activit\u00e9 de Buro Am\u00e9nagement couvre l\u2019ensemble du spectre de la RSE : nous concevons et am\u00e9nageons des espaces de travail et en cela, notre responsabilit\u00e9 sociale est de promouvoir le bien-\u00eatre au travail, chez nos clients, comme au sein de notre propre entreprise. <br>Notre responsabilit\u00e9 environnementale tient dans l\u2019am\u00e9lioration permanente du bilan de nos r\u00e9alisations, tant dans le choix des mat\u00e9riaux, que dans nos pratiques et dans le conseil que nous apportons \u00e0 nos clients.<\/p>\n\n\n\n<p><strong>Vous-m\u00eame montrez donc l\u2019exemple : en quoi cela consiste-t-il ?<\/strong><\/p>\n\n\n\n<p>Nous concilions performance et passion, nous sommes convaincus de ce que nous mettons en \u0153uvre et conscients de notre responsabilit\u00e9. Lorsque nous pensons un environnement de travail, nous pensons \u00ab qualit\u00e9 de vie au travail&nbsp; \u00bb mais aussi engagement social et soci\u00e9tal. Nos partenaires sont des fabricants \u00e9co labellis\u00e9s avec des mat\u00e9riaux sourc\u00e9s, fortement recyclables. Nous collaborons avec plusieurs associations de soutien ou d\u2019int\u00e9gration \u00e0 la vie professionnelle : leur production, souvent du petit mobilier, est un plus dans les am\u00e9nagements et participe \u00e0 notre d\u00e9marche. C\u2019est une satisfaction pour nos clients et nous-m\u00eames. Quand la politique RSE est sinc\u00e8re et authentique, l\u2019adh\u00e9sion est au rendez-vous, la d\u00e9marche devient culturelle et se diffuse dans tous les projets.<\/p>\n\n\n<a href=\"#\" class=\"_3d-flip-book  fb3d-link-lightbox-mode\" data-id=\"10299\" data-mode=\"link-lightbox\" data-title=\"false\" data-template=\"short-white-book-view\" data-lightbox=\"dark\" data-urlparam=\"fb3d-page\" data-page-n=\"0\" data-pdf=\"\" data-tax=\"null\" data-thumbnail=\"\" data-cols=\"3\" data-query=\"\"><img decoding=\"async\" src=\"http:\/\/www.in-magazines.com\/magazine\/wp-content\/uploads\/2021\/05\/btn.jpg\"><\/a>\n","protected":false},"excerpt":{"rendered":"<p>Promouvoir par l&rsquo;exemple : chez Buro Am&eacute;nagement, la RSE n&rsquo;est pas une ambition nouvelle, elle fait partie de l&rsquo;ADN depuis les d&eacute;buts. Les locaux de l&rsquo;entreprise sont la parfaite illustration que bien-&ecirc;tre et productivit&eacute; ne sont pas deux concepts &agrave; opposer au travail&hellip; Pourquoi &ecirc;tes-vous au c&oelig;ur de la notion de RSE ? Suzanne Alcantara&hellip; <a class=\"more-link\" href=\"https:\/\/www.in-magazines.com\/magazine\/sommaire\/inmagazine-31\/amenagement-despace-de-travail-conjuguer-bien-etre-et-productivite\/\">Poursuivre la lecture <span class=\"screen-reader-text\">Am\u00e9nagement d\u2019espace de travail : CONJUGUER BIEN \u00caTRE ET PRODUCTIVIT\u00c9<\/span><\/a><\/p>\n","protected":false},"author":1,"featured_media":10461,"comment_status":"open","ping_status":"open","sticky":false,"template":"","format":"standard","meta":{"footnotes":""},"categories":[1933,1698],"tags":[1882,1984],"yoast_head":"<!-- This site is optimized with the Yoast SEO plugin v16.2 - https:\/\/yoast.com\/wordpress\/plugins\/seo\/ -->\n<title>Am\u00e9nagement d\u2019espace de travail : CONJUGUER BIEN \u00caTRE ET PRODUCTIVIT\u00c9 - In Magazines<\/title>\n<meta name=\"robots\" content=\"index, follow, max-snippet:-1, max-image-preview:large, max-video-preview:-1\" \/>\n<link rel=\"canonical\" href=\"https:\/\/www.in-magazines.com\/magazine\/categories\/btp-artisanat-habitat-immobilier\/amenagement-despace-de-travail-conjuguer-bien-etre-et-productivite\/\" \/>\n<meta property=\"og:locale\" content=\"fr_FR\" \/>\n<meta property=\"og:type\" content=\"article\" \/>\n<meta property=\"og:title\" content=\"Am\u00e9nagement d\u2019espace de travail : CONJUGUER BIEN \u00caTRE ET PRODUCTIVIT\u00c9 - In Magazines\" \/>\n<meta property=\"og:description\" content=\"Promouvoir par l&rsquo;exemple : chez Buro Am&eacute;nagement, la RSE n&rsquo;est pas une ambition nouvelle, elle fait partie de l&rsquo;ADN depuis les d&eacute;buts. Les locaux de l&rsquo;entreprise sont la parfaite illustration que bien-&ecirc;tre et productivit&eacute; ne sont pas deux concepts &agrave; opposer au travail&hellip; Pourquoi &ecirc;tes-vous au c&oelig;ur de la notion de RSE ? Suzanne Alcantara&hellip; Poursuivre la lecture Am\u00e9nagement d\u2019espace de travail : CONJUGUER BIEN \u00caTRE ET PRODUCTIVIT\u00c9\" \/>\n<meta property=\"og:url\" content=\"https:\/\/www.in-magazines.com\/magazine\/categories\/btp-artisanat-habitat-immobilier\/amenagement-despace-de-travail-conjuguer-bien-etre-et-productivite\/\" \/>\n<meta property=\"og:site_name\" content=\"In Magazines\" \/>\n<meta property=\"article:published_time\" content=\"2023-03-06T06:22:00+00:00\" \/>\n<meta property=\"article:modified_time\" content=\"2023-03-03T08:31:24+00:00\" \/>\n<meta property=\"og:image\" content=\"https:\/\/www.in-magazines.com\/magazine\/wp-content\/uploads\/2023\/03\/Amenagement-d-espace-de-travail-CONJUGUER-BIEN-ETRE-ET-PRODUCTIVITE.jpg\" \/>\n\t<meta property=\"og:image:width\" content=\"750\" \/>\n\t<meta property=\"og:image:height\" content=\"671\" \/>\n<meta name=\"twitter:label1\" content=\"Dur\u00e9e de lecture est.\">\n\t<meta name=\"twitter:data1\" content=\"2 minutes\">\n<script type=\"application\/ld+json\" class=\"yoast-schema-graph\">{\"@context\":\"https:\/\/schema.org\",\"@graph\":[{\"@type\":\"WebSite\",\"@id\":\"https:\/\/www.in-magazines.com\/magazine\/#website\",\"url\":\"https:\/\/www.in-magazines.com\/magazine\/\",\"name\":\"In Magazines\",\"description\":\"\",\"potentialAction\":[{\"@type\":\"SearchAction\",\"target\":\"https:\/\/www.in-magazines.com\/magazine\/?s={search_term_string}\",\"query-input\":\"required name=search_term_string\"}],\"inLanguage\":\"fr-FR\"},{\"@type\":\"ImageObject\",\"@id\":\"https:\/\/www.in-magazines.com\/magazine\/categories\/btp-artisanat-habitat-immobilier\/amenagement-despace-de-travail-conjuguer-bien-etre-et-productivite\/#primaryimage\",\"inLanguage\":\"fr-FR\",\"url\":\"https:\/\/www.in-magazines.com\/magazine\/wp-content\/uploads\/2023\/03\/Amenagement-d-espace-de-travail-CONJUGUER-BIEN-ETRE-ET-PRODUCTIVITE.jpg\",\"contentUrl\":\"https:\/\/www.in-magazines.com\/magazine\/wp-content\/uploads\/2023\/03\/Amenagement-d-espace-de-travail-CONJUGUER-BIEN-ETRE-ET-PRODUCTIVITE.jpg\",\"width\":750,\"height\":671},{\"@type\":\"WebPage\",\"@id\":\"https:\/\/www.in-magazines.com\/magazine\/categories\/btp-artisanat-habitat-immobilier\/amenagement-despace-de-travail-conjuguer-bien-etre-et-productivite\/#webpage\",\"url\":\"https:\/\/www.in-magazines.com\/magazine\/categories\/btp-artisanat-habitat-immobilier\/amenagement-despace-de-travail-conjuguer-bien-etre-et-productivite\/\",\"name\":\"Am\\u00e9nagement d\\u2019espace de travail : CONJUGUER BIEN \\u00caTRE ET PRODUCTIVIT\\u00c9 - In Magazines\",\"isPartOf\":{\"@id\":\"https:\/\/www.in-magazines.com\/magazine\/#website\"},\"primaryImageOfPage\":{\"@id\":\"https:\/\/www.in-magazines.com\/magazine\/categories\/btp-artisanat-habitat-immobilier\/amenagement-despace-de-travail-conjuguer-bien-etre-et-productivite\/#primaryimage\"},\"datePublished\":\"2023-03-06T06:22:00+00:00\",\"dateModified\":\"2023-03-03T08:31:24+00:00\",\"author\":{\"@id\":\"https:\/\/www.in-magazines.com\/magazine\/#\/schema\/person\/c27e7dabb9a1ef380814bdd5636d07e3\"},\"breadcrumb\":{\"@id\":\"https:\/\/www.in-magazines.com\/magazine\/categories\/btp-artisanat-habitat-immobilier\/amenagement-despace-de-travail-conjuguer-bien-etre-et-productivite\/#breadcrumb\"},\"inLanguage\":\"fr-FR\",\"potentialAction\":[{\"@type\":\"ReadAction\",\"target\":[\"https:\/\/www.in-magazines.com\/magazine\/categories\/btp-artisanat-habitat-immobilier\/amenagement-despace-de-travail-conjuguer-bien-etre-et-productivite\/\"]}]},{\"@type\":\"BreadcrumbList\",\"@id\":\"https:\/\/www.in-magazines.com\/magazine\/categories\/btp-artisanat-habitat-immobilier\/amenagement-despace-de-travail-conjuguer-bien-etre-et-productivite\/#breadcrumb\",\"itemListElement\":[{\"@type\":\"ListItem\",\"position\":1,\"item\":{\"@id\":\"https:\/\/www.in-magazines.com\/magazine\/categories\/btp-artisanat-habitat-immobilier\/amenagement-despace-de-travail-conjuguer-bien-etre-et-productivite\/#webpage\"}}]},{\"@type\":\"Person\",\"@id\":\"https:\/\/www.in-magazines.com\/magazine\/#\/schema\/person\/c27e7dabb9a1ef380814bdd5636d07e3\",\"name\":\"backinmag\",\"image\":{\"@type\":\"ImageObject\",\"@id\":\"https:\/\/www.in-magazines.com\/magazine\/#personlogo\",\"inLanguage\":\"fr-FR\",\"url\":\"https:\/\/secure.gravatar.com\/avatar\/13a234bb19dc4fd04793d73c3472fbdb?s=96&d=mm&r=g\",\"contentUrl\":\"https:\/\/secure.gravatar.com\/avatar\/13a234bb19dc4fd04793d73c3472fbdb?s=96&d=mm&r=g\",\"caption\":\"backinmag\"},\"sameAs\":[\"http:\/\/www.in-magazines.com\/magazin\"]}]}<\/script>\n<!-- \/ Yoast SEO plugin. -->","_links":{"self":[{"href":"https:\/\/www.in-magazines.com\/magazine\/wp-json\/wp\/v2\/posts\/10460"}],"collection":[{"href":"https:\/\/www.in-magazines.com\/magazine\/wp-json\/wp\/v2\/posts"}],"about":[{"href":"https:\/\/www.in-magazines.com\/magazine\/wp-json\/wp\/v2\/types\/post"}],"author":[{"embeddable":true,"href":"https:\/\/www.in-magazines.com\/magazine\/wp-json\/wp\/v2\/users\/1"}],"replies":[{"embeddable":true,"href":"https:\/\/www.in-magazines.com\/magazine\/wp-json\/wp\/v2\/comments?post=10460"}],"version-history":[{"count":3,"href":"https:\/\/www.in-magazines.com\/magazine\/wp-json\/wp\/v2\/posts\/10460\/revisions"}],"predecessor-version":[{"id":10464,"href":"https:\/\/www.in-magazines.com\/magazine\/wp-json\/wp\/v2\/posts\/10460\/revisions\/10464"}],"wp:featuredmedia":[{"embeddable":true,"href":"https:\/\/www.in-magazines.com\/magazine\/wp-json\/wp\/v2\/media\/10461"}],"wp:attachment":[{"href":"https:\/\/www.in-magazines.com\/magazine\/wp-json\/wp\/v2\/media?parent=10460"}],"wp:term":[{"taxonomy":"category","embeddable":true,"href":"https:\/\/www.in-magazines.com\/magazine\/wp-json\/wp\/v2\/categories?post=10460"},{"taxonomy":"post_tag","embeddable":true,"href":"https:\/\/www.in-magazines.com\/magazine\/wp-json\/wp\/v2\/tags?post=10460"}],"curies":[{"name":"wp","href":"https:\/\/api.w.org\/{rel}","templated":true}]}}