

{"id":10494,"date":"2023-03-06T06:14:00","date_gmt":"2023-03-06T06:14:00","guid":{"rendered":"https:\/\/www.in-magazines.com\/magazine\/?p=10494"},"modified":"2023-03-03T10:33:54","modified_gmt":"2023-03-03T10:33:54","slug":"sur-le-port-vauban-le-51e-antibes-art-fair","status":"publish","type":"post","link":"https:\/\/www.in-magazines.com\/magazine\/sommaire\/inmagazine-31\/sur-le-port-vauban-le-51e-antibes-art-fair\/","title":{"rendered":"Sur le port Vauban, LE 51\u00e8 ANTIBES ART FAIR"},"content":{"rendered":"\n<p>Il est unique par son atmosph\u00e8re mais aussi parce que chaque ann\u00e9e, il attire autour de <strong>20.000 visiteurs<\/strong> internationaux, une client\u00e8le cosmopolite venue admirer la diversit\u00e9 des \u0153uvres pr\u00e9sent\u00e9es par un maximum de <strong>100 exposants<\/strong>.<\/p>\n\n\n\n<p>Une jauge volontairement limit\u00e9e pour une s\u00e9lection rigoureuse qui doit permettre \u00e0 Antibes Art Fair de conserver toute son authenticit\u00e9. Les stands am\u00e9nag\u00e9s comme de v\u00e9ritables galeries pr\u00e9senteront aux abords du port Vauban, d\u2019exceptionnelles pi\u00e8ces d\u2019art moderne et contemporain, d\u2019antiquit\u00e9s, de bijoux ancien, mobilier design ou vintage. La venue cette ann\u00e9e de <strong>plusieurs exposants fran\u00e7ais, luxembourgeois et italiens renomm\u00e9s<\/strong> accentuera encore l\u2019exclusivit\u00e9 de ce moment.<\/p>\n\n\n<a href=\"#\" class=\"_3d-flip-book  fb3d-link-lightbox-mode\" data-id=\"10306\" data-mode=\"link-lightbox\" data-title=\"false\" data-template=\"short-white-book-view\" data-lightbox=\"dark\" data-urlparam=\"fb3d-page\" data-page-n=\"0\" data-pdf=\"\" data-tax=\"null\" data-thumbnail=\"\" data-cols=\"3\" data-query=\"\"><img decoding=\"async\" src=\"http:\/\/www.in-magazines.com\/magazine\/wp-content\/uploads\/2021\/05\/btn.jpg\"><\/a>\n","protected":false},"excerpt":{"rendered":"<p>Il est unique par son atmosph&egrave;re mais aussi parce que chaque ann&eacute;e, il attire autour de 20.000 visiteurs internationaux, une client&egrave;le cosmopolite venue admirer la diversit&eacute; des &oelig;uvres pr&eacute;sent&eacute;es par un maximum de 100 exposants. Une jauge volontairement limit&eacute;e pour une s&eacute;lection rigoureuse qui doit permettre &agrave; Antibes Art Fair de conserver toute son authenticit&eacute;.&hellip; <a class=\"more-link\" href=\"https:\/\/www.in-magazines.com\/magazine\/sommaire\/inmagazine-31\/sur-le-port-vauban-le-51e-antibes-art-fair\/\">Poursuivre la lecture <span class=\"screen-reader-text\">Sur le port Vauban, LE 51\u00e8 ANTIBES ART FAIR<\/span><\/a><\/p>\n","protected":false},"author":1,"featured_media":10495,"comment_status":"open","ping_status":"open","sticky":false,"template":"","format":"standard","meta":{"footnotes":""},"categories":[1933,1697],"tags":[1676,1995],"yoast_head":"<!-- This site is optimized with the Yoast SEO plugin v16.2 - https:\/\/yoast.com\/wordpress\/plugins\/seo\/ -->\n<title>Sur le port Vauban, LE 51\u00e8 ANTIBES ART FAIR - In Magazines<\/title>\n<meta name=\"robots\" content=\"index, follow, max-snippet:-1, max-image-preview:large, max-video-preview:-1\" \/>\n<link rel=\"canonical\" href=\"https:\/\/www.in-magazines.com\/magazine\/categories\/villes-intercommunalites-vie-des-municipalites\/sur-le-port-vauban-le-51e-antibes-art-fair\/\" \/>\n<meta property=\"og:locale\" content=\"fr_FR\" \/>\n<meta property=\"og:type\" content=\"article\" \/>\n<meta property=\"og:title\" content=\"Sur le port Vauban, LE 51\u00e8 ANTIBES ART FAIR - In Magazines\" \/>\n<meta property=\"og:description\" content=\"Il est unique par son atmosph&egrave;re mais aussi parce que chaque ann&eacute;e, il attire autour de 20.000 visiteurs internationaux, une client&egrave;le cosmopolite venue admirer la diversit&eacute; des &oelig;uvres pr&eacute;sent&eacute;es par un maximum de 100 exposants. Une jauge volontairement limit&eacute;e pour une s&eacute;lection rigoureuse qui doit permettre &agrave; Antibes Art Fair de conserver toute son authenticit&eacute;.&hellip; Poursuivre la lecture Sur le port Vauban, LE 51\u00e8 ANTIBES ART FAIR\" \/>\n<meta property=\"og:url\" content=\"https:\/\/www.in-magazines.com\/magazine\/categories\/villes-intercommunalites-vie-des-municipalites\/sur-le-port-vauban-le-51e-antibes-art-fair\/\" \/>\n<meta property=\"og:site_name\" content=\"In Magazines\" \/>\n<meta property=\"article:published_time\" content=\"2023-03-06T06:14:00+00:00\" \/>\n<meta property=\"article:modified_time\" content=\"2023-03-03T10:33:54+00:00\" \/>\n<meta property=\"og:image\" content=\"https:\/\/www.in-magazines.com\/magazine\/wp-content\/uploads\/2023\/03\/Sur-le-port-Vauban-LE-51e-ANTIBES-ART-FAIR.jpg\" \/>\n\t<meta property=\"og:image:width\" content=\"750\" \/>\n\t<meta property=\"og:image:height\" content=\"500\" \/>\n<meta name=\"twitter:label1\" content=\"Dur\u00e9e de lecture est.\">\n\t<meta name=\"twitter:data1\" content=\"1 minute\">\n<script type=\"application\/ld+json\" class=\"yoast-schema-graph\">{\"@context\":\"https:\/\/schema.org\",\"@graph\":[{\"@type\":\"WebSite\",\"@id\":\"https:\/\/www.in-magazines.com\/magazine\/#website\",\"url\":\"https:\/\/www.in-magazines.com\/magazine\/\",\"name\":\"In Magazines\",\"description\":\"\",\"potentialAction\":[{\"@type\":\"SearchAction\",\"target\":\"https:\/\/www.in-magazines.com\/magazine\/?s={search_term_string}\",\"query-input\":\"required name=search_term_string\"}],\"inLanguage\":\"fr-FR\"},{\"@type\":\"ImageObject\",\"@id\":\"https:\/\/www.in-magazines.com\/magazine\/categories\/villes-intercommunalites-vie-des-municipalites\/sur-le-port-vauban-le-51e-antibes-art-fair\/#primaryimage\",\"inLanguage\":\"fr-FR\",\"url\":\"https:\/\/www.in-magazines.com\/magazine\/wp-content\/uploads\/2023\/03\/Sur-le-port-Vauban-LE-51e-ANTIBES-ART-FAIR.jpg\",\"contentUrl\":\"https:\/\/www.in-magazines.com\/magazine\/wp-content\/uploads\/2023\/03\/Sur-le-port-Vauban-LE-51e-ANTIBES-ART-FAIR.jpg\",\"width\":750,\"height\":500},{\"@type\":\"WebPage\",\"@id\":\"https:\/\/www.in-magazines.com\/magazine\/categories\/villes-intercommunalites-vie-des-municipalites\/sur-le-port-vauban-le-51e-antibes-art-fair\/#webpage\",\"url\":\"https:\/\/www.in-magazines.com\/magazine\/categories\/villes-intercommunalites-vie-des-municipalites\/sur-le-port-vauban-le-51e-antibes-art-fair\/\",\"name\":\"Sur le port Vauban, LE 51\\u00e8 ANTIBES ART FAIR - In Magazines\",\"isPartOf\":{\"@id\":\"https:\/\/www.in-magazines.com\/magazine\/#website\"},\"primaryImageOfPage\":{\"@id\":\"https:\/\/www.in-magazines.com\/magazine\/categories\/villes-intercommunalites-vie-des-municipalites\/sur-le-port-vauban-le-51e-antibes-art-fair\/#primaryimage\"},\"datePublished\":\"2023-03-06T06:14:00+00:00\",\"dateModified\":\"2023-03-03T10:33:54+00:00\",\"author\":{\"@id\":\"https:\/\/www.in-magazines.com\/magazine\/#\/schema\/person\/c27e7dabb9a1ef380814bdd5636d07e3\"},\"breadcrumb\":{\"@id\":\"https:\/\/www.in-magazines.com\/magazine\/categories\/villes-intercommunalites-vie-des-municipalites\/sur-le-port-vauban-le-51e-antibes-art-fair\/#breadcrumb\"},\"inLanguage\":\"fr-FR\",\"potentialAction\":[{\"@type\":\"ReadAction\",\"target\":[\"https:\/\/www.in-magazines.com\/magazine\/categories\/villes-intercommunalites-vie-des-municipalites\/sur-le-port-vauban-le-51e-antibes-art-fair\/\"]}]},{\"@type\":\"BreadcrumbList\",\"@id\":\"https:\/\/www.in-magazines.com\/magazine\/categories\/villes-intercommunalites-vie-des-municipalites\/sur-le-port-vauban-le-51e-antibes-art-fair\/#breadcrumb\",\"itemListElement\":[{\"@type\":\"ListItem\",\"position\":1,\"item\":{\"@id\":\"https:\/\/www.in-magazines.com\/magazine\/categories\/villes-intercommunalites-vie-des-municipalites\/sur-le-port-vauban-le-51e-antibes-art-fair\/#webpage\"}}]},{\"@type\":\"Person\",\"@id\":\"https:\/\/www.in-magazines.com\/magazine\/#\/schema\/person\/c27e7dabb9a1ef380814bdd5636d07e3\",\"name\":\"backinmag\",\"image\":{\"@type\":\"ImageObject\",\"@id\":\"https:\/\/www.in-magazines.com\/magazine\/#personlogo\",\"inLanguage\":\"fr-FR\",\"url\":\"https:\/\/secure.gravatar.com\/avatar\/13a234bb19dc4fd04793d73c3472fbdb?s=96&d=mm&r=g\",\"contentUrl\":\"https:\/\/secure.gravatar.com\/avatar\/13a234bb19dc4fd04793d73c3472fbdb?s=96&d=mm&r=g\",\"caption\":\"backinmag\"},\"sameAs\":[\"http:\/\/www.in-magazines.com\/magazin\"]}]}<\/script>\n<!-- \/ Yoast SEO plugin. -->","_links":{"self":[{"href":"https:\/\/www.in-magazines.com\/magazine\/wp-json\/wp\/v2\/posts\/10494"}],"collection":[{"href":"https:\/\/www.in-magazines.com\/magazine\/wp-json\/wp\/v2\/posts"}],"about":[{"href":"https:\/\/www.in-magazines.com\/magazine\/wp-json\/wp\/v2\/types\/post"}],"author":[{"embeddable":true,"href":"https:\/\/www.in-magazines.com\/magazine\/wp-json\/wp\/v2\/users\/1"}],"replies":[{"embeddable":true,"href":"https:\/\/www.in-magazines.com\/magazine\/wp-json\/wp\/v2\/comments?post=10494"}],"version-history":[{"count":2,"href":"https:\/\/www.in-magazines.com\/magazine\/wp-json\/wp\/v2\/posts\/10494\/revisions"}],"predecessor-version":[{"id":10497,"href":"https:\/\/www.in-magazines.com\/magazine\/wp-json\/wp\/v2\/posts\/10494\/revisions\/10497"}],"wp:featuredmedia":[{"embeddable":true,"href":"https:\/\/www.in-magazines.com\/magazine\/wp-json\/wp\/v2\/media\/10495"}],"wp:attachment":[{"href":"https:\/\/www.in-magazines.com\/magazine\/wp-json\/wp\/v2\/media?parent=10494"}],"wp:term":[{"taxonomy":"category","embeddable":true,"href":"https:\/\/www.in-magazines.com\/magazine\/wp-json\/wp\/v2\/categories?post=10494"},{"taxonomy":"post_tag","embeddable":true,"href":"https:\/\/www.in-magazines.com\/magazine\/wp-json\/wp\/v2\/tags?post=10494"}],"curies":[{"name":"wp","href":"https:\/\/api.w.org\/{rel}","templated":true}]}}