

{"id":1050,"date":"2020-05-15T10:46:00","date_gmt":"2020-05-15T10:46:00","guid":{"rendered":"https:\/\/www.in-magazines.com\/magazine\/?p=1050"},"modified":"2021-06-03T09:04:38","modified_gmt":"2021-06-03T09:04:38","slug":"arapl2ca-tout-mettre-en-oeuvre-pour-la-poursuite-de-lactivite","status":"publish","type":"post","link":"https:\/\/www.in-magazines.com\/magazine\/sommaire\/inantipolis-14\/arapl2ca-tout-mettre-en-oeuvre-pour-la-poursuite-de-lactivite\/","title":{"rendered":"ARAPL2CA &#8211; Tout mettre en \u0153uvre pour la poursuite de l\u2019activit\u00e9"},"content":{"rendered":"\n<p>A situation in\u00e9dite, moyens in\u00e9dits. L\u2019ARAPL2CA s\u2019est mobilis\u00e9e pour que ses adh\u00e9rents puissent faire face \u00e0 leurs obligations l\u00e9gales dans les temps impartis, mais aussi et surtout pour qu\u2019ils soient soutenus pour poursuivre leur activit\u00e9 dans la mesure du possible et que l\u2019information et le conseil restent accessibles dans l\u2019urgence que vient d\u2019imposer cette situation de crise sanitaire.<\/p>\n\n\n\n<p>Le contexte actuel entra\u00eene de lourdes cons\u00e9quences sur l\u2019\u00e9conomie du pays. Les ind\u00e9pendants n\u2019\u00e9chappent pas \u00e0 ces difficult\u00e9s et la gestion de leur activit\u00e9 s\u2019en retrouve impact\u00e9e. L\u2019ARAPL2CA, en digne accompagnateur des professionnels lib\u00e9raux s\u2019efforce de les soutenir par toute une s\u00e9rie de r\u00e9ponses en ad\u00e9quation avec l\u2019actualit\u00e9. Permanences t\u00e9l\u00e9phoniques journali\u00e8res, traitement quotidien des mails, r\u00e9ponse en moins de 24h, visio-conf\u00e9rences, webinaires de formation et solutions digitales ont \u00e9t\u00e9 activ\u00e9s pour aider les adh\u00e9rents. Bien que confin\u00e9e, l\u2019\u00e9quipe a fait en sorte de d\u00e9porter l\u2019activit\u00e9, et de r\u00e9pondre \u00e0 distance aux besoins des lib\u00e9raux en difficult\u00e9s. \u00ab&nbsp;Nous n\u2019avons de cesse de nous r\u00e9inventer&nbsp;\u00bb, explique H-Michel Dau, Directeur G\u00e9n\u00e9ral de l\u2019ARAPL2CA. Car si l\u2019organisme de gestion offrait d\u00e9j\u00e0 une plateforme num\u00e9rique pour faciliter les obligations l\u00e9gales des travailleurs ind\u00e9pendants de mani\u00e8re d\u00e9mat\u00e9rialis\u00e9e et fi able, c\u2019est un tout autre enjeu qui se dessine derri\u00e8re la crise pour chacun des chefs d\u2019entreprise qui adh\u00e8rent : <strong>poursuivre son activit\u00e9<\/strong>\u2026<\/p>\n\n\n\n<p>L\u2019extranet <strong>AWS<\/strong> (Arapl Web Serveur) offrait d\u00e9j\u00e0 la saisie en ligne, la documentation digitale et un acc\u00e8s permanent et s\u00e9curis\u00e9 \u00e0 l\u2019ensemble du dossier de l\u2019adh\u00e9rent (d\u00e9p\u00f4t de liasse fiscale, attestation fiscale, d\u00e9claration 2035 pr\u00e9-remplie\u2026). Avec la crise, les adh\u00e9rents ont pu trouver des liens vers une veille d\u2019informations, d\u00e9taillant dans un \u00ab&nbsp;dossier sp\u00e9cial \u00bb r\u00e9actualis\u00e9 en permanence, les mesures et les d\u00e9marches concr\u00e8tes \u00e0 accomplir sur le terrain pour faire face aux cons\u00e9quences \u00e9conomiques du confinement.<\/p>\n\n\n<a href=\"#\" class=\"_3d-flip-book  fb3d-link-lightbox-mode\" data-id=\"1052\" data-mode=\"link-lightbox\" data-title=\"false\" data-template=\"short-white-book-view\" data-lightbox=\"dark\" data-urlparam=\"fb3d-page\" data-page-n=\"0\" data-pdf=\"\" data-tax=\"null\" data-thumbnail=\"\" data-cols=\"3\" data-query=\"\"><img decoding=\"async\" src=\"http:\/\/www.in-magazines.com\/magazine\/wp-content\/uploads\/2021\/05\/btn.jpg\"><\/a>\n","protected":false},"excerpt":{"rendered":"<p>A situation in&eacute;dite, moyens in&eacute;dits. L&rsquo;ARAPL2CA s&rsquo;est mobilis&eacute;e pour que ses adh&eacute;rents puissent faire face &agrave; leurs obligations l&eacute;gales dans les temps impartis, mais aussi et surtout pour qu&rsquo;ils soient soutenus pour poursuivre leur activit&eacute; dans la mesure du possible et que l&rsquo;information et le conseil restent accessibles dans l&rsquo;urgence que vient d&rsquo;imposer cette situation&hellip; <a class=\"more-link\" href=\"https:\/\/www.in-magazines.com\/magazine\/sommaire\/inantipolis-14\/arapl2ca-tout-mettre-en-oeuvre-pour-la-poursuite-de-lactivite\/\">Poursuivre la lecture <span class=\"screen-reader-text\">ARAPL2CA &#8211; Tout mettre en \u0153uvre pour la poursuite de l\u2019activit\u00e9<\/span><\/a><\/p>\n","protected":false},"author":1,"featured_media":1053,"comment_status":"open","ping_status":"open","sticky":false,"template":"","format":"standard","meta":{"footnotes":""},"categories":[4,14],"tags":[18,88,102,314,830,970],"yoast_head":"<!-- This site is optimized with the Yoast SEO plugin v16.2 - https:\/\/yoast.com\/wordpress\/plugins\/seo\/ -->\n<title>ARAPL2CA - Tout mettre en \u0153uvre pour la poursuite de l\u2019activit\u00e9 - In Magazines<\/title>\n<meta name=\"robots\" content=\"index, follow, max-snippet:-1, max-image-preview:large, max-video-preview:-1\" \/>\n<link rel=\"canonical\" href=\"https:\/\/www.in-magazines.com\/magazine\/sommaire\/inantipolis-14\/arapl2ca-tout-mettre-en-oeuvre-pour-la-poursuite-de-lactivite\/\" \/>\n<meta property=\"og:locale\" content=\"fr_FR\" \/>\n<meta property=\"og:type\" content=\"article\" \/>\n<meta property=\"og:title\" content=\"ARAPL2CA - Tout mettre en \u0153uvre pour la poursuite de l\u2019activit\u00e9 - In Magazines\" \/>\n<meta property=\"og:description\" content=\"A situation in&eacute;dite, moyens in&eacute;dits. L&rsquo;ARAPL2CA s&rsquo;est mobilis&eacute;e pour que ses adh&eacute;rents puissent faire face &agrave; leurs obligations l&eacute;gales dans les temps impartis, mais aussi et surtout pour qu&rsquo;ils soient soutenus pour poursuivre leur activit&eacute; dans la mesure du possible et que l&rsquo;information et le conseil restent accessibles dans l&rsquo;urgence que vient d&rsquo;imposer cette situation&hellip; Poursuivre la lecture ARAPL2CA &#8211; Tout mettre en \u0153uvre pour la poursuite de l\u2019activit\u00e9\" \/>\n<meta property=\"og:url\" content=\"https:\/\/www.in-magazines.com\/magazine\/sommaire\/inantipolis-14\/arapl2ca-tout-mettre-en-oeuvre-pour-la-poursuite-de-lactivite\/\" \/>\n<meta property=\"og:site_name\" content=\"In Magazines\" \/>\n<meta property=\"article:published_time\" content=\"2020-05-15T10:46:00+00:00\" \/>\n<meta property=\"article:modified_time\" content=\"2021-06-03T09:04:38+00:00\" \/>\n<meta property=\"og:image\" content=\"https:\/\/www.in-magazines.com\/magazine\/wp-content\/uploads\/2021\/05\/img308.jpg\" \/>\n\t<meta property=\"og:image:width\" content=\"815\" \/>\n\t<meta property=\"og:image:height\" content=\"449\" \/>\n<meta name=\"twitter:label1\" content=\"Dur\u00e9e de lecture est.\">\n\t<meta name=\"twitter:data1\" content=\"2 minutes\">\n<script type=\"application\/ld+json\" class=\"yoast-schema-graph\">{\"@context\":\"https:\/\/schema.org\",\"@graph\":[{\"@type\":\"WebSite\",\"@id\":\"https:\/\/www.in-magazines.com\/magazine\/#website\",\"url\":\"https:\/\/www.in-magazines.com\/magazine\/\",\"name\":\"In Magazines\",\"description\":\"\",\"potentialAction\":[{\"@type\":\"SearchAction\",\"target\":\"https:\/\/www.in-magazines.com\/magazine\/?s={search_term_string}\",\"query-input\":\"required name=search_term_string\"}],\"inLanguage\":\"fr-FR\"},{\"@type\":\"ImageObject\",\"@id\":\"https:\/\/www.in-magazines.com\/magazine\/sommaire\/inantipolis-14\/arapl2ca-tout-mettre-en-oeuvre-pour-la-poursuite-de-lactivite\/#primaryimage\",\"inLanguage\":\"fr-FR\",\"url\":\"https:\/\/www.in-magazines.com\/magazine\/wp-content\/uploads\/2021\/05\/img308.jpg\",\"contentUrl\":\"https:\/\/www.in-magazines.com\/magazine\/wp-content\/uploads\/2021\/05\/img308.jpg\",\"width\":815,\"height\":449},{\"@type\":\"WebPage\",\"@id\":\"https:\/\/www.in-magazines.com\/magazine\/sommaire\/inantipolis-14\/arapl2ca-tout-mettre-en-oeuvre-pour-la-poursuite-de-lactivite\/#webpage\",\"url\":\"https:\/\/www.in-magazines.com\/magazine\/sommaire\/inantipolis-14\/arapl2ca-tout-mettre-en-oeuvre-pour-la-poursuite-de-lactivite\/\",\"name\":\"ARAPL2CA - Tout mettre en \\u0153uvre pour la poursuite de l\\u2019activit\\u00e9 - In Magazines\",\"isPartOf\":{\"@id\":\"https:\/\/www.in-magazines.com\/magazine\/#website\"},\"primaryImageOfPage\":{\"@id\":\"https:\/\/www.in-magazines.com\/magazine\/sommaire\/inantipolis-14\/arapl2ca-tout-mettre-en-oeuvre-pour-la-poursuite-de-lactivite\/#primaryimage\"},\"datePublished\":\"2020-05-15T10:46:00+00:00\",\"dateModified\":\"2021-06-03T09:04:38+00:00\",\"author\":{\"@id\":\"https:\/\/www.in-magazines.com\/magazine\/#\/schema\/person\/c27e7dabb9a1ef380814bdd5636d07e3\"},\"breadcrumb\":{\"@id\":\"https:\/\/www.in-magazines.com\/magazine\/sommaire\/inantipolis-14\/arapl2ca-tout-mettre-en-oeuvre-pour-la-poursuite-de-lactivite\/#breadcrumb\"},\"inLanguage\":\"fr-FR\",\"potentialAction\":[{\"@type\":\"ReadAction\",\"target\":[\"https:\/\/www.in-magazines.com\/magazine\/sommaire\/inantipolis-14\/arapl2ca-tout-mettre-en-oeuvre-pour-la-poursuite-de-lactivite\/\"]}]},{\"@type\":\"BreadcrumbList\",\"@id\":\"https:\/\/www.in-magazines.com\/magazine\/sommaire\/inantipolis-14\/arapl2ca-tout-mettre-en-oeuvre-pour-la-poursuite-de-lactivite\/#breadcrumb\",\"itemListElement\":[{\"@type\":\"ListItem\",\"position\":1,\"item\":{\"@id\":\"https:\/\/www.in-magazines.com\/magazine\/sommaire\/inantipolis-14\/arapl2ca-tout-mettre-en-oeuvre-pour-la-poursuite-de-lactivite\/#webpage\"}}]},{\"@type\":\"Person\",\"@id\":\"https:\/\/www.in-magazines.com\/magazine\/#\/schema\/person\/c27e7dabb9a1ef380814bdd5636d07e3\",\"name\":\"backinmag\",\"image\":{\"@type\":\"ImageObject\",\"@id\":\"https:\/\/www.in-magazines.com\/magazine\/#personlogo\",\"inLanguage\":\"fr-FR\",\"url\":\"https:\/\/secure.gravatar.com\/avatar\/13a234bb19dc4fd04793d73c3472fbdb?s=96&d=mm&r=g\",\"contentUrl\":\"https:\/\/secure.gravatar.com\/avatar\/13a234bb19dc4fd04793d73c3472fbdb?s=96&d=mm&r=g\",\"caption\":\"backinmag\"},\"sameAs\":[\"http:\/\/www.in-magazines.com\/magazin\"]}]}<\/script>\n<!-- \/ Yoast SEO plugin. -->","_links":{"self":[{"href":"https:\/\/www.in-magazines.com\/magazine\/wp-json\/wp\/v2\/posts\/1050"}],"collection":[{"href":"https:\/\/www.in-magazines.com\/magazine\/wp-json\/wp\/v2\/posts"}],"about":[{"href":"https:\/\/www.in-magazines.com\/magazine\/wp-json\/wp\/v2\/types\/post"}],"author":[{"embeddable":true,"href":"https:\/\/www.in-magazines.com\/magazine\/wp-json\/wp\/v2\/users\/1"}],"replies":[{"embeddable":true,"href":"https:\/\/www.in-magazines.com\/magazine\/wp-json\/wp\/v2\/comments?post=1050"}],"version-history":[{"count":2,"href":"https:\/\/www.in-magazines.com\/magazine\/wp-json\/wp\/v2\/posts\/1050\/revisions"}],"predecessor-version":[{"id":2818,"href":"https:\/\/www.in-magazines.com\/magazine\/wp-json\/wp\/v2\/posts\/1050\/revisions\/2818"}],"wp:featuredmedia":[{"embeddable":true,"href":"https:\/\/www.in-magazines.com\/magazine\/wp-json\/wp\/v2\/media\/1053"}],"wp:attachment":[{"href":"https:\/\/www.in-magazines.com\/magazine\/wp-json\/wp\/v2\/media?parent=1050"}],"wp:term":[{"taxonomy":"category","embeddable":true,"href":"https:\/\/www.in-magazines.com\/magazine\/wp-json\/wp\/v2\/categories?post=1050"},{"taxonomy":"post_tag","embeddable":true,"href":"https:\/\/www.in-magazines.com\/magazine\/wp-json\/wp\/v2\/tags?post=1050"}],"curies":[{"name":"wp","href":"https:\/\/api.w.org\/{rel}","templated":true}]}}