

{"id":10502,"date":"2023-03-06T06:12:00","date_gmt":"2023-03-06T06:12:00","guid":{"rendered":"https:\/\/www.in-magazines.com\/magazine\/?p=10502"},"modified":"2023-03-03T10:43:12","modified_gmt":"2023-03-03T10:43:12","slug":"grasse-campus-des-etudiants-dans-lancien-palais-de-justice","status":"publish","type":"post","link":"https:\/\/www.in-magazines.com\/magazine\/sommaire\/inmagazine-31\/grasse-campus-des-etudiants-dans-lancien-palais-de-justice\/","title":{"rendered":"GRASSE CAMPUS : DES \u00c9TUDIANTS dans l\u2019ancien Palais de Justice"},"content":{"rendered":"\n<p>On y rendait justice il y a pr\u00e8s de 25 ans et d\u00e9sormais, on y enseignera : l\u2019ancien Palais de Justice de Grasse vient d\u2019achever sa mue en devenant le plus important site de Grasse Campus, le dispositif d\u2019enseignement sup\u00e9rieur de l\u2019agglom\u00e9ration Grassoise.<\/p>\n\n\n\n<p>Une somptueuse r\u00e9novation qui accueillera sur pr\u00e8s de 3.000 m2 pr\u00e8s de 450 \u00e9tudiants au sein de quatre \u00e9tablissements d\u2019enseignement sup\u00e9rieur : L\u2019ECAM-EPMI (m\u00e9tiers de l\u2019ing\u00e9nierie), l&rsquo;EFCAM (audiovisuel), l&rsquo;ESPIM (immobilier) et l&rsquo;IDRAC (commerce).<\/p>\n\n\n\n<p>Un chantier de pr\u00e8s de deux ann\u00e9es qui aura co\u00fbt\u00e9 plus de 8 M\u20ac, financ\u00e9 par de nombreux partenaires et collectivit\u00e9s publiques dans le cadre du Plan Action C\u0153ur de Ville, lanc\u00e9 par Emmanuel Macron en 2018 : Etat (dans le cadre du DSIL), R\u00e9gion Sud, D\u00e9partement des Alpes Maritimes, CAPG (Communaut\u00e9 d\u2019Agglom\u00e9ration du Pays de Grasse), ville de Grasse et Banque des Territoires. L\u2019id\u00e9e est de faire revenir les \u00e9tudiants \u00e0 Grasse et lui insuffler une nouvelle dynamique&nbsp;: \u00ab il y a encore peu de temps, on comptait seulement 200 \u00e9tudiants grassois, aujourd\u2019hui, ils sont plus de 800 \u00bb commentait avec fiert\u00e9 J\u00e9r\u00f4me Viaud, Maire de Grasse et Pr\u00e9sident de la CAPG, lors de l\u2019inauguration des lieux, suivie par plus de 200 personnes issues du monde politique, de l\u2019enseignement sup\u00e9rieur et \u00e9conomique.<\/p>\n\n\n\n<h2 class=\"wp-block-heading\">Une ambition \u00e0 l\u2019\u00e9chelle du territoire<\/h2>\n\n\n\n<p>Il faut pr\u00e9ciser que le projet \u00e9tait ambitieux et que le r\u00e9sultat se montre \u00e0 la hauteur des esp\u00e9rances pour le pays grassois, sa jeunesse, mais aussi son tissu \u00e9conomique, tr\u00e8s largement sollicit\u00e9 et entendu dans l\u2019\u00e9laboration des contenus et des choix de formation \u00e0 dispenser dans ce bel outil p\u00e9dagogique.<\/p>\n\n\n\n<p>Ainsi, deux amphith\u00e9\u00e2tres dont un de 120 places, 14 salles de cours, plusieurs laboratoires et un Fablab composent notamment l\u2019offre du plus grand site de Grasse Campus, le service d\u2019enseignement sup\u00e9rieur qui compte d\u00e9sormais 22 \u00e9tablissements r\u00e9partis en 36 formations, dispens\u00e9es sur 5 sites.<\/p>\n\n\n<a href=\"#\" class=\"_3d-flip-book  fb3d-link-lightbox-mode\" data-id=\"10309\" data-mode=\"link-lightbox\" data-title=\"false\" data-template=\"short-white-book-view\" data-lightbox=\"dark\" data-urlparam=\"fb3d-page\" data-page-n=\"0\" data-pdf=\"\" data-tax=\"null\" data-thumbnail=\"\" data-cols=\"3\" data-query=\"\"><img decoding=\"async\" src=\"http:\/\/www.in-magazines.com\/magazine\/wp-content\/uploads\/2021\/05\/btn.jpg\"><\/a>\n","protected":false},"excerpt":{"rendered":"<p>On y rendait justice il y a pr&egrave;s de 25 ans et d&eacute;sormais, on y enseignera : l&rsquo;ancien Palais de Justice de Grasse vient d&rsquo;achever sa mue en devenant le plus important site de Grasse Campus, le dispositif d&rsquo;enseignement sup&eacute;rieur de l&rsquo;agglom&eacute;ration Grassoise. Une somptueuse r&eacute;novation qui accueillera sur pr&egrave;s de 3.000 m2 pr&egrave;s de&hellip; <a class=\"more-link\" href=\"https:\/\/www.in-magazines.com\/magazine\/sommaire\/inmagazine-31\/grasse-campus-des-etudiants-dans-lancien-palais-de-justice\/\">Poursuivre la lecture <span class=\"screen-reader-text\">GRASSE CAMPUS : DES \u00c9TUDIANTS dans l\u2019ancien Palais de Justice<\/span><\/a><\/p>\n","protected":false},"author":1,"featured_media":10503,"comment_status":"open","ping_status":"open","sticky":false,"template":"","format":"standard","meta":{"footnotes":""},"categories":[1933,1697],"tags":[437,1821,1998],"yoast_head":"<!-- This site is optimized with the Yoast SEO plugin v16.2 - https:\/\/yoast.com\/wordpress\/plugins\/seo\/ -->\n<title>GRASSE CAMPUS : DES \u00c9TUDIANTS dans l\u2019ancien Palais de Justice - In Magazines<\/title>\n<meta name=\"robots\" content=\"index, follow, max-snippet:-1, max-image-preview:large, max-video-preview:-1\" \/>\n<link rel=\"canonical\" href=\"https:\/\/www.in-magazines.com\/magazine\/categories\/villes-intercommunalites-vie-des-municipalites\/grasse-campus-des-etudiants-dans-lancien-palais-de-justice\/\" \/>\n<meta property=\"og:locale\" content=\"fr_FR\" \/>\n<meta property=\"og:type\" content=\"article\" \/>\n<meta property=\"og:title\" content=\"GRASSE CAMPUS : DES \u00c9TUDIANTS dans l\u2019ancien Palais de Justice - In Magazines\" \/>\n<meta property=\"og:description\" content=\"On y rendait justice il y a pr&egrave;s de 25 ans et d&eacute;sormais, on y enseignera : l&rsquo;ancien Palais de Justice de Grasse vient d&rsquo;achever sa mue en devenant le plus important site de Grasse Campus, le dispositif d&rsquo;enseignement sup&eacute;rieur de l&rsquo;agglom&eacute;ration Grassoise. Une somptueuse r&eacute;novation qui accueillera sur pr&egrave;s de 3.000 m2 pr&egrave;s de&hellip; Poursuivre la lecture GRASSE CAMPUS : DES \u00c9TUDIANTS dans l\u2019ancien Palais de Justice\" \/>\n<meta property=\"og:url\" content=\"https:\/\/www.in-magazines.com\/magazine\/categories\/villes-intercommunalites-vie-des-municipalites\/grasse-campus-des-etudiants-dans-lancien-palais-de-justice\/\" \/>\n<meta property=\"og:site_name\" content=\"In Magazines\" \/>\n<meta property=\"article:published_time\" content=\"2023-03-06T06:12:00+00:00\" \/>\n<meta property=\"article:modified_time\" content=\"2023-03-03T10:43:12+00:00\" \/>\n<meta property=\"og:image\" content=\"https:\/\/www.in-magazines.com\/magazine\/wp-content\/uploads\/2023\/03\/GRASSE-CAMPUS-DES-ETUDIANTS-dans-l-ancien-Palais-de-Justice.jpg\" \/>\n\t<meta property=\"og:image:width\" content=\"750\" \/>\n\t<meta property=\"og:image:height\" content=\"563\" \/>\n<meta name=\"twitter:label1\" content=\"Dur\u00e9e de lecture est.\">\n\t<meta name=\"twitter:data1\" content=\"2 minutes\">\n<script type=\"application\/ld+json\" class=\"yoast-schema-graph\">{\"@context\":\"https:\/\/schema.org\",\"@graph\":[{\"@type\":\"WebSite\",\"@id\":\"https:\/\/www.in-magazines.com\/magazine\/#website\",\"url\":\"https:\/\/www.in-magazines.com\/magazine\/\",\"name\":\"In Magazines\",\"description\":\"\",\"potentialAction\":[{\"@type\":\"SearchAction\",\"target\":\"https:\/\/www.in-magazines.com\/magazine\/?s={search_term_string}\",\"query-input\":\"required name=search_term_string\"}],\"inLanguage\":\"fr-FR\"},{\"@type\":\"ImageObject\",\"@id\":\"https:\/\/www.in-magazines.com\/magazine\/categories\/villes-intercommunalites-vie-des-municipalites\/grasse-campus-des-etudiants-dans-lancien-palais-de-justice\/#primaryimage\",\"inLanguage\":\"fr-FR\",\"url\":\"https:\/\/www.in-magazines.com\/magazine\/wp-content\/uploads\/2023\/03\/GRASSE-CAMPUS-DES-ETUDIANTS-dans-l-ancien-Palais-de-Justice.jpg\",\"contentUrl\":\"https:\/\/www.in-magazines.com\/magazine\/wp-content\/uploads\/2023\/03\/GRASSE-CAMPUS-DES-ETUDIANTS-dans-l-ancien-Palais-de-Justice.jpg\",\"width\":750,\"height\":563},{\"@type\":\"WebPage\",\"@id\":\"https:\/\/www.in-magazines.com\/magazine\/categories\/villes-intercommunalites-vie-des-municipalites\/grasse-campus-des-etudiants-dans-lancien-palais-de-justice\/#webpage\",\"url\":\"https:\/\/www.in-magazines.com\/magazine\/categories\/villes-intercommunalites-vie-des-municipalites\/grasse-campus-des-etudiants-dans-lancien-palais-de-justice\/\",\"name\":\"GRASSE CAMPUS : DES \\u00c9TUDIANTS dans l\\u2019ancien Palais de Justice - In Magazines\",\"isPartOf\":{\"@id\":\"https:\/\/www.in-magazines.com\/magazine\/#website\"},\"primaryImageOfPage\":{\"@id\":\"https:\/\/www.in-magazines.com\/magazine\/categories\/villes-intercommunalites-vie-des-municipalites\/grasse-campus-des-etudiants-dans-lancien-palais-de-justice\/#primaryimage\"},\"datePublished\":\"2023-03-06T06:12:00+00:00\",\"dateModified\":\"2023-03-03T10:43:12+00:00\",\"author\":{\"@id\":\"https:\/\/www.in-magazines.com\/magazine\/#\/schema\/person\/c27e7dabb9a1ef380814bdd5636d07e3\"},\"breadcrumb\":{\"@id\":\"https:\/\/www.in-magazines.com\/magazine\/categories\/villes-intercommunalites-vie-des-municipalites\/grasse-campus-des-etudiants-dans-lancien-palais-de-justice\/#breadcrumb\"},\"inLanguage\":\"fr-FR\",\"potentialAction\":[{\"@type\":\"ReadAction\",\"target\":[\"https:\/\/www.in-magazines.com\/magazine\/categories\/villes-intercommunalites-vie-des-municipalites\/grasse-campus-des-etudiants-dans-lancien-palais-de-justice\/\"]}]},{\"@type\":\"BreadcrumbList\",\"@id\":\"https:\/\/www.in-magazines.com\/magazine\/categories\/villes-intercommunalites-vie-des-municipalites\/grasse-campus-des-etudiants-dans-lancien-palais-de-justice\/#breadcrumb\",\"itemListElement\":[{\"@type\":\"ListItem\",\"position\":1,\"item\":{\"@id\":\"https:\/\/www.in-magazines.com\/magazine\/categories\/villes-intercommunalites-vie-des-municipalites\/grasse-campus-des-etudiants-dans-lancien-palais-de-justice\/#webpage\"}}]},{\"@type\":\"Person\",\"@id\":\"https:\/\/www.in-magazines.com\/magazine\/#\/schema\/person\/c27e7dabb9a1ef380814bdd5636d07e3\",\"name\":\"backinmag\",\"image\":{\"@type\":\"ImageObject\",\"@id\":\"https:\/\/www.in-magazines.com\/magazine\/#personlogo\",\"inLanguage\":\"fr-FR\",\"url\":\"https:\/\/secure.gravatar.com\/avatar\/13a234bb19dc4fd04793d73c3472fbdb?s=96&d=mm&r=g\",\"contentUrl\":\"https:\/\/secure.gravatar.com\/avatar\/13a234bb19dc4fd04793d73c3472fbdb?s=96&d=mm&r=g\",\"caption\":\"backinmag\"},\"sameAs\":[\"http:\/\/www.in-magazines.com\/magazin\"]}]}<\/script>\n<!-- \/ Yoast SEO plugin. -->","_links":{"self":[{"href":"https:\/\/www.in-magazines.com\/magazine\/wp-json\/wp\/v2\/posts\/10502"}],"collection":[{"href":"https:\/\/www.in-magazines.com\/magazine\/wp-json\/wp\/v2\/posts"}],"about":[{"href":"https:\/\/www.in-magazines.com\/magazine\/wp-json\/wp\/v2\/types\/post"}],"author":[{"embeddable":true,"href":"https:\/\/www.in-magazines.com\/magazine\/wp-json\/wp\/v2\/users\/1"}],"replies":[{"embeddable":true,"href":"https:\/\/www.in-magazines.com\/magazine\/wp-json\/wp\/v2\/comments?post=10502"}],"version-history":[{"count":2,"href":"https:\/\/www.in-magazines.com\/magazine\/wp-json\/wp\/v2\/posts\/10502\/revisions"}],"predecessor-version":[{"id":10505,"href":"https:\/\/www.in-magazines.com\/magazine\/wp-json\/wp\/v2\/posts\/10502\/revisions\/10505"}],"wp:featuredmedia":[{"embeddable":true,"href":"https:\/\/www.in-magazines.com\/magazine\/wp-json\/wp\/v2\/media\/10503"}],"wp:attachment":[{"href":"https:\/\/www.in-magazines.com\/magazine\/wp-json\/wp\/v2\/media?parent=10502"}],"wp:term":[{"taxonomy":"category","embeddable":true,"href":"https:\/\/www.in-magazines.com\/magazine\/wp-json\/wp\/v2\/categories?post=10502"},{"taxonomy":"post_tag","embeddable":true,"href":"https:\/\/www.in-magazines.com\/magazine\/wp-json\/wp\/v2\/tags?post=10502"}],"curies":[{"name":"wp","href":"https:\/\/api.w.org\/{rel}","templated":true}]}}