

{"id":10766,"date":"2023-06-12T06:35:00","date_gmt":"2023-06-12T06:35:00","guid":{"rendered":"https:\/\/www.in-magazines.com\/magazine\/?p=10766"},"modified":"2023-06-08T10:37:38","modified_gmt":"2023-06-08T10:37:38","slug":"arapl-cote-dazur-pour-securiser-accompagner-former-les-independants","status":"publish","type":"post","link":"https:\/\/www.in-magazines.com\/magazine\/sommaire\/inmagazine-32\/arapl-cote-dazur-pour-securiser-accompagner-former-les-independants\/","title":{"rendered":"ARAPL C\u00d4TE D&rsquo;AZUR &#8211; POUR S\u00c9CURISER, ACCOMPAGNER, FORMER LES IND\u00c9PENDANTS"},"content":{"rendered":"\n<p>Le Centre de gestion agr\u00e9\u00e9, assure aupr\u00e8s des ind\u00e9pendants, professions lib\u00e9rales, artisans et commer\u00e7ants, auto-entrepreneurs, des missions de s\u00e9curisation fiscale, de pr\u00e9vention et surtout un vrai accompagnement entrepreneurial. Dans cette posture de soutien du chef d\u2019entreprise, la gent f\u00e9minine de l\u2019\u00e9quipe ARAPL2CA est \u00e0 l\u2019honneur aujourd\u2019hui avec C\u00e9cile, Carole, Chantal, Charlotte, Marion et T\u00e9tet. Une \u00e9quipe alliant charme et comp\u00e9tences, \u00e0 la dynamique incontestable !<\/p>\n\n\n\n<p><strong>C\u00e9cile<\/strong>, arriv\u00e9e \u00e0 l\u2019ARAPL C\u00f4te d\u2019Azur il y a 5 ans comme auditrice, a su mettre \u00e0 profi t son exp\u00e9rience cabinet et ses comp\u00e9tences plurielles pour former un parfait bin\u00f4me avec la Direction. Par son volontarisme, son sens du devoir et son go\u00fbt pour se d\u00e9passer, elle est aujourd\u2019hui Directrice technique et responsable du p\u00f4le audit. Ses missions consistent \u00e0 superviser et manager ce p\u00f4le d\u2019expertise, \u00e0 auditer les d\u00e9clarations professionnelles des adh\u00e9rents, leur prodiguer conseils et recommandations et r\u00e9pondre \u00e0 leurs interrogations tout comme \u00e0 celles des partenaires naturels de l\u2019ARAPL C\u00f4te d\u2019Azur que constituent les experts-comptables. Ses passions ? Ses enfants, sa famille, le judo, le volley et les sports m\u00e9caniques.<\/p>\n\n\n\n<p>Responsable du p\u00f4le accueil, adh\u00e9sion et relations publiques depuis 2007, <strong>Carole <\/strong>sait \u00eatre \u00e0 l\u2019\u00e9coute et se mettre en quatre pour solutionner les probl\u00e9matiques des adh\u00e9rents et des cabinets. Elle assure \u00e9galement un accompagnement aux porteurs de projets dans une aide au choix du r\u00e9gime fiscal le plus adapt\u00e9 et vient en soutien des ind\u00e9pendants dans leur processus de cr\u00e9ation d\u2019entreprise. Elle g\u00e8re aussi les partenariats \u00e9tudiants et les relations avec le Conseil d\u2019Administration. Fan de football, elle supporte plus particuli\u00e8rement le PSG et l\u2019ESTAC.<\/p>\n\n\n\n<p>Depuis 25 ans, <strong>Chantal <\/strong>assure l\u2019audit des d\u00e9clarations professionnelles des adh\u00e9rents, les guide et leur apporte du conseil et des pr\u00e9conisations. Elle s\u2019occupe d\u2019une veille fiscale et sociale et anime des formations dans ses domaines de comp\u00e9tences. Dans sa fibre, elle aime transmettre aux autres et participe activement aux r\u00e9unions d\u2019informations coconstruites avec l\u2019URSSAF pour d\u00e9voiler les grands principes de l\u2019exercice lib\u00e9ral et n\u2019est jamais la derni\u00e8re pour enseigner les bonnes pratiques aux \u00e9tudiants. Ses loisirs se vivent en montagne, o\u00f9 elle pratique notamment le trail et le ski.<\/p>\n\n\n<a href=\"#\" class=\"_3d-flip-book  fb3d-link-lightbox-mode\" data-id=\"10645\" data-mode=\"link-lightbox\" data-title=\"false\" data-template=\"short-white-book-view\" data-lightbox=\"dark\" data-urlparam=\"fb3d-page\" data-page-n=\"0\" data-pdf=\"\" data-tax=\"null\" data-thumbnail=\"\" data-cols=\"3\" data-query=\"\"><img decoding=\"async\" src=\"http:\/\/www.in-magazines.com\/magazine\/wp-content\/uploads\/2021\/05\/btn.jpg\"><\/a>\n","protected":false},"excerpt":{"rendered":"<p>Le Centre de gestion agr&eacute;&eacute;, assure aupr&egrave;s des ind&eacute;pendants, professions lib&eacute;rales, artisans et commer&ccedil;ants, auto-entrepreneurs, des missions de s&eacute;curisation fiscale, de pr&eacute;vention et surtout un vrai accompagnement entrepreneurial. Dans cette posture de soutien du chef d&rsquo;entreprise, la gent f&eacute;minine de l&rsquo;&eacute;quipe ARAPL2CA est &agrave; l&rsquo;honneur aujourd&rsquo;hui avec C&eacute;cile, Carole, Chantal, Charlotte, Marion et T&eacute;tet. Une&hellip; <a class=\"more-link\" href=\"https:\/\/www.in-magazines.com\/magazine\/sommaire\/inmagazine-32\/arapl-cote-dazur-pour-securiser-accompagner-former-les-independants\/\">Poursuivre la lecture <span class=\"screen-reader-text\">ARAPL C\u00d4TE D&rsquo;AZUR &#8211; POUR S\u00c9CURISER, ACCOMPAGNER, FORMER LES IND\u00c9PENDANTS<\/span><\/a><\/p>\n","protected":false},"author":1,"featured_media":10767,"comment_status":"open","ping_status":"open","sticky":false,"template":"","format":"standard","meta":{"footnotes":""},"categories":[455,2016],"tags":[88,2044],"yoast_head":"<!-- This site is optimized with the Yoast SEO plugin v16.2 - https:\/\/yoast.com\/wordpress\/plugins\/seo\/ -->\n<title>ARAPL C\u00d4TE D&#039;AZUR - POUR S\u00c9CURISER, ACCOMPAGNER, FORMER LES IND\u00c9PENDANTS - In Magazines<\/title>\n<meta name=\"robots\" content=\"index, follow, max-snippet:-1, max-image-preview:large, max-video-preview:-1\" \/>\n<link rel=\"canonical\" href=\"https:\/\/www.in-magazines.com\/magazine\/sommaire\/inmagazine-32\/arapl-cote-dazur-pour-securiser-accompagner-former-les-independants\/\" \/>\n<meta property=\"og:locale\" content=\"fr_FR\" \/>\n<meta property=\"og:type\" content=\"article\" \/>\n<meta property=\"og:title\" content=\"ARAPL C\u00d4TE D&#039;AZUR - POUR S\u00c9CURISER, ACCOMPAGNER, FORMER LES IND\u00c9PENDANTS - In Magazines\" \/>\n<meta property=\"og:description\" content=\"Le Centre de gestion agr&eacute;&eacute;, assure aupr&egrave;s des ind&eacute;pendants, professions lib&eacute;rales, artisans et commer&ccedil;ants, auto-entrepreneurs, des missions de s&eacute;curisation fiscale, de pr&eacute;vention et surtout un vrai accompagnement entrepreneurial. Dans cette posture de soutien du chef d&rsquo;entreprise, la gent f&eacute;minine de l&rsquo;&eacute;quipe ARAPL2CA est &agrave; l&rsquo;honneur aujourd&rsquo;hui avec C&eacute;cile, Carole, Chantal, Charlotte, Marion et T&eacute;tet. Une&hellip; Poursuivre la lecture ARAPL C\u00d4TE D&rsquo;AZUR &#8211; POUR S\u00c9CURISER, ACCOMPAGNER, FORMER LES IND\u00c9PENDANTS\" \/>\n<meta property=\"og:url\" content=\"https:\/\/www.in-magazines.com\/magazine\/sommaire\/inmagazine-32\/arapl-cote-dazur-pour-securiser-accompagner-former-les-independants\/\" \/>\n<meta property=\"og:site_name\" content=\"In Magazines\" \/>\n<meta property=\"article:published_time\" content=\"2023-06-12T06:35:00+00:00\" \/>\n<meta property=\"article:modified_time\" content=\"2023-06-08T10:37:38+00:00\" \/>\n<meta property=\"og:image\" content=\"https:\/\/www.in-magazines.com\/magazine\/wp-content\/uploads\/2023\/06\/ARAPL-COTE-D-AZUR-POUR-SECURISER-ACCOMPAGNER-FORMER-LES-INDEPENDANTS_page-0001.jpg\" \/>\n\t<meta property=\"og:image:width\" content=\"500\" \/>\n\t<meta property=\"og:image:height\" content=\"418\" \/>\n<meta name=\"twitter:label1\" content=\"Dur\u00e9e de lecture est.\">\n\t<meta name=\"twitter:data1\" content=\"2 minutes\">\n<script type=\"application\/ld+json\" class=\"yoast-schema-graph\">{\"@context\":\"https:\/\/schema.org\",\"@graph\":[{\"@type\":\"WebSite\",\"@id\":\"https:\/\/www.in-magazines.com\/magazine\/#website\",\"url\":\"https:\/\/www.in-magazines.com\/magazine\/\",\"name\":\"In Magazines\",\"description\":\"\",\"potentialAction\":[{\"@type\":\"SearchAction\",\"target\":\"https:\/\/www.in-magazines.com\/magazine\/?s={search_term_string}\",\"query-input\":\"required name=search_term_string\"}],\"inLanguage\":\"fr-FR\"},{\"@type\":\"ImageObject\",\"@id\":\"https:\/\/www.in-magazines.com\/magazine\/sommaire\/inmagazine-32\/arapl-cote-dazur-pour-securiser-accompagner-former-les-independants\/#primaryimage\",\"inLanguage\":\"fr-FR\",\"url\":\"https:\/\/www.in-magazines.com\/magazine\/wp-content\/uploads\/2023\/06\/ARAPL-COTE-D-AZUR-POUR-SECURISER-ACCOMPAGNER-FORMER-LES-INDEPENDANTS_page-0001.jpg\",\"contentUrl\":\"https:\/\/www.in-magazines.com\/magazine\/wp-content\/uploads\/2023\/06\/ARAPL-COTE-D-AZUR-POUR-SECURISER-ACCOMPAGNER-FORMER-LES-INDEPENDANTS_page-0001.jpg\",\"width\":500,\"height\":418},{\"@type\":\"WebPage\",\"@id\":\"https:\/\/www.in-magazines.com\/magazine\/sommaire\/inmagazine-32\/arapl-cote-dazur-pour-securiser-accompagner-former-les-independants\/#webpage\",\"url\":\"https:\/\/www.in-magazines.com\/magazine\/sommaire\/inmagazine-32\/arapl-cote-dazur-pour-securiser-accompagner-former-les-independants\/\",\"name\":\"ARAPL C\\u00d4TE D'AZUR - POUR S\\u00c9CURISER, ACCOMPAGNER, FORMER LES IND\\u00c9PENDANTS - In Magazines\",\"isPartOf\":{\"@id\":\"https:\/\/www.in-magazines.com\/magazine\/#website\"},\"primaryImageOfPage\":{\"@id\":\"https:\/\/www.in-magazines.com\/magazine\/sommaire\/inmagazine-32\/arapl-cote-dazur-pour-securiser-accompagner-former-les-independants\/#primaryimage\"},\"datePublished\":\"2023-06-12T06:35:00+00:00\",\"dateModified\":\"2023-06-08T10:37:38+00:00\",\"author\":{\"@id\":\"https:\/\/www.in-magazines.com\/magazine\/#\/schema\/person\/c27e7dabb9a1ef380814bdd5636d07e3\"},\"breadcrumb\":{\"@id\":\"https:\/\/www.in-magazines.com\/magazine\/sommaire\/inmagazine-32\/arapl-cote-dazur-pour-securiser-accompagner-former-les-independants\/#breadcrumb\"},\"inLanguage\":\"fr-FR\",\"potentialAction\":[{\"@type\":\"ReadAction\",\"target\":[\"https:\/\/www.in-magazines.com\/magazine\/sommaire\/inmagazine-32\/arapl-cote-dazur-pour-securiser-accompagner-former-les-independants\/\"]}]},{\"@type\":\"BreadcrumbList\",\"@id\":\"https:\/\/www.in-magazines.com\/magazine\/sommaire\/inmagazine-32\/arapl-cote-dazur-pour-securiser-accompagner-former-les-independants\/#breadcrumb\",\"itemListElement\":[{\"@type\":\"ListItem\",\"position\":1,\"item\":{\"@id\":\"https:\/\/www.in-magazines.com\/magazine\/sommaire\/inmagazine-32\/arapl-cote-dazur-pour-securiser-accompagner-former-les-independants\/#webpage\"}}]},{\"@type\":\"Person\",\"@id\":\"https:\/\/www.in-magazines.com\/magazine\/#\/schema\/person\/c27e7dabb9a1ef380814bdd5636d07e3\",\"name\":\"backinmag\",\"image\":{\"@type\":\"ImageObject\",\"@id\":\"https:\/\/www.in-magazines.com\/magazine\/#personlogo\",\"inLanguage\":\"fr-FR\",\"url\":\"https:\/\/secure.gravatar.com\/avatar\/13a234bb19dc4fd04793d73c3472fbdb?s=96&d=mm&r=g\",\"contentUrl\":\"https:\/\/secure.gravatar.com\/avatar\/13a234bb19dc4fd04793d73c3472fbdb?s=96&d=mm&r=g\",\"caption\":\"backinmag\"},\"sameAs\":[\"http:\/\/www.in-magazines.com\/magazin\"]}]}<\/script>\n<!-- \/ Yoast SEO plugin. -->","_links":{"self":[{"href":"https:\/\/www.in-magazines.com\/magazine\/wp-json\/wp\/v2\/posts\/10766"}],"collection":[{"href":"https:\/\/www.in-magazines.com\/magazine\/wp-json\/wp\/v2\/posts"}],"about":[{"href":"https:\/\/www.in-magazines.com\/magazine\/wp-json\/wp\/v2\/types\/post"}],"author":[{"embeddable":true,"href":"https:\/\/www.in-magazines.com\/magazine\/wp-json\/wp\/v2\/users\/1"}],"replies":[{"embeddable":true,"href":"https:\/\/www.in-magazines.com\/magazine\/wp-json\/wp\/v2\/comments?post=10766"}],"version-history":[{"count":2,"href":"https:\/\/www.in-magazines.com\/magazine\/wp-json\/wp\/v2\/posts\/10766\/revisions"}],"predecessor-version":[{"id":10769,"href":"https:\/\/www.in-magazines.com\/magazine\/wp-json\/wp\/v2\/posts\/10766\/revisions\/10769"}],"wp:featuredmedia":[{"embeddable":true,"href":"https:\/\/www.in-magazines.com\/magazine\/wp-json\/wp\/v2\/media\/10767"}],"wp:attachment":[{"href":"https:\/\/www.in-magazines.com\/magazine\/wp-json\/wp\/v2\/media?parent=10766"}],"wp:term":[{"taxonomy":"category","embeddable":true,"href":"https:\/\/www.in-magazines.com\/magazine\/wp-json\/wp\/v2\/categories?post=10766"},{"taxonomy":"post_tag","embeddable":true,"href":"https:\/\/www.in-magazines.com\/magazine\/wp-json\/wp\/v2\/tags?post=10766"}],"curies":[{"name":"wp","href":"https:\/\/api.w.org\/{rel}","templated":true}]}}