

{"id":11051,"date":"2023-09-07T06:46:00","date_gmt":"2023-09-07T06:46:00","guid":{"rendered":"https:\/\/www.in-magazines.com\/magazine\/?p=11051"},"modified":"2023-09-06T10:51:35","modified_gmt":"2023-09-06T10:51:35","slug":"la-locomotiv-sur-les-rails-de-la-mobilite-inclusive","status":"publish","type":"post","link":"https:\/\/www.in-magazines.com\/magazine\/sommaire\/inmagazine-33\/la-locomotiv-sur-les-rails-de-la-mobilite-inclusive\/","title":{"rendered":"LA LOCOMOTIV\u2019, sur les rails de la mobilit\u00e9 inclusive"},"content":{"rendered":"\n<p>Lire un plan, utiliser une application de navigation, prendre un v\u00e9lo, utiliser une trottinette, passer son code, avoir son permis sont autant de choses qui peuvent sembler anodines pour certains et repr\u00e9senter une montagne infranchissable pour d\u2019autres. La locomotiv\u2019 a l\u2019ambition de casser ce cercle vicieux pour redonner de l\u2019autonomie et de la confiance aux personnes en difficult\u00e9 personnelle et professionnelle.<\/p>\n\n\n\n<p>Etudier la mobilit\u00e9 sur la C\u00f4te d\u2019Azur revient \u00e0 identifier un certain nombre de freins \u00e0 son d\u00e9veloppement. La Fondation Apprentis d\u2019Auteuil, qui soutient depuis plus de 150 ans des jeunes en difficult\u00e9, \u00e0 travers des programmes d\u2019accueil, d\u2019\u00e9ducation, de formation et d\u2019insertion, s\u2019est pench\u00e9 sur le sujet dans le d\u00e9partement. Et dans cette volont\u00e9 de r\u00e9soudre les probl\u00e9matiques qui nuisent \u00e0 une bonne insertion professionnelle et sociale, la Fondation a fait de la mobilit\u00e9 un axe de travail fort : une \u00e9tude suivie d\u2019un diagnostic, men\u00e9s au premier semestre 2022 mettaient en lumi\u00e8re et cartographiaient l\u2019\u00e9cosyst\u00e8me global de la mobilit\u00e9 sur les territoires de la CASA, de Grasse, de l\u2019Est de Cannes et l\u2019Ouest de Nice. L\u2019id\u00e9e qui a \u00e9merg\u00e9 de ce travail d\u2019analyse ? L\u2019ouverture de La locomotiv\u2019, \u00e0 la gare SNCF de Vallauris-Golfe Juan, un tiers-lieu d\u00e9di\u00e9 \u00e0 la mobilit\u00e9 inclusive.<\/p>\n\n\n\n<p>La locomotiv\u2019 accompagnera des publics fragilis\u00e9s sur leurs freins physiques, cognitifs, psychologiques, culturels et financiers. Du soutien au code de la route \u00e0 l\u2019apprentissage du v\u00e9lo en passant par de l\u2019accompagnement administratif, l\u2019\u00e9quipage de La locomotiv\u2019 s\u2019attachera \u00e0 r\u00e9pondre aux probl\u00e9matiques de chacun.<\/p>\n\n\n\n<h2 class=\"wp-block-heading\">L\u2019enjeu ? \u00ab Pouvoir bouger \u00bb, mais aussi \u00ab savoir bouger \u00bb<\/h2>\n\n\n\n<p>En \u00e9tant centr\u00e9 sur l\u2019individu, un conseiller mobilit\u00e9 identifiera sa situation pour pouvoir envisager, avec lui, les solutions les plus adapt\u00e9es et p\u00e9rennes qui seront mises en place via un parcours d&rsquo;accompagnement personnalis\u00e9. La locomotiv\u2019 servira aussi \u00e0 cr\u00e9er une synergie de plusieurs acteurs du territoire pour favoriser des solutions innovantes de mobilit\u00e9 inclusive.<\/p>\n\n\n<a href=\"#\" class=\"_3d-flip-book  fb3d-link-lightbox-mode\" data-id=\"10991\" data-mode=\"link-lightbox\" data-title=\"false\" data-template=\"short-white-book-view\" data-lightbox=\"dark\" data-urlparam=\"fb3d-page\" data-page-n=\"0\" data-pdf=\"\" data-tax=\"null\" data-thumbnail=\"\" data-cols=\"3\" data-query=\"\"><img decoding=\"async\" src=\"http:\/\/www.in-magazines.com\/magazine\/wp-content\/uploads\/2021\/05\/btn.jpg\"><\/a>\n","protected":false},"excerpt":{"rendered":"<p>Lire un plan, utiliser une application de navigation, prendre un v&eacute;lo, utiliser une trottinette, passer son code, avoir son permis sont autant de choses qui peuvent sembler anodines pour certains et repr&eacute;senter une montagne infranchissable pour d&rsquo;autres. La locomotiv&rsquo; a l&rsquo;ambition de casser ce cercle vicieux pour redonner de l&rsquo;autonomie et de la confiance aux&hellip; <a class=\"more-link\" href=\"https:\/\/www.in-magazines.com\/magazine\/sommaire\/inmagazine-33\/la-locomotiv-sur-les-rails-de-la-mobilite-inclusive\/\">Poursuivre la lecture <span class=\"screen-reader-text\">LA LOCOMOTIV\u2019, sur les rails de la mobilit\u00e9 inclusive<\/span><\/a><\/p>\n","protected":false},"author":1,"featured_media":11052,"comment_status":"open","ping_status":"open","sticky":false,"template":"","format":"standard","meta":{"footnotes":""},"categories":[2086,1694],"tags":[2099,2100],"yoast_head":"<!-- This site is optimized with the Yoast SEO plugin v16.2 - https:\/\/yoast.com\/wordpress\/plugins\/seo\/ -->\n<title>LA LOCOMOTIV\u2019, sur les rails de la mobilit\u00e9 inclusive - In Magazines<\/title>\n<meta name=\"robots\" content=\"index, follow, max-snippet:-1, max-image-preview:large, max-video-preview:-1\" \/>\n<link rel=\"canonical\" href=\"https:\/\/www.in-magazines.com\/magazine\/sommaire\/inmagazine-33\/la-locomotiv-sur-les-rails-de-la-mobilite-inclusive\/\" \/>\n<meta property=\"og:locale\" content=\"fr_FR\" \/>\n<meta property=\"og:type\" content=\"article\" \/>\n<meta property=\"og:title\" content=\"LA LOCOMOTIV\u2019, sur les rails de la mobilit\u00e9 inclusive - In Magazines\" \/>\n<meta property=\"og:description\" content=\"Lire un plan, utiliser une application de navigation, prendre un v&eacute;lo, utiliser une trottinette, passer son code, avoir son permis sont autant de choses qui peuvent sembler anodines pour certains et repr&eacute;senter une montagne infranchissable pour d&rsquo;autres. La locomotiv&rsquo; a l&rsquo;ambition de casser ce cercle vicieux pour redonner de l&rsquo;autonomie et de la confiance aux&hellip; Poursuivre la lecture LA LOCOMOTIV\u2019, sur les rails de la mobilit\u00e9 inclusive\" \/>\n<meta property=\"og:url\" content=\"https:\/\/www.in-magazines.com\/magazine\/sommaire\/inmagazine-33\/la-locomotiv-sur-les-rails-de-la-mobilite-inclusive\/\" \/>\n<meta property=\"og:site_name\" content=\"In Magazines\" \/>\n<meta property=\"article:published_time\" content=\"2023-09-07T06:46:00+00:00\" \/>\n<meta property=\"article:modified_time\" content=\"2023-09-06T10:51:35+00:00\" \/>\n<meta property=\"og:image\" content=\"https:\/\/www.in-magazines.com\/magazine\/wp-content\/uploads\/2023\/09\/LA-LOCOMOTIV-sur-les-rails-de-la-mobilite-inclusive.jpg\" \/>\n\t<meta property=\"og:image:width\" content=\"700\" \/>\n\t<meta property=\"og:image:height\" content=\"515\" \/>\n<meta name=\"twitter:label1\" content=\"Dur\u00e9e de lecture est.\">\n\t<meta name=\"twitter:data1\" content=\"2 minutes\">\n<script type=\"application\/ld+json\" class=\"yoast-schema-graph\">{\"@context\":\"https:\/\/schema.org\",\"@graph\":[{\"@type\":\"WebSite\",\"@id\":\"https:\/\/www.in-magazines.com\/magazine\/#website\",\"url\":\"https:\/\/www.in-magazines.com\/magazine\/\",\"name\":\"In Magazines\",\"description\":\"\",\"potentialAction\":[{\"@type\":\"SearchAction\",\"target\":\"https:\/\/www.in-magazines.com\/magazine\/?s={search_term_string}\",\"query-input\":\"required name=search_term_string\"}],\"inLanguage\":\"fr-FR\"},{\"@type\":\"ImageObject\",\"@id\":\"https:\/\/www.in-magazines.com\/magazine\/sommaire\/inmagazine-33\/la-locomotiv-sur-les-rails-de-la-mobilite-inclusive\/#primaryimage\",\"inLanguage\":\"fr-FR\",\"url\":\"https:\/\/www.in-magazines.com\/magazine\/wp-content\/uploads\/2023\/09\/LA-LOCOMOTIV-sur-les-rails-de-la-mobilite-inclusive.jpg\",\"contentUrl\":\"https:\/\/www.in-magazines.com\/magazine\/wp-content\/uploads\/2023\/09\/LA-LOCOMOTIV-sur-les-rails-de-la-mobilite-inclusive.jpg\",\"width\":700,\"height\":515},{\"@type\":\"WebPage\",\"@id\":\"https:\/\/www.in-magazines.com\/magazine\/sommaire\/inmagazine-33\/la-locomotiv-sur-les-rails-de-la-mobilite-inclusive\/#webpage\",\"url\":\"https:\/\/www.in-magazines.com\/magazine\/sommaire\/inmagazine-33\/la-locomotiv-sur-les-rails-de-la-mobilite-inclusive\/\",\"name\":\"LA LOCOMOTIV\\u2019, sur les rails de la mobilit\\u00e9 inclusive - In Magazines\",\"isPartOf\":{\"@id\":\"https:\/\/www.in-magazines.com\/magazine\/#website\"},\"primaryImageOfPage\":{\"@id\":\"https:\/\/www.in-magazines.com\/magazine\/sommaire\/inmagazine-33\/la-locomotiv-sur-les-rails-de-la-mobilite-inclusive\/#primaryimage\"},\"datePublished\":\"2023-09-07T06:46:00+00:00\",\"dateModified\":\"2023-09-06T10:51:35+00:00\",\"author\":{\"@id\":\"https:\/\/www.in-magazines.com\/magazine\/#\/schema\/person\/c27e7dabb9a1ef380814bdd5636d07e3\"},\"breadcrumb\":{\"@id\":\"https:\/\/www.in-magazines.com\/magazine\/sommaire\/inmagazine-33\/la-locomotiv-sur-les-rails-de-la-mobilite-inclusive\/#breadcrumb\"},\"inLanguage\":\"fr-FR\",\"potentialAction\":[{\"@type\":\"ReadAction\",\"target\":[\"https:\/\/www.in-magazines.com\/magazine\/sommaire\/inmagazine-33\/la-locomotiv-sur-les-rails-de-la-mobilite-inclusive\/\"]}]},{\"@type\":\"BreadcrumbList\",\"@id\":\"https:\/\/www.in-magazines.com\/magazine\/sommaire\/inmagazine-33\/la-locomotiv-sur-les-rails-de-la-mobilite-inclusive\/#breadcrumb\",\"itemListElement\":[{\"@type\":\"ListItem\",\"position\":1,\"item\":{\"@id\":\"https:\/\/www.in-magazines.com\/magazine\/sommaire\/inmagazine-33\/la-locomotiv-sur-les-rails-de-la-mobilite-inclusive\/#webpage\"}}]},{\"@type\":\"Person\",\"@id\":\"https:\/\/www.in-magazines.com\/magazine\/#\/schema\/person\/c27e7dabb9a1ef380814bdd5636d07e3\",\"name\":\"backinmag\",\"image\":{\"@type\":\"ImageObject\",\"@id\":\"https:\/\/www.in-magazines.com\/magazine\/#personlogo\",\"inLanguage\":\"fr-FR\",\"url\":\"https:\/\/secure.gravatar.com\/avatar\/13a234bb19dc4fd04793d73c3472fbdb?s=96&d=mm&r=g\",\"contentUrl\":\"https:\/\/secure.gravatar.com\/avatar\/13a234bb19dc4fd04793d73c3472fbdb?s=96&d=mm&r=g\",\"caption\":\"backinmag\"},\"sameAs\":[\"http:\/\/www.in-magazines.com\/magazin\"]}]}<\/script>\n<!-- \/ Yoast SEO plugin. -->","_links":{"self":[{"href":"https:\/\/www.in-magazines.com\/magazine\/wp-json\/wp\/v2\/posts\/11051"}],"collection":[{"href":"https:\/\/www.in-magazines.com\/magazine\/wp-json\/wp\/v2\/posts"}],"about":[{"href":"https:\/\/www.in-magazines.com\/magazine\/wp-json\/wp\/v2\/types\/post"}],"author":[{"embeddable":true,"href":"https:\/\/www.in-magazines.com\/magazine\/wp-json\/wp\/v2\/users\/1"}],"replies":[{"embeddable":true,"href":"https:\/\/www.in-magazines.com\/magazine\/wp-json\/wp\/v2\/comments?post=11051"}],"version-history":[{"count":2,"href":"https:\/\/www.in-magazines.com\/magazine\/wp-json\/wp\/v2\/posts\/11051\/revisions"}],"predecessor-version":[{"id":11054,"href":"https:\/\/www.in-magazines.com\/magazine\/wp-json\/wp\/v2\/posts\/11051\/revisions\/11054"}],"wp:featuredmedia":[{"embeddable":true,"href":"https:\/\/www.in-magazines.com\/magazine\/wp-json\/wp\/v2\/media\/11052"}],"wp:attachment":[{"href":"https:\/\/www.in-magazines.com\/magazine\/wp-json\/wp\/v2\/media?parent=11051"}],"wp:term":[{"taxonomy":"category","embeddable":true,"href":"https:\/\/www.in-magazines.com\/magazine\/wp-json\/wp\/v2\/categories?post=11051"},{"taxonomy":"post_tag","embeddable":true,"href":"https:\/\/www.in-magazines.com\/magazine\/wp-json\/wp\/v2\/tags?post=11051"}],"curies":[{"name":"wp","href":"https:\/\/api.w.org\/{rel}","templated":true}]}}