

{"id":11069,"date":"2023-09-07T06:42:00","date_gmt":"2023-09-07T06:42:00","guid":{"rendered":"https:\/\/www.in-magazines.com\/magazine\/?p=11069"},"modified":"2023-09-06T11:28:13","modified_gmt":"2023-09-06T11:28:13","slug":"digitaliser-les-magasins-humaniser-le-web-miser-sur-les-competences-de-nos-equipes","status":"publish","type":"post","link":"https:\/\/www.in-magazines.com\/magazine\/sommaire\/inmagazine-33\/digitaliser-les-magasins-humaniser-le-web-miser-sur-les-competences-de-nos-equipes\/","title":{"rendered":"\u00ab Digitaliser les magasins, humaniser le web, miser sur LES COMP\u00c9TENCES DE NOS \u00c9QUIPES \u00bb"},"content":{"rendered":"\n<p>Membre actif de l\u2019association Nice Shopping, la FNAC de Nice, dirig\u00e9e par Jean-Marc Taieb, f\u00e9d\u00e8re ses \u00e9quipes pour \u00eatre au plus proche des sp\u00e9cificit\u00e9s de la demande ni\u00e7oise, en mati\u00e8re d\u2019offre de produits techniques et \u00e9ditoriaux. Reconnues pour leurs comp\u00e9tences, ses \u00e9quipes sont particuli\u00e8rement pl\u00e9biscit\u00e9es par les clients pour \u00eatre conseill\u00e9s avec expertise aupr\u00e8s d\u2019un vendeur en particulier, avant d\u2019y choisir le produit convoit\u00e9. Jean-Marc Taieb nous ouvre les portes de l\u2019enseigne ni\u00e7oise de l\u2019avenue Jean M\u00e9decin.<\/p>\n\n\n\n<p>\u00abM\u00eame si nous sommes la FNAC \u2013 rappelle en toute humilit\u00e9 Jean-Marc Taieb, son directeur \u00e0 Nice \u2013 nous avons besoin de la dynamique cr\u00e9\u00e9e par Nice Shopping, qui f\u00e9d\u00e8re l\u2019ensemble des acteurs \u00e9conomiques majeurs de la ville pour promouvoir la diversit\u00e9 et la richesse du commerce ni\u00e7ois. C\u2019est dans l\u2019int\u00e9r\u00eat final du client et c\u2019est aussi un vecteur de communication compl\u00e9mentaire sur nos services comme sur notre offre de produits \u00e9ditoriaux et techniques. Enfin, cela nous permet de nous int\u00e9grer dans le paysage du commerce local, au c\u0153ur des sp\u00e9cificit\u00e9s de la client\u00e8le ni\u00e7oise \u00bb. Depuis pr\u00e8s de 30 ans, Jean Marc Taieb participe au d\u00e9veloppement hexagonal de la FNAC : il y est entr\u00e9 \u00e0 Nice comme Responsable du d\u00e9partement Livres au magasin de la capitale azur\u00e9enne lorsque celui-ci \u00e9tait implant\u00e9 dans le centre commercial NICETOILE, apr\u00e8s un d\u00e9but de carri\u00e8re dans la grande distribution. Au fil des ann\u00e9es, il \u00e9volue vers un poste de coordinateur (interface entre le magasin, les directions commerciale et r\u00e9gionale) successivement \u00e0 Nice puis \u00e0 Toulouse et c\u2019est ensuite la direction d\u2019un premier magasin \u00e0 Pau, puis \u00e0 Cannes en 2005.<br>En 2009, Jean-Marc Taieb est nomm\u00e9 \u00e0 la direction de la FNAC de Grenoble, importante structure puis se profile le retour sur la C\u00f4te d\u2019Azur pour participer \u00e0 l\u2019exceptionnelle aventure de l\u2019ouverture du magasin de Polygone Riviera. D\u00e9but 2022, c\u2019est un retour aux sources : il s\u2019installe aux commandes de la FNAC de Nice, o\u00f9 \u00e9voluent d\u00e9sormais plus de 100 personnes sur 6.000 m\u00b2 dont 4.500&nbsp;m\u00b2 de surface de vente.<\/p>\n\n\n<a href=\"#\" class=\"_3d-flip-book  fb3d-link-lightbox-mode\" data-id=\"10995\" data-mode=\"link-lightbox\" data-title=\"false\" data-template=\"short-white-book-view\" data-lightbox=\"dark\" data-urlparam=\"fb3d-page\" data-page-n=\"0\" data-pdf=\"\" data-tax=\"null\" data-thumbnail=\"\" data-cols=\"3\" data-query=\"\"><img decoding=\"async\" src=\"http:\/\/www.in-magazines.com\/magazine\/wp-content\/uploads\/2021\/05\/btn.jpg\"><\/a>\n","protected":false},"excerpt":{"rendered":"<p>Membre actif de l&rsquo;association Nice Shopping, la FNAC de Nice, dirig&eacute;e par Jean-Marc Taieb, f&eacute;d&egrave;re ses &eacute;quipes pour &ecirc;tre au plus proche des sp&eacute;cificit&eacute;s de la demande ni&ccedil;oise, en mati&egrave;re d&rsquo;offre de produits techniques et &eacute;ditoriaux. Reconnues pour leurs comp&eacute;tences, ses &eacute;quipes sont particuli&egrave;rement pl&eacute;biscit&eacute;es par les clients pour &ecirc;tre conseill&eacute;s avec expertise aupr&egrave;s d&rsquo;un&hellip; <a class=\"more-link\" href=\"https:\/\/www.in-magazines.com\/magazine\/sommaire\/inmagazine-33\/digitaliser-les-magasins-humaniser-le-web-miser-sur-les-competences-de-nos-equipes\/\">Poursuivre la lecture <span class=\"screen-reader-text\">\u00ab Digitaliser les magasins, humaniser le web, miser sur LES COMP\u00c9TENCES DE NOS \u00c9QUIPES \u00bb<\/span><\/a><\/p>\n","protected":false},"author":1,"featured_media":11071,"comment_status":"open","ping_status":"open","sticky":false,"template":"","format":"standard","meta":{"footnotes":""},"categories":[2086,1694],"tags":[2008,2105],"yoast_head":"<!-- This site is optimized with the Yoast SEO plugin v16.2 - https:\/\/yoast.com\/wordpress\/plugins\/seo\/ -->\n<title>\u00ab Digitaliser les magasins, humaniser le web, miser sur LES COMP\u00c9TENCES DE NOS \u00c9QUIPES \u00bb - In Magazines<\/title>\n<meta name=\"robots\" content=\"index, follow, max-snippet:-1, max-image-preview:large, max-video-preview:-1\" \/>\n<link rel=\"canonical\" href=\"https:\/\/www.in-magazines.com\/magazine\/sommaire\/inmagazine-33\/digitaliser-les-magasins-humaniser-le-web-miser-sur-les-competences-de-nos-equipes\/\" \/>\n<meta property=\"og:locale\" content=\"fr_FR\" \/>\n<meta property=\"og:type\" content=\"article\" \/>\n<meta property=\"og:title\" content=\"\u00ab Digitaliser les magasins, humaniser le web, miser sur LES COMP\u00c9TENCES DE NOS \u00c9QUIPES \u00bb - In Magazines\" \/>\n<meta property=\"og:description\" content=\"Membre actif de l&rsquo;association Nice Shopping, la FNAC de Nice, dirig&eacute;e par Jean-Marc Taieb, f&eacute;d&egrave;re ses &eacute;quipes pour &ecirc;tre au plus proche des sp&eacute;cificit&eacute;s de la demande ni&ccedil;oise, en mati&egrave;re d&rsquo;offre de produits techniques et &eacute;ditoriaux. Reconnues pour leurs comp&eacute;tences, ses &eacute;quipes sont particuli&egrave;rement pl&eacute;biscit&eacute;es par les clients pour &ecirc;tre conseill&eacute;s avec expertise aupr&egrave;s d&rsquo;un&hellip; Poursuivre la lecture \u00ab Digitaliser les magasins, humaniser le web, miser sur LES COMP\u00c9TENCES DE NOS \u00c9QUIPES \u00bb\" \/>\n<meta property=\"og:url\" content=\"https:\/\/www.in-magazines.com\/magazine\/sommaire\/inmagazine-33\/digitaliser-les-magasins-humaniser-le-web-miser-sur-les-competences-de-nos-equipes\/\" \/>\n<meta property=\"og:site_name\" content=\"In Magazines\" \/>\n<meta property=\"article:published_time\" content=\"2023-09-07T06:42:00+00:00\" \/>\n<meta property=\"article:modified_time\" content=\"2023-09-06T11:28:13+00:00\" \/>\n<meta property=\"og:image\" content=\"https:\/\/www.in-magazines.com\/magazine\/wp-content\/uploads\/2023\/09\/Digitaliser-les-magasins-humaniser-le-web-miser-sur-LES-COMPETENCES-DE-NOS-EQUIPES.jpg\" \/>\n\t<meta property=\"og:image:width\" content=\"769\" \/>\n\t<meta property=\"og:image:height\" content=\"616\" \/>\n<meta name=\"twitter:label1\" content=\"Dur\u00e9e de lecture est.\">\n\t<meta name=\"twitter:data1\" content=\"2 minutes\">\n<script type=\"application\/ld+json\" class=\"yoast-schema-graph\">{\"@context\":\"https:\/\/schema.org\",\"@graph\":[{\"@type\":\"WebSite\",\"@id\":\"https:\/\/www.in-magazines.com\/magazine\/#website\",\"url\":\"https:\/\/www.in-magazines.com\/magazine\/\",\"name\":\"In Magazines\",\"description\":\"\",\"potentialAction\":[{\"@type\":\"SearchAction\",\"target\":\"https:\/\/www.in-magazines.com\/magazine\/?s={search_term_string}\",\"query-input\":\"required name=search_term_string\"}],\"inLanguage\":\"fr-FR\"},{\"@type\":\"ImageObject\",\"@id\":\"https:\/\/www.in-magazines.com\/magazine\/sommaire\/inmagazine-33\/digitaliser-les-magasins-humaniser-le-web-miser-sur-les-competences-de-nos-equipes\/#primaryimage\",\"inLanguage\":\"fr-FR\",\"url\":\"https:\/\/www.in-magazines.com\/magazine\/wp-content\/uploads\/2023\/09\/Digitaliser-les-magasins-humaniser-le-web-miser-sur-LES-COMPETENCES-DE-NOS-EQUIPES.jpg\",\"contentUrl\":\"https:\/\/www.in-magazines.com\/magazine\/wp-content\/uploads\/2023\/09\/Digitaliser-les-magasins-humaniser-le-web-miser-sur-LES-COMPETENCES-DE-NOS-EQUIPES.jpg\",\"width\":769,\"height\":616},{\"@type\":\"WebPage\",\"@id\":\"https:\/\/www.in-magazines.com\/magazine\/sommaire\/inmagazine-33\/digitaliser-les-magasins-humaniser-le-web-miser-sur-les-competences-de-nos-equipes\/#webpage\",\"url\":\"https:\/\/www.in-magazines.com\/magazine\/sommaire\/inmagazine-33\/digitaliser-les-magasins-humaniser-le-web-miser-sur-les-competences-de-nos-equipes\/\",\"name\":\"\\u00ab Digitaliser les magasins, humaniser le web, miser sur LES COMP\\u00c9TENCES DE NOS \\u00c9QUIPES \\u00bb - In Magazines\",\"isPartOf\":{\"@id\":\"https:\/\/www.in-magazines.com\/magazine\/#website\"},\"primaryImageOfPage\":{\"@id\":\"https:\/\/www.in-magazines.com\/magazine\/sommaire\/inmagazine-33\/digitaliser-les-magasins-humaniser-le-web-miser-sur-les-competences-de-nos-equipes\/#primaryimage\"},\"datePublished\":\"2023-09-07T06:42:00+00:00\",\"dateModified\":\"2023-09-06T11:28:13+00:00\",\"author\":{\"@id\":\"https:\/\/www.in-magazines.com\/magazine\/#\/schema\/person\/c27e7dabb9a1ef380814bdd5636d07e3\"},\"breadcrumb\":{\"@id\":\"https:\/\/www.in-magazines.com\/magazine\/sommaire\/inmagazine-33\/digitaliser-les-magasins-humaniser-le-web-miser-sur-les-competences-de-nos-equipes\/#breadcrumb\"},\"inLanguage\":\"fr-FR\",\"potentialAction\":[{\"@type\":\"ReadAction\",\"target\":[\"https:\/\/www.in-magazines.com\/magazine\/sommaire\/inmagazine-33\/digitaliser-les-magasins-humaniser-le-web-miser-sur-les-competences-de-nos-equipes\/\"]}]},{\"@type\":\"BreadcrumbList\",\"@id\":\"https:\/\/www.in-magazines.com\/magazine\/sommaire\/inmagazine-33\/digitaliser-les-magasins-humaniser-le-web-miser-sur-les-competences-de-nos-equipes\/#breadcrumb\",\"itemListElement\":[{\"@type\":\"ListItem\",\"position\":1,\"item\":{\"@id\":\"https:\/\/www.in-magazines.com\/magazine\/sommaire\/inmagazine-33\/digitaliser-les-magasins-humaniser-le-web-miser-sur-les-competences-de-nos-equipes\/#webpage\"}}]},{\"@type\":\"Person\",\"@id\":\"https:\/\/www.in-magazines.com\/magazine\/#\/schema\/person\/c27e7dabb9a1ef380814bdd5636d07e3\",\"name\":\"backinmag\",\"image\":{\"@type\":\"ImageObject\",\"@id\":\"https:\/\/www.in-magazines.com\/magazine\/#personlogo\",\"inLanguage\":\"fr-FR\",\"url\":\"https:\/\/secure.gravatar.com\/avatar\/13a234bb19dc4fd04793d73c3472fbdb?s=96&d=mm&r=g\",\"contentUrl\":\"https:\/\/secure.gravatar.com\/avatar\/13a234bb19dc4fd04793d73c3472fbdb?s=96&d=mm&r=g\",\"caption\":\"backinmag\"},\"sameAs\":[\"http:\/\/www.in-magazines.com\/magazin\"]}]}<\/script>\n<!-- \/ Yoast SEO plugin. -->","_links":{"self":[{"href":"https:\/\/www.in-magazines.com\/magazine\/wp-json\/wp\/v2\/posts\/11069"}],"collection":[{"href":"https:\/\/www.in-magazines.com\/magazine\/wp-json\/wp\/v2\/posts"}],"about":[{"href":"https:\/\/www.in-magazines.com\/magazine\/wp-json\/wp\/v2\/types\/post"}],"author":[{"embeddable":true,"href":"https:\/\/www.in-magazines.com\/magazine\/wp-json\/wp\/v2\/users\/1"}],"replies":[{"embeddable":true,"href":"https:\/\/www.in-magazines.com\/magazine\/wp-json\/wp\/v2\/comments?post=11069"}],"version-history":[{"count":2,"href":"https:\/\/www.in-magazines.com\/magazine\/wp-json\/wp\/v2\/posts\/11069\/revisions"}],"predecessor-version":[{"id":11073,"href":"https:\/\/www.in-magazines.com\/magazine\/wp-json\/wp\/v2\/posts\/11069\/revisions\/11073"}],"wp:featuredmedia":[{"embeddable":true,"href":"https:\/\/www.in-magazines.com\/magazine\/wp-json\/wp\/v2\/media\/11071"}],"wp:attachment":[{"href":"https:\/\/www.in-magazines.com\/magazine\/wp-json\/wp\/v2\/media?parent=11069"}],"wp:term":[{"taxonomy":"category","embeddable":true,"href":"https:\/\/www.in-magazines.com\/magazine\/wp-json\/wp\/v2\/categories?post=11069"},{"taxonomy":"post_tag","embeddable":true,"href":"https:\/\/www.in-magazines.com\/magazine\/wp-json\/wp\/v2\/tags?post=11069"}],"curies":[{"name":"wp","href":"https:\/\/api.w.org\/{rel}","templated":true}]}}