

{"id":11128,"date":"2023-09-07T06:28:00","date_gmt":"2023-09-07T06:28:00","guid":{"rendered":"https:\/\/www.in-magazines.com\/magazine\/?p=11128"},"modified":"2023-09-06T13:34:18","modified_gmt":"2023-09-06T13:34:18","slug":"la-canopee-accueillera-lurssaf-sud-est","status":"publish","type":"post","link":"https:\/\/www.in-magazines.com\/magazine\/sommaire\/inmagazine-33\/la-canopee-accueillera-lurssaf-sud-est\/","title":{"rendered":"LA CANOP\u00c9E accueillera l\u2019URSSAF Sud-Est"},"content":{"rendered":"\n<p>L\u2019op\u00e9ration, men\u00e9e par le promoteur Equilis* sur l\u2019ancien site des terrasses de Sophia, m\u00ealera 13.000 m\u00b2 de bureaux, 212 logements et un restaurant, sur une superficie totale de 25.000 m\u00b2. L\u2019URSSAF Sud-Est vient d\u2019y acqu\u00e9rir 4700 m\u00b2 de bureaux en VEFA (Vente en Etat Futur d\u2019Ach\u00e8vement).<\/p>\n\n\n\n<p>C \u2019est un signe important pour la vaste op\u00e9ration de requalification du site des Terrasses de Sophia Antipolis&nbsp;: L\u2019URSSAF va s\u2019y implanter sur 4700 m\u00b2 de bureaux. Pour Laurent Tirot, CEO d\u2019Equilis France, \u00ab&nbsp; Cela vient confirmer l\u2019attractivit\u00e9 de notre op\u00e9ration dans la technopole. (\u2026) La Canop\u00e9e est un projet mixte ambitieux, exemplaire et innovant. Les choix forts en termes d\u2019environnement, de qualit\u00e9 architecturale et de mat\u00e9riaux ont \u00e9t\u00e9 des crit\u00e8res d\u00e9terminants dans la d\u00e9cision de l\u2019Urssaf pour y installer l\u2019ensemble de ses services (Sud-Est). Dans le respect du calendrier fix\u00e9, les travaux d\u00e9marreront au second semestre de cette ann\u00e9e pour une livraison pr\u00e9vue d\u00e9but 2026 \u00bb.<\/p>\n\n\n\n<h2 class=\"wp-block-heading\">Rapprocher habitat et lieu de travail<\/h2>\n\n\n\n<p>Le projet Canop\u00e9e permettra \u00e0 l\u2019Urssaf de r\u00e9unir, sur un m\u00eame site, pr\u00e8s de 300 de ses salari\u00e9s. La transformation de la friche r\u00e9pond aux enjeux d\u2019artificialisation des sols. Le principe de mixit\u00e9 des fonctions permet de r\u00e9pondre \u00e0 des enjeux de mobilit\u00e9, en rapprochant l\u2019habitat du lieu de travail, et en favorisant une mobilit\u00e9 douce bien int\u00e9gr\u00e9e. Les bureaux de ce projet sont r\u00e9alis\u00e9s en ossature bois avec une empreinte carbone r\u00e9duite. La performance \u00e9nerg\u00e9tique a \u00e9galement \u00e9t\u00e9 au c\u0153ur des pr\u00e9occupations de l\u2019\u00e9quipe. Les b\u00e2timents seront sobres en \u00e9nergie et une centrale photovolta\u00efque permettra de produire de l\u2019\u00e9nergie en autoconsommation. Une certification Breeam Very Good confirme par ailleurs l\u2019ambition.<\/p>\n\n\n<a href=\"#\" class=\"_3d-flip-book  fb3d-link-lightbox-mode\" data-id=\"11009\" data-mode=\"link-lightbox\" data-title=\"false\" data-template=\"short-white-book-view\" data-lightbox=\"dark\" data-urlparam=\"fb3d-page\" data-page-n=\"0\" data-pdf=\"\" data-tax=\"null\" data-thumbnail=\"\" data-cols=\"3\" data-query=\"\"><img decoding=\"async\" src=\"http:\/\/www.in-magazines.com\/magazine\/wp-content\/uploads\/2021\/05\/btn.jpg\"><\/a>\n","protected":false},"excerpt":{"rendered":"<p>L&rsquo;op&eacute;ration, men&eacute;e par le promoteur Equilis* sur l&rsquo;ancien site des terrasses de Sophia, m&ecirc;lera 13.000 m&sup2; de bureaux, 212 logements et un restaurant, sur une superficie totale de 25.000 m&sup2;. L&rsquo;URSSAF Sud-Est vient d&rsquo;y acqu&eacute;rir 4700 m&sup2; de bureaux en VEFA (Vente en Etat Futur d&rsquo;Ach&egrave;vement). C &rsquo;est un signe important pour la vaste op&eacute;ration&hellip; <a class=\"more-link\" href=\"https:\/\/www.in-magazines.com\/magazine\/sommaire\/inmagazine-33\/la-canopee-accueillera-lurssaf-sud-est\/\">Poursuivre la lecture <span class=\"screen-reader-text\">LA CANOP\u00c9E accueillera l\u2019URSSAF Sud-Est<\/span><\/a><\/p>\n","protected":false},"author":1,"featured_media":11129,"comment_status":"open","ping_status":"open","sticky":false,"template":"","format":"standard","meta":{"footnotes":""},"categories":[2086,1698],"tags":[2131,2132],"yoast_head":"<!-- This site is optimized with the Yoast SEO plugin v16.2 - https:\/\/yoast.com\/wordpress\/plugins\/seo\/ -->\n<title>LA CANOP\u00c9E accueillera l\u2019URSSAF Sud-Est - In Magazines<\/title>\n<meta name=\"robots\" content=\"index, follow, max-snippet:-1, max-image-preview:large, max-video-preview:-1\" \/>\n<link rel=\"canonical\" href=\"https:\/\/www.in-magazines.com\/magazine\/sommaire\/inmagazine-33\/la-canopee-accueillera-lurssaf-sud-est\/\" \/>\n<meta property=\"og:locale\" content=\"fr_FR\" \/>\n<meta property=\"og:type\" content=\"article\" \/>\n<meta property=\"og:title\" content=\"LA CANOP\u00c9E accueillera l\u2019URSSAF Sud-Est - In Magazines\" \/>\n<meta property=\"og:description\" content=\"L&rsquo;op&eacute;ration, men&eacute;e par le promoteur Equilis* sur l&rsquo;ancien site des terrasses de Sophia, m&ecirc;lera 13.000 m&sup2; de bureaux, 212 logements et un restaurant, sur une superficie totale de 25.000 m&sup2;. L&rsquo;URSSAF Sud-Est vient d&rsquo;y acqu&eacute;rir 4700 m&sup2; de bureaux en VEFA (Vente en Etat Futur d&rsquo;Ach&egrave;vement). C &rsquo;est un signe important pour la vaste op&eacute;ration&hellip; Poursuivre la lecture LA CANOP\u00c9E accueillera l\u2019URSSAF Sud-Est\" \/>\n<meta property=\"og:url\" content=\"https:\/\/www.in-magazines.com\/magazine\/sommaire\/inmagazine-33\/la-canopee-accueillera-lurssaf-sud-est\/\" \/>\n<meta property=\"og:site_name\" content=\"In Magazines\" \/>\n<meta property=\"article:published_time\" content=\"2023-09-07T06:28:00+00:00\" \/>\n<meta property=\"article:modified_time\" content=\"2023-09-06T13:34:18+00:00\" \/>\n<meta property=\"og:image\" content=\"https:\/\/www.in-magazines.com\/magazine\/wp-content\/uploads\/2023\/09\/LA-CANOPEE-accueillera-l-URSSAF-Sud-Est.jpg\" \/>\n\t<meta property=\"og:image:width\" content=\"504\" \/>\n\t<meta property=\"og:image:height\" content=\"284\" \/>\n<meta name=\"twitter:label1\" content=\"Dur\u00e9e de lecture est.\">\n\t<meta name=\"twitter:data1\" content=\"2 minutes\">\n<script type=\"application\/ld+json\" class=\"yoast-schema-graph\">{\"@context\":\"https:\/\/schema.org\",\"@graph\":[{\"@type\":\"WebSite\",\"@id\":\"https:\/\/www.in-magazines.com\/magazine\/#website\",\"url\":\"https:\/\/www.in-magazines.com\/magazine\/\",\"name\":\"In Magazines\",\"description\":\"\",\"potentialAction\":[{\"@type\":\"SearchAction\",\"target\":\"https:\/\/www.in-magazines.com\/magazine\/?s={search_term_string}\",\"query-input\":\"required name=search_term_string\"}],\"inLanguage\":\"fr-FR\"},{\"@type\":\"ImageObject\",\"@id\":\"https:\/\/www.in-magazines.com\/magazine\/sommaire\/inmagazine-33\/la-canopee-accueillera-lurssaf-sud-est\/#primaryimage\",\"inLanguage\":\"fr-FR\",\"url\":\"https:\/\/www.in-magazines.com\/magazine\/wp-content\/uploads\/2023\/09\/LA-CANOPEE-accueillera-l-URSSAF-Sud-Est.jpg\",\"contentUrl\":\"https:\/\/www.in-magazines.com\/magazine\/wp-content\/uploads\/2023\/09\/LA-CANOPEE-accueillera-l-URSSAF-Sud-Est.jpg\",\"width\":504,\"height\":284},{\"@type\":\"WebPage\",\"@id\":\"https:\/\/www.in-magazines.com\/magazine\/sommaire\/inmagazine-33\/la-canopee-accueillera-lurssaf-sud-est\/#webpage\",\"url\":\"https:\/\/www.in-magazines.com\/magazine\/sommaire\/inmagazine-33\/la-canopee-accueillera-lurssaf-sud-est\/\",\"name\":\"LA CANOP\\u00c9E accueillera l\\u2019URSSAF Sud-Est - In Magazines\",\"isPartOf\":{\"@id\":\"https:\/\/www.in-magazines.com\/magazine\/#website\"},\"primaryImageOfPage\":{\"@id\":\"https:\/\/www.in-magazines.com\/magazine\/sommaire\/inmagazine-33\/la-canopee-accueillera-lurssaf-sud-est\/#primaryimage\"},\"datePublished\":\"2023-09-07T06:28:00+00:00\",\"dateModified\":\"2023-09-06T13:34:18+00:00\",\"author\":{\"@id\":\"https:\/\/www.in-magazines.com\/magazine\/#\/schema\/person\/c27e7dabb9a1ef380814bdd5636d07e3\"},\"breadcrumb\":{\"@id\":\"https:\/\/www.in-magazines.com\/magazine\/sommaire\/inmagazine-33\/la-canopee-accueillera-lurssaf-sud-est\/#breadcrumb\"},\"inLanguage\":\"fr-FR\",\"potentialAction\":[{\"@type\":\"ReadAction\",\"target\":[\"https:\/\/www.in-magazines.com\/magazine\/sommaire\/inmagazine-33\/la-canopee-accueillera-lurssaf-sud-est\/\"]}]},{\"@type\":\"BreadcrumbList\",\"@id\":\"https:\/\/www.in-magazines.com\/magazine\/sommaire\/inmagazine-33\/la-canopee-accueillera-lurssaf-sud-est\/#breadcrumb\",\"itemListElement\":[{\"@type\":\"ListItem\",\"position\":1,\"item\":{\"@id\":\"https:\/\/www.in-magazines.com\/magazine\/sommaire\/inmagazine-33\/la-canopee-accueillera-lurssaf-sud-est\/#webpage\"}}]},{\"@type\":\"Person\",\"@id\":\"https:\/\/www.in-magazines.com\/magazine\/#\/schema\/person\/c27e7dabb9a1ef380814bdd5636d07e3\",\"name\":\"backinmag\",\"image\":{\"@type\":\"ImageObject\",\"@id\":\"https:\/\/www.in-magazines.com\/magazine\/#personlogo\",\"inLanguage\":\"fr-FR\",\"url\":\"https:\/\/secure.gravatar.com\/avatar\/13a234bb19dc4fd04793d73c3472fbdb?s=96&d=mm&r=g\",\"contentUrl\":\"https:\/\/secure.gravatar.com\/avatar\/13a234bb19dc4fd04793d73c3472fbdb?s=96&d=mm&r=g\",\"caption\":\"backinmag\"},\"sameAs\":[\"http:\/\/www.in-magazines.com\/magazin\"]}]}<\/script>\n<!-- \/ Yoast SEO plugin. -->","_links":{"self":[{"href":"https:\/\/www.in-magazines.com\/magazine\/wp-json\/wp\/v2\/posts\/11128"}],"collection":[{"href":"https:\/\/www.in-magazines.com\/magazine\/wp-json\/wp\/v2\/posts"}],"about":[{"href":"https:\/\/www.in-magazines.com\/magazine\/wp-json\/wp\/v2\/types\/post"}],"author":[{"embeddable":true,"href":"https:\/\/www.in-magazines.com\/magazine\/wp-json\/wp\/v2\/users\/1"}],"replies":[{"embeddable":true,"href":"https:\/\/www.in-magazines.com\/magazine\/wp-json\/wp\/v2\/comments?post=11128"}],"version-history":[{"count":2,"href":"https:\/\/www.in-magazines.com\/magazine\/wp-json\/wp\/v2\/posts\/11128\/revisions"}],"predecessor-version":[{"id":11131,"href":"https:\/\/www.in-magazines.com\/magazine\/wp-json\/wp\/v2\/posts\/11128\/revisions\/11131"}],"wp:featuredmedia":[{"embeddable":true,"href":"https:\/\/www.in-magazines.com\/magazine\/wp-json\/wp\/v2\/media\/11129"}],"wp:attachment":[{"href":"https:\/\/www.in-magazines.com\/magazine\/wp-json\/wp\/v2\/media?parent=11128"}],"wp:term":[{"taxonomy":"category","embeddable":true,"href":"https:\/\/www.in-magazines.com\/magazine\/wp-json\/wp\/v2\/categories?post=11128"},{"taxonomy":"post_tag","embeddable":true,"href":"https:\/\/www.in-magazines.com\/magazine\/wp-json\/wp\/v2\/tags?post=11128"}],"curies":[{"name":"wp","href":"https:\/\/api.w.org\/{rel}","templated":true}]}}