

{"id":11472,"date":"2023-12-04T06:38:00","date_gmt":"2023-12-04T06:38:00","guid":{"rendered":"https:\/\/www.in-magazines.com\/magazine\/?p=11472"},"modified":"2023-11-30T08:53:24","modified_gmt":"2023-11-30T08:53:24","slug":"h-michel-dau-en-premiere-ligne-pour-entreprendre","status":"publish","type":"post","link":"https:\/\/www.in-magazines.com\/magazine\/sommaire\/inmagazine-34\/h-michel-dau-en-premiere-ligne-pour-entreprendre\/","title":{"rendered":"H-MICHEL DAU : En premi\u00e8re ligne pour entreprendre"},"content":{"rendered":"\n<p>Au plus pr\u00e8s des chefs d\u2019entreprise, l\u2019ARAPL2CA, partenaire de l\u2019ORIFF-PL (Office r\u00e9gional d\u2019informations, de formations et de formalit\u00e9s des professions lib\u00e9rales), l\u2019organisme r\u00e9gional de formations ante-cr\u00e9ation de l\u2019UNAPL, se rapproche de l\u2019Union des Auto-Entrepreneurs (UAE) pour offrir au sein de la Maison des Professions Lib\u00e9rales, un v\u00e9ritable parcours de r\u00e9ussite. A Nice, H-Michel Dau, Directeur G\u00e9n\u00e9ral de l\u2019ARAPL C\u00f4te d\u2019Azur, depuis plus de 20 ans, mobilise son \u00e9quipe pour faire de ce p\u00f4le d\u2019accueil le pr\u00e9curseur r\u00e9f\u00e9rent de l\u2019ensemble des auto-entrepreneurs et cr\u00e9ateurs de toute la R\u00e9gion Sud.<\/p>\n\n\n\n<p>Alors que la fin de la majoration fiscale aurait pu affecter cet organisme mixte de gestion agr\u00e9\u00e9, sa posture de centre de pr\u00e9vention fiscale et son ADN d\u2019accompagnateur entrepreneurial n\u2019ont fait que renforcer sa l\u00e9gitimit\u00e9 et son caract\u00e8re incontournable. De l\u2019ante-cr\u00e9ation au d\u00e9part en retraite, l\u2019ARAPL2CA se veut, par son bouquet de services mutualis\u00e9s, l\u2019outil indispensable de tout professionnel lib\u00e9ral : \u00ab Nous pla\u00e7ons notre expertise, notre \u00e9coute et bienveillance au service du d\u00e9veloppement de nos membres. Veille constante d\u2019actualit\u00e9, s\u00e9curit\u00e9 fiscale, assistance entrepreneuriale, formations cibl\u00e9es, documentation exclusive, permanences sp\u00e9cialis\u00e9es, avantages d\u00e9di\u00e9s, r\u00e9seau relationnel, sont autant d\u2019atouts leur permettant d\u2019endosser la posture de chef d\u2019entreprise. Forts de notre exp\u00e9rience de terrain, nous devons \u00eatre le r\u00e9flexe de tout cr\u00e9ateur lib\u00e9ral et des auto-entrepreneurs. Nous sommes le m\u00e9decin g\u00e9n\u00e9raliste de l\u2019entreprise qui formule, propose un diagnostic, suit, et oriente, vers le m\u00e9decin sp\u00e9cialiste, qui se veut l\u2019expertcomptable, l\u2019avocat, le notaire\u2026 Une compl\u00e9mentarit\u00e9 additionnelle qui a toujours \u00e9t\u00e9 notre philosophie \u00bb, explique H-Michel Dau. Et lorsque l\u2019on appartient \u00e0 une communaut\u00e9, estime-t-il, on doit pouvoir en retirer des avantages. \u00ab D\u2019o\u00f9 notre offre de \u00ab comit\u00e9 d\u2019entreprise \u00bb et de partenariats vari\u00e9s \u00e0 tarif pr\u00e9f\u00e9rentiel, g\u00e9n\u00e9rateurs d\u2019\u00e9conomies substantielles pour les ind\u00e9pendants \u00bb.<\/p>\n\n\n<a href=\"#\" class=\"_3d-flip-book  fb3d-link-lightbox-mode\" data-id=\"11256\" data-mode=\"link-lightbox\" data-title=\"false\" data-template=\"short-white-book-view\" data-lightbox=\"dark\" data-urlparam=\"fb3d-page\" data-page-n=\"0\" data-pdf=\"\" data-tax=\"null\" data-thumbnail=\"\" data-cols=\"3\" data-query=\"\"><img decoding=\"async\" src=\"http:\/\/www.in-magazines.com\/magazine\/wp-content\/uploads\/2021\/05\/btn.jpg\"><\/a>\n","protected":false},"excerpt":{"rendered":"<p>Au plus pr&egrave;s des chefs d&rsquo;entreprise, l&rsquo;ARAPL2CA, partenaire de l&rsquo;ORIFF-PL (Office r&eacute;gional d&rsquo;informations, de formations et de formalit&eacute;s des professions lib&eacute;rales), l&rsquo;organisme r&eacute;gional de formations ante-cr&eacute;ation de l&rsquo;UNAPL, se rapproche de l&rsquo;Union des Auto-Entrepreneurs (UAE) pour offrir au sein de la Maison des Professions Lib&eacute;rales, un v&eacute;ritable parcours de r&eacute;ussite. A Nice, H-Michel Dau, Directeur&hellip; <a class=\"more-link\" href=\"https:\/\/www.in-magazines.com\/magazine\/sommaire\/inmagazine-34\/h-michel-dau-en-premiere-ligne-pour-entreprendre\/\">Poursuivre la lecture <span class=\"screen-reader-text\">H-MICHEL DAU : En premi\u00e8re ligne pour entreprendre<\/span><\/a><\/p>\n","protected":false},"author":1,"featured_media":11473,"comment_status":"open","ping_status":"open","sticky":false,"template":"","format":"standard","meta":{"footnotes":""},"categories":[2179,2152],"tags":[88,2207,2208],"yoast_head":"<!-- This site is optimized with the Yoast SEO plugin v16.2 - https:\/\/yoast.com\/wordpress\/plugins\/seo\/ -->\n<title>H-MICHEL DAU : En premi\u00e8re ligne pour entreprendre - In Magazines<\/title>\n<meta name=\"robots\" content=\"index, follow, max-snippet:-1, max-image-preview:large, max-video-preview:-1\" \/>\n<link rel=\"canonical\" href=\"https:\/\/www.in-magazines.com\/magazine\/sommaire\/inmagazine-34\/h-michel-dau-en-premiere-ligne-pour-entreprendre\/\" \/>\n<meta property=\"og:locale\" content=\"fr_FR\" \/>\n<meta property=\"og:type\" content=\"article\" \/>\n<meta property=\"og:title\" content=\"H-MICHEL DAU : En premi\u00e8re ligne pour entreprendre - In Magazines\" \/>\n<meta property=\"og:description\" content=\"Au plus pr&egrave;s des chefs d&rsquo;entreprise, l&rsquo;ARAPL2CA, partenaire de l&rsquo;ORIFF-PL (Office r&eacute;gional d&rsquo;informations, de formations et de formalit&eacute;s des professions lib&eacute;rales), l&rsquo;organisme r&eacute;gional de formations ante-cr&eacute;ation de l&rsquo;UNAPL, se rapproche de l&rsquo;Union des Auto-Entrepreneurs (UAE) pour offrir au sein de la Maison des Professions Lib&eacute;rales, un v&eacute;ritable parcours de r&eacute;ussite. A Nice, H-Michel Dau, Directeur&hellip; Poursuivre la lecture H-MICHEL DAU : En premi\u00e8re ligne pour entreprendre\" \/>\n<meta property=\"og:url\" content=\"https:\/\/www.in-magazines.com\/magazine\/sommaire\/inmagazine-34\/h-michel-dau-en-premiere-ligne-pour-entreprendre\/\" \/>\n<meta property=\"og:site_name\" content=\"In Magazines\" \/>\n<meta property=\"article:published_time\" content=\"2023-12-04T06:38:00+00:00\" \/>\n<meta property=\"article:modified_time\" content=\"2023-11-30T08:53:24+00:00\" \/>\n<meta property=\"og:image\" content=\"https:\/\/www.in-magazines.com\/magazine\/wp-content\/uploads\/2023\/11\/H-MICHEL-DAU-En-premiere-ligne-pour-entreprendre.jpg\" \/>\n\t<meta property=\"og:image:width\" content=\"500\" \/>\n\t<meta property=\"og:image:height\" content=\"361\" \/>\n<meta name=\"twitter:label1\" content=\"Dur\u00e9e de lecture est.\">\n\t<meta name=\"twitter:data1\" content=\"2 minutes\">\n<script type=\"application\/ld+json\" class=\"yoast-schema-graph\">{\"@context\":\"https:\/\/schema.org\",\"@graph\":[{\"@type\":\"WebSite\",\"@id\":\"https:\/\/www.in-magazines.com\/magazine\/#website\",\"url\":\"https:\/\/www.in-magazines.com\/magazine\/\",\"name\":\"In Magazines\",\"description\":\"\",\"potentialAction\":[{\"@type\":\"SearchAction\",\"target\":\"https:\/\/www.in-magazines.com\/magazine\/?s={search_term_string}\",\"query-input\":\"required name=search_term_string\"}],\"inLanguage\":\"fr-FR\"},{\"@type\":\"ImageObject\",\"@id\":\"https:\/\/www.in-magazines.com\/magazine\/sommaire\/inmagazine-34\/h-michel-dau-en-premiere-ligne-pour-entreprendre\/#primaryimage\",\"inLanguage\":\"fr-FR\",\"url\":\"https:\/\/www.in-magazines.com\/magazine\/wp-content\/uploads\/2023\/11\/H-MICHEL-DAU-En-premiere-ligne-pour-entreprendre.jpg\",\"contentUrl\":\"https:\/\/www.in-magazines.com\/magazine\/wp-content\/uploads\/2023\/11\/H-MICHEL-DAU-En-premiere-ligne-pour-entreprendre.jpg\",\"width\":500,\"height\":361},{\"@type\":\"WebPage\",\"@id\":\"https:\/\/www.in-magazines.com\/magazine\/sommaire\/inmagazine-34\/h-michel-dau-en-premiere-ligne-pour-entreprendre\/#webpage\",\"url\":\"https:\/\/www.in-magazines.com\/magazine\/sommaire\/inmagazine-34\/h-michel-dau-en-premiere-ligne-pour-entreprendre\/\",\"name\":\"H-MICHEL DAU : En premi\\u00e8re ligne pour entreprendre - In Magazines\",\"isPartOf\":{\"@id\":\"https:\/\/www.in-magazines.com\/magazine\/#website\"},\"primaryImageOfPage\":{\"@id\":\"https:\/\/www.in-magazines.com\/magazine\/sommaire\/inmagazine-34\/h-michel-dau-en-premiere-ligne-pour-entreprendre\/#primaryimage\"},\"datePublished\":\"2023-12-04T06:38:00+00:00\",\"dateModified\":\"2023-11-30T08:53:24+00:00\",\"author\":{\"@id\":\"https:\/\/www.in-magazines.com\/magazine\/#\/schema\/person\/c27e7dabb9a1ef380814bdd5636d07e3\"},\"breadcrumb\":{\"@id\":\"https:\/\/www.in-magazines.com\/magazine\/sommaire\/inmagazine-34\/h-michel-dau-en-premiere-ligne-pour-entreprendre\/#breadcrumb\"},\"inLanguage\":\"fr-FR\",\"potentialAction\":[{\"@type\":\"ReadAction\",\"target\":[\"https:\/\/www.in-magazines.com\/magazine\/sommaire\/inmagazine-34\/h-michel-dau-en-premiere-ligne-pour-entreprendre\/\"]}]},{\"@type\":\"BreadcrumbList\",\"@id\":\"https:\/\/www.in-magazines.com\/magazine\/sommaire\/inmagazine-34\/h-michel-dau-en-premiere-ligne-pour-entreprendre\/#breadcrumb\",\"itemListElement\":[{\"@type\":\"ListItem\",\"position\":1,\"item\":{\"@id\":\"https:\/\/www.in-magazines.com\/magazine\/sommaire\/inmagazine-34\/h-michel-dau-en-premiere-ligne-pour-entreprendre\/#webpage\"}}]},{\"@type\":\"Person\",\"@id\":\"https:\/\/www.in-magazines.com\/magazine\/#\/schema\/person\/c27e7dabb9a1ef380814bdd5636d07e3\",\"name\":\"backinmag\",\"image\":{\"@type\":\"ImageObject\",\"@id\":\"https:\/\/www.in-magazines.com\/magazine\/#personlogo\",\"inLanguage\":\"fr-FR\",\"url\":\"https:\/\/secure.gravatar.com\/avatar\/13a234bb19dc4fd04793d73c3472fbdb?s=96&d=mm&r=g\",\"contentUrl\":\"https:\/\/secure.gravatar.com\/avatar\/13a234bb19dc4fd04793d73c3472fbdb?s=96&d=mm&r=g\",\"caption\":\"backinmag\"},\"sameAs\":[\"http:\/\/www.in-magazines.com\/magazin\"]}]}<\/script>\n<!-- \/ Yoast SEO plugin. -->","_links":{"self":[{"href":"https:\/\/www.in-magazines.com\/magazine\/wp-json\/wp\/v2\/posts\/11472"}],"collection":[{"href":"https:\/\/www.in-magazines.com\/magazine\/wp-json\/wp\/v2\/posts"}],"about":[{"href":"https:\/\/www.in-magazines.com\/magazine\/wp-json\/wp\/v2\/types\/post"}],"author":[{"embeddable":true,"href":"https:\/\/www.in-magazines.com\/magazine\/wp-json\/wp\/v2\/users\/1"}],"replies":[{"embeddable":true,"href":"https:\/\/www.in-magazines.com\/magazine\/wp-json\/wp\/v2\/comments?post=11472"}],"version-history":[{"count":2,"href":"https:\/\/www.in-magazines.com\/magazine\/wp-json\/wp\/v2\/posts\/11472\/revisions"}],"predecessor-version":[{"id":11475,"href":"https:\/\/www.in-magazines.com\/magazine\/wp-json\/wp\/v2\/posts\/11472\/revisions\/11475"}],"wp:featuredmedia":[{"embeddable":true,"href":"https:\/\/www.in-magazines.com\/magazine\/wp-json\/wp\/v2\/media\/11473"}],"wp:attachment":[{"href":"https:\/\/www.in-magazines.com\/magazine\/wp-json\/wp\/v2\/media?parent=11472"}],"wp:term":[{"taxonomy":"category","embeddable":true,"href":"https:\/\/www.in-magazines.com\/magazine\/wp-json\/wp\/v2\/categories?post=11472"},{"taxonomy":"post_tag","embeddable":true,"href":"https:\/\/www.in-magazines.com\/magazine\/wp-json\/wp\/v2\/tags?post=11472"}],"curies":[{"name":"wp","href":"https:\/\/api.w.org\/{rel}","templated":true}]}}