

{"id":11672,"date":"2024-02-12T06:40:00","date_gmt":"2024-02-12T06:40:00","guid":{"rendered":"https:\/\/www.in-magazines.com\/magazine\/?p=11672"},"modified":"2024-02-09T08:23:24","modified_gmt":"2024-02-09T08:23:24","slug":"groupe-transcan-optimisation-mutualisation-transcan-accelere-sur-la-mobilite-decarbonee","status":"publish","type":"post","link":"https:\/\/www.in-magazines.com\/magazine\/sommaire\/inmagazine-35\/groupe-transcan-optimisation-mutualisation-transcan-accelere-sur-la-mobilite-decarbonee\/","title":{"rendered":"GROUPE TRANSCAN &#8211; OPTIMISATION, MUTUALISATION : Transcan acc\u00e9l\u00e8re sur la mobilit\u00e9 d\u00e9carbon\u00e9e"},"content":{"rendered":"\n<p>Si les entreprises fran\u00e7aises s\u2019engagent de plus en plus en direction de strat\u00e9gies RSE affirm\u00e9es, certaines d\u2019entre elles b\u00e2tissent tout leur business model sur la responsabilit\u00e9 environnementale, \u00e0 l\u2019image de Transcan Eco City, la filiale du transporteur r\u00e9gional, qui multiplie les innovations \u00e9coresponsables pour assurer la livraison du dernier m\u00e8tre, en c\u0153ur de ville. Nouveau Directeur multi filiales, Thibault Reuter nous explique son parcours et son apport d\u2019entrepreneur dans cette aventure en pleine expansion :<\/p>\n\n\n\n<p>Thibault Reuter pr\u00e9sente un parcours \u00e9tonnant, riche de nombreuses exp\u00e9riences entrepreneuriales, d\u00e9but\u00e9es \u00e0 l\u2019\u00e2ge de 21 ans, lorsqu\u2019il a cr\u00e9\u00e9 sa premi\u00e8re soci\u00e9t\u00e9 de s\u00e9curit\u00e9 et de gardiennage. Originaire de Nice, apr\u00e8s deux Masters en Finance, strat\u00e9gie &amp; marketing et Management des entreprises, l\u2019ambitieux jeune homme devient ensuite \u00e0 Monaco commissionnaire de transport. Insatiable entrepreneur qui apprend vite, les aventures entrepreneuriales de Thibault lui offriront tour \u00e0 tour l\u2019opportunit\u00e9 de reprendre une pizzeria en difficult\u00e9 pour en faire un mod\u00e8le de rentabilit\u00e9, puis de fonder sa propre \u00e9cole de pizza\u00efolo \u00e0 Saint-Laurent du Var, en ajoutant \u00e0 la formation culinaire des modules sur la gestion, la rentabilit\u00e9 ou la n\u00e9gociation.<\/p>\n\n\n\n<h2 class=\"wp-block-heading\">Cr\u00e9er des synergies entre filiales <\/h2>\n\n\n\n<p>Cet esprit d\u2019entreprendre, cette facult\u00e9 d\u2019analyse, de compr\u00e9hension et d\u2019adaptation des concepts pour en faire des business model gagnants s\u00e9duisent la direction du Groupe Transcan et \u00e0 la faveur d\u2019une rencontre, l\u2019opportunit\u00e9 de travailler pour le transporteur r\u00e9gional se pr\u00e9sente \u00e0 Thibault. Recrut\u00e9 comme responsable Grands Comptes, son p\u00e9rim\u00e8tre d\u2019action s\u2019\u00e9largit vite, suivant un constat simple\u00a0: il devient indispensable de cr\u00e9er de fortes synergies entre les filiales du groupe quand celles-ci \u0153uvrent pour un m\u00eame client.<\/p>\n\n\n\n<p>Devenu Directeur multi filiales, l\u2019un de ses premiers dossiers aura \u00e9t\u00e9 de structurer diff\u00e9remment Eco City, filiale phare du Groupe Transcan : \u00ab Rassurer les clients, stabiliser les \u00e9quipes, en lien avec Maxime Le Nocher, qui vient d\u2019int\u00e9grer Eco City pour diriger les hubs&nbsp;\u00bb. La filiale de livraison d\u00e9carbon\u00e9e du dernier m\u00e8tre en centre-ville nourrit de s\u00e9rieuses ambitions de d\u00e9veloppement.<\/p>\n\n\n<a href=\"#\" class=\"_3d-flip-book  fb3d-link-lightbox-mode\" data-id=\"11610\" data-mode=\"link-lightbox\" data-title=\"false\" data-template=\"short-white-book-view\" data-lightbox=\"dark\" data-urlparam=\"fb3d-page\" data-page-n=\"0\" data-pdf=\"\" data-tax=\"null\" data-thumbnail=\"\" data-cols=\"3\" data-query=\"\"><img decoding=\"async\" src=\"http:\/\/www.in-magazines.com\/magazine\/wp-content\/uploads\/2021\/05\/btn.jpg\"><\/a>\n","protected":false},"excerpt":{"rendered":"<p>Si les entreprises fran&ccedil;aises s&rsquo;engagent de plus en plus en direction de strat&eacute;gies RSE affirm&eacute;es, certaines d&rsquo;entre elles b&acirc;tissent tout leur business model sur la responsabilit&eacute; environnementale, &agrave; l&rsquo;image de Transcan Eco City, la filiale du transporteur r&eacute;gional, qui multiplie les innovations &eacute;coresponsables pour assurer la livraison du dernier m&egrave;tre, en c&oelig;ur de ville. Nouveau&hellip; <a class=\"more-link\" href=\"https:\/\/www.in-magazines.com\/magazine\/sommaire\/inmagazine-35\/groupe-transcan-optimisation-mutualisation-transcan-accelere-sur-la-mobilite-decarbonee\/\">Poursuivre la lecture <span class=\"screen-reader-text\">GROUPE TRANSCAN &#8211; OPTIMISATION, MUTUALISATION : Transcan acc\u00e9l\u00e8re sur la mobilit\u00e9 d\u00e9carbon\u00e9e<\/span><\/a><\/p>\n","protected":false},"author":1,"featured_media":11673,"comment_status":"open","ping_status":"open","sticky":false,"template":"","format":"standard","meta":{"footnotes":""},"categories":[2239,1694],"tags":[53,2249],"yoast_head":"<!-- This site is optimized with the Yoast SEO plugin v16.2 - https:\/\/yoast.com\/wordpress\/plugins\/seo\/ -->\n<title>GROUPE TRANSCAN - OPTIMISATION, MUTUALISATION : Transcan acc\u00e9l\u00e8re sur la mobilit\u00e9 d\u00e9carbon\u00e9e - In Magazines<\/title>\n<meta name=\"robots\" content=\"index, follow, max-snippet:-1, max-image-preview:large, max-video-preview:-1\" \/>\n<link rel=\"canonical\" href=\"https:\/\/www.in-magazines.com\/magazine\/sommaire\/inmagazine-35\/groupe-transcan-optimisation-mutualisation-transcan-accelere-sur-la-mobilite-decarbonee\/\" \/>\n<meta property=\"og:locale\" content=\"fr_FR\" \/>\n<meta property=\"og:type\" content=\"article\" \/>\n<meta property=\"og:title\" content=\"GROUPE TRANSCAN - OPTIMISATION, MUTUALISATION : Transcan acc\u00e9l\u00e8re sur la mobilit\u00e9 d\u00e9carbon\u00e9e - In Magazines\" \/>\n<meta property=\"og:description\" content=\"Si les entreprises fran&ccedil;aises s&rsquo;engagent de plus en plus en direction de strat&eacute;gies RSE affirm&eacute;es, certaines d&rsquo;entre elles b&acirc;tissent tout leur business model sur la responsabilit&eacute; environnementale, &agrave; l&rsquo;image de Transcan Eco City, la filiale du transporteur r&eacute;gional, qui multiplie les innovations &eacute;coresponsables pour assurer la livraison du dernier m&egrave;tre, en c&oelig;ur de ville. Nouveau&hellip; Poursuivre la lecture GROUPE TRANSCAN &#8211; OPTIMISATION, MUTUALISATION : Transcan acc\u00e9l\u00e8re sur la mobilit\u00e9 d\u00e9carbon\u00e9e\" \/>\n<meta property=\"og:url\" content=\"https:\/\/www.in-magazines.com\/magazine\/sommaire\/inmagazine-35\/groupe-transcan-optimisation-mutualisation-transcan-accelere-sur-la-mobilite-decarbonee\/\" \/>\n<meta property=\"og:site_name\" content=\"In Magazines\" \/>\n<meta property=\"article:published_time\" content=\"2024-02-12T06:40:00+00:00\" \/>\n<meta property=\"article:modified_time\" content=\"2024-02-09T08:23:24+00:00\" \/>\n<meta property=\"og:image\" content=\"https:\/\/www.in-magazines.com\/magazine\/wp-content\/uploads\/2024\/02\/GROUPE-TRANSCAN-OPTIMISATION-MUTUALISATION-Transcan-accelere-sur-la-mobilite-decarbonee.jpg\" \/>\n\t<meta property=\"og:image:width\" content=\"500\" \/>\n\t<meta property=\"og:image:height\" content=\"279\" \/>\n<meta name=\"twitter:label1\" content=\"Dur\u00e9e de lecture est.\">\n\t<meta name=\"twitter:data1\" content=\"2 minutes\">\n<script type=\"application\/ld+json\" class=\"yoast-schema-graph\">{\"@context\":\"https:\/\/schema.org\",\"@graph\":[{\"@type\":\"WebSite\",\"@id\":\"https:\/\/www.in-magazines.com\/magazine\/#website\",\"url\":\"https:\/\/www.in-magazines.com\/magazine\/\",\"name\":\"In Magazines\",\"description\":\"\",\"potentialAction\":[{\"@type\":\"SearchAction\",\"target\":\"https:\/\/www.in-magazines.com\/magazine\/?s={search_term_string}\",\"query-input\":\"required name=search_term_string\"}],\"inLanguage\":\"fr-FR\"},{\"@type\":\"ImageObject\",\"@id\":\"https:\/\/www.in-magazines.com\/magazine\/sommaire\/inmagazine-35\/groupe-transcan-optimisation-mutualisation-transcan-accelere-sur-la-mobilite-decarbonee\/#primaryimage\",\"inLanguage\":\"fr-FR\",\"url\":\"https:\/\/www.in-magazines.com\/magazine\/wp-content\/uploads\/2024\/02\/GROUPE-TRANSCAN-OPTIMISATION-MUTUALISATION-Transcan-accelere-sur-la-mobilite-decarbonee.jpg\",\"contentUrl\":\"https:\/\/www.in-magazines.com\/magazine\/wp-content\/uploads\/2024\/02\/GROUPE-TRANSCAN-OPTIMISATION-MUTUALISATION-Transcan-accelere-sur-la-mobilite-decarbonee.jpg\",\"width\":500,\"height\":279},{\"@type\":\"WebPage\",\"@id\":\"https:\/\/www.in-magazines.com\/magazine\/sommaire\/inmagazine-35\/groupe-transcan-optimisation-mutualisation-transcan-accelere-sur-la-mobilite-decarbonee\/#webpage\",\"url\":\"https:\/\/www.in-magazines.com\/magazine\/sommaire\/inmagazine-35\/groupe-transcan-optimisation-mutualisation-transcan-accelere-sur-la-mobilite-decarbonee\/\",\"name\":\"GROUPE TRANSCAN - OPTIMISATION, MUTUALISATION : Transcan acc\\u00e9l\\u00e8re sur la mobilit\\u00e9 d\\u00e9carbon\\u00e9e - In Magazines\",\"isPartOf\":{\"@id\":\"https:\/\/www.in-magazines.com\/magazine\/#website\"},\"primaryImageOfPage\":{\"@id\":\"https:\/\/www.in-magazines.com\/magazine\/sommaire\/inmagazine-35\/groupe-transcan-optimisation-mutualisation-transcan-accelere-sur-la-mobilite-decarbonee\/#primaryimage\"},\"datePublished\":\"2024-02-12T06:40:00+00:00\",\"dateModified\":\"2024-02-09T08:23:24+00:00\",\"author\":{\"@id\":\"https:\/\/www.in-magazines.com\/magazine\/#\/schema\/person\/c27e7dabb9a1ef380814bdd5636d07e3\"},\"breadcrumb\":{\"@id\":\"https:\/\/www.in-magazines.com\/magazine\/sommaire\/inmagazine-35\/groupe-transcan-optimisation-mutualisation-transcan-accelere-sur-la-mobilite-decarbonee\/#breadcrumb\"},\"inLanguage\":\"fr-FR\",\"potentialAction\":[{\"@type\":\"ReadAction\",\"target\":[\"https:\/\/www.in-magazines.com\/magazine\/sommaire\/inmagazine-35\/groupe-transcan-optimisation-mutualisation-transcan-accelere-sur-la-mobilite-decarbonee\/\"]}]},{\"@type\":\"BreadcrumbList\",\"@id\":\"https:\/\/www.in-magazines.com\/magazine\/sommaire\/inmagazine-35\/groupe-transcan-optimisation-mutualisation-transcan-accelere-sur-la-mobilite-decarbonee\/#breadcrumb\",\"itemListElement\":[{\"@type\":\"ListItem\",\"position\":1,\"item\":{\"@id\":\"https:\/\/www.in-magazines.com\/magazine\/sommaire\/inmagazine-35\/groupe-transcan-optimisation-mutualisation-transcan-accelere-sur-la-mobilite-decarbonee\/#webpage\"}}]},{\"@type\":\"Person\",\"@id\":\"https:\/\/www.in-magazines.com\/magazine\/#\/schema\/person\/c27e7dabb9a1ef380814bdd5636d07e3\",\"name\":\"backinmag\",\"image\":{\"@type\":\"ImageObject\",\"@id\":\"https:\/\/www.in-magazines.com\/magazine\/#personlogo\",\"inLanguage\":\"fr-FR\",\"url\":\"https:\/\/secure.gravatar.com\/avatar\/13a234bb19dc4fd04793d73c3472fbdb?s=96&d=mm&r=g\",\"contentUrl\":\"https:\/\/secure.gravatar.com\/avatar\/13a234bb19dc4fd04793d73c3472fbdb?s=96&d=mm&r=g\",\"caption\":\"backinmag\"},\"sameAs\":[\"http:\/\/www.in-magazines.com\/magazin\"]}]}<\/script>\n<!-- \/ Yoast SEO plugin. -->","_links":{"self":[{"href":"https:\/\/www.in-magazines.com\/magazine\/wp-json\/wp\/v2\/posts\/11672"}],"collection":[{"href":"https:\/\/www.in-magazines.com\/magazine\/wp-json\/wp\/v2\/posts"}],"about":[{"href":"https:\/\/www.in-magazines.com\/magazine\/wp-json\/wp\/v2\/types\/post"}],"author":[{"embeddable":true,"href":"https:\/\/www.in-magazines.com\/magazine\/wp-json\/wp\/v2\/users\/1"}],"replies":[{"embeddable":true,"href":"https:\/\/www.in-magazines.com\/magazine\/wp-json\/wp\/v2\/comments?post=11672"}],"version-history":[{"count":3,"href":"https:\/\/www.in-magazines.com\/magazine\/wp-json\/wp\/v2\/posts\/11672\/revisions"}],"predecessor-version":[{"id":11678,"href":"https:\/\/www.in-magazines.com\/magazine\/wp-json\/wp\/v2\/posts\/11672\/revisions\/11678"}],"wp:featuredmedia":[{"embeddable":true,"href":"https:\/\/www.in-magazines.com\/magazine\/wp-json\/wp\/v2\/media\/11673"}],"wp:attachment":[{"href":"https:\/\/www.in-magazines.com\/magazine\/wp-json\/wp\/v2\/media?parent=11672"}],"wp:term":[{"taxonomy":"category","embeddable":true,"href":"https:\/\/www.in-magazines.com\/magazine\/wp-json\/wp\/v2\/categories?post=11672"},{"taxonomy":"post_tag","embeddable":true,"href":"https:\/\/www.in-magazines.com\/magazine\/wp-json\/wp\/v2\/tags?post=11672"}],"curies":[{"name":"wp","href":"https:\/\/api.w.org\/{rel}","templated":true}]}}