

{"id":1199,"date":"2021-02-19T10:14:00","date_gmt":"2021-02-19T10:14:00","guid":{"rendered":"https:\/\/www.in-magazines.com\/magazine\/?p=1199"},"modified":"2021-06-01T13:27:27","modified_gmt":"2021-06-01T13:27:27","slug":"walterstores-investir-et-innover-pour-etre-a-lecoute-du-marche","status":"publish","type":"post","link":"https:\/\/www.in-magazines.com\/magazine\/sommaire\/inmagazine-19\/walterstores-investir-et-innover-pour-etre-a-lecoute-du-marche\/","title":{"rendered":"WALTERSTORES &#8211; Investir et innover pour \u00eatre \u00e0 l\u2019\u00e9coute du march\u00e9"},"content":{"rendered":"\n<p>Implant\u00e9 \u00e0 Kilstett, en Alsace, Walter Stores est aujourd\u2019hui l\u2019un des acteurs incontournables du domaine de la protection solaire et des fermetures de b\u00e2timent. Concepteur et fabricant fran\u00e7ais, l\u2019entreprise familiale a su, en quelques d\u00e9cennies, \u00eatre \u00e0 l\u2019\u00e9coute du march\u00e9, anticiper les tendances, se lancer de nouveaux d\u00e9fis et surtout adapter les bonnes strat\u00e9gies au bon moment. Preuve \u00e0 l\u2019appui, des investissements r\u00e9guliers et cons\u00e9quents dans l\u2019outil de production et un bureau R&amp;D qui con\u00e7oit au quotidien les produits de demain. Aujourd\u2019hui Walter Stores est pr\u00e9sent sur l\u2019ensemble de l\u2019hexagone avec 13 points de ventes dont la C\u00f4te d\u2019Azur avec Saint-Laurent-du-Var.<\/p>\n\n\n\n<h2 class=\"wp-block-heading\">Comment est n\u00e9e l\u2019id\u00e9e de fonder Walter Stores ?<\/h2>\n\n\n\n<p>L\u2019entreprise con\u00e7oit et fabrique des stores d\u2019ext\u00e9rieurs depuis les ann\u00e9es 60. Reprise en 2002 par Martin Bender, l\u2019actuel dirigeant, Walter Stores \u00e9toffe sa gamme de stores coffres, de stores verticaux, de stores pour v\u00e9randas, de BSO (Brise-Soleil Orientable) puis int\u00e8gre les volets roulants.<\/p>\n\n\n\n<h2 class=\"wp-block-heading\">Pourquoi vous avez su que \u00e7a allait marcher ?<\/h2>\n\n\n\n<p>Nous croyons \u00e0 un projet, avec de l\u2019investissement, du travail, des personnes motiv\u00e9es et des valeurs. Nous sommes parvenus \u00e0 obtenir une notori\u00e9t\u00e9 saine et \u00e0 grandir et avancer de fa\u00e7on positive.<\/p>\n\n\n\n<h2 class=\"wp-block-heading\">Pourquoi \u00e7a va performer en 2021 ?<\/h2>\n\n\n\n<p>Notre gamme de produits est au c\u0153ur des questions actuelles du mieux-\u00eatre chez soi et permettent de r\u00e9pondre favorablement aux enjeux du r\u00e9chauffement climatique. Avec une croissance exponentielle \u00e0 deux chiffres, la pergola bioclimatique \u00e0 lames orientables s\u2019inscrit d\u00e9finitivement comme un nouvel axe de d\u00e9veloppement de l\u2019entreprise qui y a investi 2,5 millions d\u2019euros entre 2017 \u00e0 2019. Ultra-modernes et enti\u00e8rement pilot\u00e9s par informatique, ces nouveaux \u00e9quipements industriels offrent une r\u00e9elle ma\u00eetrise technique et permettent de g\u00e9rer plus efficacement les flux de production. Ces diff\u00e9rentes \u00e9tapes s\u2019appuient sur l\u2019arriv\u00e9e de la seconde g\u00e9n\u00e9ration qui affiche la m\u00eame volont\u00e9 d\u2019innovation et de d\u00e9veloppement au sein de l\u2019entreprise familiale.<\/p>\n\n\n<a href=\"#\" class=\"_3d-flip-book  fb3d-link-lightbox-mode\" data-id=\"1202\" data-mode=\"link-lightbox\" data-title=\"false\" data-template=\"short-white-book-view\" data-lightbox=\"dark\" data-urlparam=\"fb3d-page\" data-page-n=\"0\" data-pdf=\"\" data-tax=\"null\" data-thumbnail=\"\" data-cols=\"3\" data-query=\"\"><img decoding=\"async\" src=\"http:\/\/www.in-magazines.com\/magazine\/wp-content\/uploads\/2021\/05\/btn.jpg\"><\/a>\n","protected":false},"excerpt":{"rendered":"<p>Implant&eacute; &agrave; Kilstett, en Alsace, Walter Stores est aujourd&rsquo;hui l&rsquo;un des acteurs incontournables du domaine de la protection solaire et des fermetures de b&acirc;timent. Concepteur et fabricant fran&ccedil;ais, l&rsquo;entreprise familiale a su, en quelques d&eacute;cennies, &ecirc;tre &agrave; l&rsquo;&eacute;coute du march&eacute;, anticiper les tendances, se lancer de nouveaux d&eacute;fis et surtout adapter les bonnes strat&eacute;gies au&hellip; <a class=\"more-link\" href=\"https:\/\/www.in-magazines.com\/magazine\/sommaire\/inmagazine-19\/walterstores-investir-et-innover-pour-etre-a-lecoute-du-marche\/\">Poursuivre la lecture <span class=\"screen-reader-text\">WALTERSTORES &#8211; Investir et innover pour \u00eatre \u00e0 l\u2019\u00e9coute du march\u00e9<\/span><\/a><\/p>\n","protected":false},"author":1,"featured_media":1489,"comment_status":"open","ping_status":"open","sticky":false,"template":"","format":"standard","meta":{"footnotes":""},"categories":[269,9],"tags":[18,25,27,28,886],"yoast_head":"<!-- This site is optimized with the Yoast SEO plugin v16.2 - https:\/\/yoast.com\/wordpress\/plugins\/seo\/ -->\n<title>WALTERSTORES - Investir et innover pour \u00eatre \u00e0 l\u2019\u00e9coute du march\u00e9 - In Magazines<\/title>\n<meta name=\"robots\" content=\"index, follow, max-snippet:-1, max-image-preview:large, max-video-preview:-1\" \/>\n<link rel=\"canonical\" href=\"https:\/\/www.in-magazines.com\/magazine\/sommaire\/inmagazine-19\/walterstores-investir-et-innover-pour-etre-a-lecoute-du-marche\/\" \/>\n<meta property=\"og:locale\" content=\"fr_FR\" \/>\n<meta property=\"og:type\" content=\"article\" \/>\n<meta property=\"og:title\" content=\"WALTERSTORES - Investir et innover pour \u00eatre \u00e0 l\u2019\u00e9coute du march\u00e9 - In Magazines\" \/>\n<meta property=\"og:description\" content=\"Implant&eacute; &agrave; Kilstett, en Alsace, Walter Stores est aujourd&rsquo;hui l&rsquo;un des acteurs incontournables du domaine de la protection solaire et des fermetures de b&acirc;timent. Concepteur et fabricant fran&ccedil;ais, l&rsquo;entreprise familiale a su, en quelques d&eacute;cennies, &ecirc;tre &agrave; l&rsquo;&eacute;coute du march&eacute;, anticiper les tendances, se lancer de nouveaux d&eacute;fis et surtout adapter les bonnes strat&eacute;gies au&hellip; Poursuivre la lecture WALTERSTORES &#8211; Investir et innover pour \u00eatre \u00e0 l\u2019\u00e9coute du march\u00e9\" \/>\n<meta property=\"og:url\" content=\"https:\/\/www.in-magazines.com\/magazine\/sommaire\/inmagazine-19\/walterstores-investir-et-innover-pour-etre-a-lecoute-du-marche\/\" \/>\n<meta property=\"og:site_name\" content=\"In Magazines\" \/>\n<meta property=\"article:published_time\" content=\"2021-02-19T10:14:00+00:00\" \/>\n<meta property=\"article:modified_time\" content=\"2021-06-01T13:27:27+00:00\" \/>\n<meta property=\"og:image\" content=\"https:\/\/www.in-magazines.com\/magazine\/wp-content\/uploads\/2021\/02\/pergola-open-it-ferme_2.jpg\" \/>\n\t<meta property=\"og:image:width\" content=\"365\" \/>\n\t<meta property=\"og:image:height\" content=\"274\" \/>\n<meta name=\"twitter:label1\" content=\"Dur\u00e9e de lecture est.\">\n\t<meta name=\"twitter:data1\" content=\"2 minutes\">\n<script type=\"application\/ld+json\" class=\"yoast-schema-graph\">{\"@context\":\"https:\/\/schema.org\",\"@graph\":[{\"@type\":\"WebSite\",\"@id\":\"https:\/\/www.in-magazines.com\/magazine\/#website\",\"url\":\"https:\/\/www.in-magazines.com\/magazine\/\",\"name\":\"In Magazines\",\"description\":\"\",\"potentialAction\":[{\"@type\":\"SearchAction\",\"target\":\"https:\/\/www.in-magazines.com\/magazine\/?s={search_term_string}\",\"query-input\":\"required name=search_term_string\"}],\"inLanguage\":\"fr-FR\"},{\"@type\":\"ImageObject\",\"@id\":\"https:\/\/www.in-magazines.com\/magazine\/sommaire\/inmagazine-19\/walterstores-investir-et-innover-pour-etre-a-lecoute-du-marche\/#primaryimage\",\"inLanguage\":\"fr-FR\",\"url\":\"https:\/\/www.in-magazines.com\/magazine\/wp-content\/uploads\/2021\/02\/pergola-open-it-ferme_2.jpg\",\"contentUrl\":\"https:\/\/www.in-magazines.com\/magazine\/wp-content\/uploads\/2021\/02\/pergola-open-it-ferme_2.jpg\",\"width\":365,\"height\":274},{\"@type\":\"WebPage\",\"@id\":\"https:\/\/www.in-magazines.com\/magazine\/sommaire\/inmagazine-19\/walterstores-investir-et-innover-pour-etre-a-lecoute-du-marche\/#webpage\",\"url\":\"https:\/\/www.in-magazines.com\/magazine\/sommaire\/inmagazine-19\/walterstores-investir-et-innover-pour-etre-a-lecoute-du-marche\/\",\"name\":\"WALTERSTORES - Investir et innover pour \\u00eatre \\u00e0 l\\u2019\\u00e9coute du march\\u00e9 - In Magazines\",\"isPartOf\":{\"@id\":\"https:\/\/www.in-magazines.com\/magazine\/#website\"},\"primaryImageOfPage\":{\"@id\":\"https:\/\/www.in-magazines.com\/magazine\/sommaire\/inmagazine-19\/walterstores-investir-et-innover-pour-etre-a-lecoute-du-marche\/#primaryimage\"},\"datePublished\":\"2021-02-19T10:14:00+00:00\",\"dateModified\":\"2021-06-01T13:27:27+00:00\",\"author\":{\"@id\":\"https:\/\/www.in-magazines.com\/magazine\/#\/schema\/person\/c27e7dabb9a1ef380814bdd5636d07e3\"},\"breadcrumb\":{\"@id\":\"https:\/\/www.in-magazines.com\/magazine\/sommaire\/inmagazine-19\/walterstores-investir-et-innover-pour-etre-a-lecoute-du-marche\/#breadcrumb\"},\"inLanguage\":\"fr-FR\",\"potentialAction\":[{\"@type\":\"ReadAction\",\"target\":[\"https:\/\/www.in-magazines.com\/magazine\/sommaire\/inmagazine-19\/walterstores-investir-et-innover-pour-etre-a-lecoute-du-marche\/\"]}]},{\"@type\":\"BreadcrumbList\",\"@id\":\"https:\/\/www.in-magazines.com\/magazine\/sommaire\/inmagazine-19\/walterstores-investir-et-innover-pour-etre-a-lecoute-du-marche\/#breadcrumb\",\"itemListElement\":[{\"@type\":\"ListItem\",\"position\":1,\"item\":{\"@id\":\"https:\/\/www.in-magazines.com\/magazine\/sommaire\/inmagazine-19\/walterstores-investir-et-innover-pour-etre-a-lecoute-du-marche\/#webpage\"}}]},{\"@type\":\"Person\",\"@id\":\"https:\/\/www.in-magazines.com\/magazine\/#\/schema\/person\/c27e7dabb9a1ef380814bdd5636d07e3\",\"name\":\"backinmag\",\"image\":{\"@type\":\"ImageObject\",\"@id\":\"https:\/\/www.in-magazines.com\/magazine\/#personlogo\",\"inLanguage\":\"fr-FR\",\"url\":\"https:\/\/secure.gravatar.com\/avatar\/13a234bb19dc4fd04793d73c3472fbdb?s=96&d=mm&r=g\",\"contentUrl\":\"https:\/\/secure.gravatar.com\/avatar\/13a234bb19dc4fd04793d73c3472fbdb?s=96&d=mm&r=g\",\"caption\":\"backinmag\"},\"sameAs\":[\"http:\/\/www.in-magazines.com\/magazin\"]}]}<\/script>\n<!-- \/ Yoast SEO plugin. -->","_links":{"self":[{"href":"https:\/\/www.in-magazines.com\/magazine\/wp-json\/wp\/v2\/posts\/1199"}],"collection":[{"href":"https:\/\/www.in-magazines.com\/magazine\/wp-json\/wp\/v2\/posts"}],"about":[{"href":"https:\/\/www.in-magazines.com\/magazine\/wp-json\/wp\/v2\/types\/post"}],"author":[{"embeddable":true,"href":"https:\/\/www.in-magazines.com\/magazine\/wp-json\/wp\/v2\/users\/1"}],"replies":[{"embeddable":true,"href":"https:\/\/www.in-magazines.com\/magazine\/wp-json\/wp\/v2\/comments?post=1199"}],"version-history":[{"count":5,"href":"https:\/\/www.in-magazines.com\/magazine\/wp-json\/wp\/v2\/posts\/1199\/revisions"}],"predecessor-version":[{"id":2589,"href":"https:\/\/www.in-magazines.com\/magazine\/wp-json\/wp\/v2\/posts\/1199\/revisions\/2589"}],"wp:featuredmedia":[{"embeddable":true,"href":"https:\/\/www.in-magazines.com\/magazine\/wp-json\/wp\/v2\/media\/1489"}],"wp:attachment":[{"href":"https:\/\/www.in-magazines.com\/magazine\/wp-json\/wp\/v2\/media?parent=1199"}],"wp:term":[{"taxonomy":"category","embeddable":true,"href":"https:\/\/www.in-magazines.com\/magazine\/wp-json\/wp\/v2\/categories?post=1199"},{"taxonomy":"post_tag","embeddable":true,"href":"https:\/\/www.in-magazines.com\/magazine\/wp-json\/wp\/v2\/tags?post=1199"}],"curies":[{"name":"wp","href":"https:\/\/api.w.org\/{rel}","templated":true}]}}