

{"id":1228,"date":"2021-03-10T11:23:00","date_gmt":"2021-03-10T11:23:00","guid":{"rendered":"https:\/\/www.in-magazines.com\/magazine\/?p=1228"},"modified":"2021-06-01T13:36:51","modified_gmt":"2021-06-01T13:36:51","slug":"bymycar-cote-dazur-en-2021-la-1e-boutique-auto-en-ligne","status":"publish","type":"post","link":"https:\/\/www.in-magazines.com\/magazine\/sommaire\/inmagazine-19\/bymycar-cote-dazur-en-2021-la-1e-boutique-auto-en-ligne\/","title":{"rendered":"BYmyCAR C\u00d4TE D\u2019AZUR &#8211; En 2021, LA 1E BOUTIQUE AUTO EN LIGNE"},"content":{"rendered":"\n<p>Fond\u00e9 en 1994, BYmyCAR est aujourd\u2019hui le deuxi\u00e8me distributeur automobile priv\u00e9 fran\u00e7ais avec 18 marques. Le Groupe emploie en 2021 pr\u00e8s de 2 500 salari\u00e9s au sein de 80 concessions et s\u2019est construit au travers d\u2019une strat\u00e9gie orient\u00e9e vers la croissance externe. BYmy)CAR Group est d\u00e9tenu en majorit\u00e9 par son fondateur Jean-Louis Mosca et depuis juin 2020, Carlos Gomes (ex-PSA) a rejoint la marque en qualit\u00e9 de Directeur G\u00e9n\u00e9ral afin de lui insuffler une nouvelle \u00e9volution, ax\u00e9e sur le \u00ab phygital \u00bb. Elise Potola, Directeur G\u00e9n\u00e9ral BYmy)CAR C\u00f4te d\u2019Azur, nous parle des ambitions du groupe.<\/p>\n\n\n\n<p><strong>Quelles sont vos ambitions cette ann\u00e9e ?<\/strong><\/p>\n\n\n\n<p><strong>Elise Potola :<\/strong> En 2021, la strat\u00e9gie consiste \u00e0 devenir le 1er groupe \u00e0 se positionner comme acteur \u00ab phygital \u00bb avec le d\u00e9veloppement de la plateforme www.bymycar.fr et \u00eatre identifi\u00e9 comme la 1\u00e8re Boutique automobile en ligne. Cette plateforme permet de commander des v\u00e9hicules neufs et d\u2019occasion, d\u2019\u00e9tablir l\u2019estimation de la reprise de votre v\u00e9hicule, prendre des RDV apr\u00e8s-vente\u2026<\/p>\n\n\n\n<h2 class=\"wp-block-heading\">Comment est n\u00e9e BYmyCAR C\u00f4te d\u2019Azur ?<\/h2>\n\n\n\n<p>La strat\u00e9gie de d\u00e9veloppement s\u2019op\u00e8re par r\u00e9gion et par marque sur le principal axe Est de la France, en respectant les sp\u00e9cificit\u00e9s locales. En novembre 2016 a eu lieu l\u2019achat des filiales Mercedes smart par le groupe puis Ford Nice et Cannes en 2018.<\/p>\n\n\n\n<h2 class=\"wp-block-heading\">Pourquoi vous avez su que \u00e7a allait marcher ? Et pourquoi cela va performer en 2021 ?<\/h2>\n\n\n\n<p>La distribution des Marques Ford, Mercedes et smart nous permet de proposer une gamme compl\u00e8te : de la citadine urbaine 100 % \u00e9lectrique jusqu\u2019aux Trucks en passant par le VUL. De plus, les infrastructures sont de qualit\u00e9 et surtout positionn\u00e9es \u00e0 des axes strat\u00e9giques au niveau du d\u00e9partement !<\/p>\n\n\n\n<p>Les nouveaut\u00e9s sont aussi au rendez-vous : lancement de la Mercedes Classe A 100 % \u00e9lectrique, du nouveau Mercedes EQV, la gamme smart uniquement \u00e9lectrique, le nouveau FORD PUMA hybride&#8230; ces v\u00e9hicules vont \u00e9lectriser l\u2019ann\u00e9e 2021 !<\/p>\n\n\n<a href=\"#\" class=\"_3d-flip-book  fb3d-link-lightbox-mode\" data-id=\"1231\" data-mode=\"link-lightbox\" data-title=\"false\" data-template=\"short-white-book-view\" data-lightbox=\"dark\" data-urlparam=\"fb3d-page\" data-page-n=\"0\" data-pdf=\"\" data-tax=\"null\" data-thumbnail=\"\" data-cols=\"3\" data-query=\"\"><img decoding=\"async\" src=\"http:\/\/www.in-magazines.com\/magazine\/wp-content\/uploads\/2021\/05\/btn.jpg\"><\/a>\n","protected":false},"excerpt":{"rendered":"<p>Fond&eacute; en 1994, BYmyCAR est aujourd&rsquo;hui le deuxi&egrave;me distributeur automobile priv&eacute; fran&ccedil;ais avec 18 marques. Le Groupe emploie en 2021 pr&egrave;s de 2 500 salari&eacute;s au sein de 80 concessions et s&rsquo;est construit au travers d&rsquo;une strat&eacute;gie orient&eacute;e vers la croissance externe. BYmy)CAR Group est d&eacute;tenu en majorit&eacute; par son fondateur Jean-Louis Mosca et depuis&hellip; <a class=\"more-link\" href=\"https:\/\/www.in-magazines.com\/magazine\/sommaire\/inmagazine-19\/bymycar-cote-dazur-en-2021-la-1e-boutique-auto-en-ligne\/\">Poursuivre la lecture <span class=\"screen-reader-text\">BYmyCAR C\u00d4TE D\u2019AZUR &#8211; En 2021, LA 1E BOUTIQUE AUTO EN LIGNE<\/span><\/a><\/p>\n","protected":false},"author":1,"featured_media":1229,"comment_status":"open","ping_status":"open","sticky":false,"template":"","format":"standard","meta":{"footnotes":""},"categories":[269,9],"tags":[52,147,152,900,901,902],"yoast_head":"<!-- This site is optimized with the Yoast SEO plugin v16.2 - https:\/\/yoast.com\/wordpress\/plugins\/seo\/ -->\n<title>BYmyCAR C\u00d4TE D\u2019AZUR - En 2021, LA 1E BOUTIQUE AUTO EN LIGNE - In Magazines<\/title>\n<meta name=\"robots\" content=\"index, follow, max-snippet:-1, max-image-preview:large, max-video-preview:-1\" \/>\n<link rel=\"canonical\" href=\"https:\/\/www.in-magazines.com\/magazine\/sommaire\/inmagazine-19\/bymycar-cote-dazur-en-2021-la-1e-boutique-auto-en-ligne\/\" \/>\n<meta property=\"og:locale\" content=\"fr_FR\" \/>\n<meta property=\"og:type\" content=\"article\" \/>\n<meta property=\"og:title\" content=\"BYmyCAR C\u00d4TE D\u2019AZUR - En 2021, LA 1E BOUTIQUE AUTO EN LIGNE - In Magazines\" \/>\n<meta property=\"og:description\" content=\"Fond&eacute; en 1994, BYmyCAR est aujourd&rsquo;hui le deuxi&egrave;me distributeur automobile priv&eacute; fran&ccedil;ais avec 18 marques. Le Groupe emploie en 2021 pr&egrave;s de 2 500 salari&eacute;s au sein de 80 concessions et s&rsquo;est construit au travers d&rsquo;une strat&eacute;gie orient&eacute;e vers la croissance externe. BYmy)CAR Group est d&eacute;tenu en majorit&eacute; par son fondateur Jean-Louis Mosca et depuis&hellip; Poursuivre la lecture BYmyCAR C\u00d4TE D\u2019AZUR &#8211; En 2021, LA 1E BOUTIQUE AUTO EN LIGNE\" \/>\n<meta property=\"og:url\" content=\"https:\/\/www.in-magazines.com\/magazine\/sommaire\/inmagazine-19\/bymycar-cote-dazur-en-2021-la-1e-boutique-auto-en-ligne\/\" \/>\n<meta property=\"og:site_name\" content=\"In Magazines\" \/>\n<meta property=\"article:published_time\" content=\"2021-03-10T11:23:00+00:00\" \/>\n<meta property=\"article:modified_time\" content=\"2021-06-01T13:36:51+00:00\" \/>\n<meta property=\"og:image\" content=\"https:\/\/www.in-magazines.com\/magazine\/wp-content\/uploads\/2021\/05\/img60-2.jpg\" \/>\n\t<meta property=\"og:image:width\" content=\"532\" \/>\n\t<meta property=\"og:image:height\" content=\"400\" \/>\n<meta name=\"twitter:label1\" content=\"Dur\u00e9e de lecture est.\">\n\t<meta name=\"twitter:data1\" content=\"2 minutes\">\n<script type=\"application\/ld+json\" class=\"yoast-schema-graph\">{\"@context\":\"https:\/\/schema.org\",\"@graph\":[{\"@type\":\"WebSite\",\"@id\":\"https:\/\/www.in-magazines.com\/magazine\/#website\",\"url\":\"https:\/\/www.in-magazines.com\/magazine\/\",\"name\":\"In Magazines\",\"description\":\"\",\"potentialAction\":[{\"@type\":\"SearchAction\",\"target\":\"https:\/\/www.in-magazines.com\/magazine\/?s={search_term_string}\",\"query-input\":\"required name=search_term_string\"}],\"inLanguage\":\"fr-FR\"},{\"@type\":\"ImageObject\",\"@id\":\"https:\/\/www.in-magazines.com\/magazine\/sommaire\/inmagazine-19\/bymycar-cote-dazur-en-2021-la-1e-boutique-auto-en-ligne\/#primaryimage\",\"inLanguage\":\"fr-FR\",\"url\":\"https:\/\/www.in-magazines.com\/magazine\/wp-content\/uploads\/2021\/05\/img60-2.jpg\",\"contentUrl\":\"https:\/\/www.in-magazines.com\/magazine\/wp-content\/uploads\/2021\/05\/img60-2.jpg\",\"width\":532,\"height\":400},{\"@type\":\"WebPage\",\"@id\":\"https:\/\/www.in-magazines.com\/magazine\/sommaire\/inmagazine-19\/bymycar-cote-dazur-en-2021-la-1e-boutique-auto-en-ligne\/#webpage\",\"url\":\"https:\/\/www.in-magazines.com\/magazine\/sommaire\/inmagazine-19\/bymycar-cote-dazur-en-2021-la-1e-boutique-auto-en-ligne\/\",\"name\":\"BYmyCAR C\\u00d4TE D\\u2019AZUR - En 2021, LA 1E BOUTIQUE AUTO EN LIGNE - In Magazines\",\"isPartOf\":{\"@id\":\"https:\/\/www.in-magazines.com\/magazine\/#website\"},\"primaryImageOfPage\":{\"@id\":\"https:\/\/www.in-magazines.com\/magazine\/sommaire\/inmagazine-19\/bymycar-cote-dazur-en-2021-la-1e-boutique-auto-en-ligne\/#primaryimage\"},\"datePublished\":\"2021-03-10T11:23:00+00:00\",\"dateModified\":\"2021-06-01T13:36:51+00:00\",\"author\":{\"@id\":\"https:\/\/www.in-magazines.com\/magazine\/#\/schema\/person\/c27e7dabb9a1ef380814bdd5636d07e3\"},\"breadcrumb\":{\"@id\":\"https:\/\/www.in-magazines.com\/magazine\/sommaire\/inmagazine-19\/bymycar-cote-dazur-en-2021-la-1e-boutique-auto-en-ligne\/#breadcrumb\"},\"inLanguage\":\"fr-FR\",\"potentialAction\":[{\"@type\":\"ReadAction\",\"target\":[\"https:\/\/www.in-magazines.com\/magazine\/sommaire\/inmagazine-19\/bymycar-cote-dazur-en-2021-la-1e-boutique-auto-en-ligne\/\"]}]},{\"@type\":\"BreadcrumbList\",\"@id\":\"https:\/\/www.in-magazines.com\/magazine\/sommaire\/inmagazine-19\/bymycar-cote-dazur-en-2021-la-1e-boutique-auto-en-ligne\/#breadcrumb\",\"itemListElement\":[{\"@type\":\"ListItem\",\"position\":1,\"item\":{\"@id\":\"https:\/\/www.in-magazines.com\/magazine\/sommaire\/inmagazine-19\/bymycar-cote-dazur-en-2021-la-1e-boutique-auto-en-ligne\/#webpage\"}}]},{\"@type\":\"Person\",\"@id\":\"https:\/\/www.in-magazines.com\/magazine\/#\/schema\/person\/c27e7dabb9a1ef380814bdd5636d07e3\",\"name\":\"backinmag\",\"image\":{\"@type\":\"ImageObject\",\"@id\":\"https:\/\/www.in-magazines.com\/magazine\/#personlogo\",\"inLanguage\":\"fr-FR\",\"url\":\"https:\/\/secure.gravatar.com\/avatar\/13a234bb19dc4fd04793d73c3472fbdb?s=96&d=mm&r=g\",\"contentUrl\":\"https:\/\/secure.gravatar.com\/avatar\/13a234bb19dc4fd04793d73c3472fbdb?s=96&d=mm&r=g\",\"caption\":\"backinmag\"},\"sameAs\":[\"http:\/\/www.in-magazines.com\/magazin\"]}]}<\/script>\n<!-- \/ Yoast SEO plugin. -->","_links":{"self":[{"href":"https:\/\/www.in-magazines.com\/magazine\/wp-json\/wp\/v2\/posts\/1228"}],"collection":[{"href":"https:\/\/www.in-magazines.com\/magazine\/wp-json\/wp\/v2\/posts"}],"about":[{"href":"https:\/\/www.in-magazines.com\/magazine\/wp-json\/wp\/v2\/types\/post"}],"author":[{"embeddable":true,"href":"https:\/\/www.in-magazines.com\/magazine\/wp-json\/wp\/v2\/users\/1"}],"replies":[{"embeddable":true,"href":"https:\/\/www.in-magazines.com\/magazine\/wp-json\/wp\/v2\/comments?post=1228"}],"version-history":[{"count":3,"href":"https:\/\/www.in-magazines.com\/magazine\/wp-json\/wp\/v2\/posts\/1228\/revisions"}],"predecessor-version":[{"id":2605,"href":"https:\/\/www.in-magazines.com\/magazine\/wp-json\/wp\/v2\/posts\/1228\/revisions\/2605"}],"wp:featuredmedia":[{"embeddable":true,"href":"https:\/\/www.in-magazines.com\/magazine\/wp-json\/wp\/v2\/media\/1229"}],"wp:attachment":[{"href":"https:\/\/www.in-magazines.com\/magazine\/wp-json\/wp\/v2\/media?parent=1228"}],"wp:term":[{"taxonomy":"category","embeddable":true,"href":"https:\/\/www.in-magazines.com\/magazine\/wp-json\/wp\/v2\/categories?post=1228"},{"taxonomy":"post_tag","embeddable":true,"href":"https:\/\/www.in-magazines.com\/magazine\/wp-json\/wp\/v2\/tags?post=1228"}],"curies":[{"name":"wp","href":"https:\/\/api.w.org\/{rel}","templated":true}]}}