

{"id":1249,"date":"2021-03-19T12:17:00","date_gmt":"2021-03-19T12:17:00","guid":{"rendered":"https:\/\/www.in-magazines.com\/magazine\/?p=1249"},"modified":"2021-06-01T13:42:07","modified_gmt":"2021-06-01T13:42:07","slug":"mp-production-en-2021-ca-tourne","status":"publish","type":"post","link":"https:\/\/www.in-magazines.com\/magazine\/sommaire\/inmagazine-19\/mp-production-en-2021-ca-tourne\/","title":{"rendered":"MP PRODUCTION &#8211; En 2021, \u00c7A TOURNE !"},"content":{"rendered":"\n<p>MP production se cr\u00e9e en 2019 \u00e0 Sophia Antipolis. A l\u2019origine bas\u00e9e sur la captation d&rsquo;\u00e9v\u00e9nements, l\u2019entreprise fond\u00e9e par Matthieu Pesini s\u2019est aujourd&rsquo;hui sp\u00e9cialis\u00e9e dans le film promotionnel et publicitaire pour les entreprises et les marques issues de tous les secteurs d\u2019activit\u00e9.<\/p>\n\n\n\n<h2 class=\"wp-block-heading\">Comment t\u2019est venue l\u2019id\u00e9e de cr\u00e9er ton entreprise ?<\/h2>\n\n\n\n<p>Je suis passionn\u00e9 de vid\u00e9o et de cin\u00e9ma depuis ma plus tendre enfance : il \u00e9tait \u00e9vident pour moi de fonder cette soci\u00e9t\u00e9 pour en faire mon activit\u00e9 professionnelle, apr\u00e8s avoir travaill\u00e9 pour de nombreuses soci\u00e9t\u00e9s de production dans le milieu de la t\u00e9l\u00e9 et de la publicit\u00e9.<br>J\u2019\u00e9tais s\u00fbr de vouloir faire \u00e7a !<\/p>\n\n\n\n<h2 class=\"wp-block-heading\">Pourquoi tu \u00e9tais s\u00fbr que \u00e7a allait marcher ?<\/h2>\n\n\n\n<p>La vid\u00e9o est aujourd&rsquo;hui un support essentiel pour toutes les entreprises, qu\u2019elles d\u00e9cident de produire de l\u2019information, du divertissement ou de faire la promotion de leurs diff\u00e9rents produits et services. <\/p>\n\n\n\n<p>C\u2019est devenu indispensable ! Avec MP Production, chaque vid\u00e9o est faite pour diff\u00e9rencier nos clients de leur concurrents, en restant le plus innovant\u2026<\/p>\n\n\n\n<h2 class=\"wp-block-heading\">Pourquoi MP Production va performer en 2021 ?<\/h2>\n\n\n\n<p>Cette ann\u00e9e 2020 a \u00e9t\u00e9 tr\u00e8s difficile pour tout le monde\u2026 Ce qui fait que les entreprises qui ont travers\u00e9 la crise vont avoir besoin de montrer que 2021 est une ann\u00e9e de rebond. Alors quel meilleur moyen de diffuser cet \u00e9tat d\u2019esprit qu\u2019une vid\u00e9o ? Faites appel \u00e0 MP Production pour dynamiser votre communication !<\/p>\n\n\n<a href=\"#\" class=\"_3d-flip-book  fb3d-link-lightbox-mode\" data-id=\"1252\" data-mode=\"link-lightbox\" data-title=\"false\" data-template=\"short-white-book-view\" data-lightbox=\"dark\" data-urlparam=\"fb3d-page\" data-page-n=\"0\" data-pdf=\"\" data-tax=\"null\" data-thumbnail=\"\" data-cols=\"3\" data-query=\"\"><img decoding=\"async\" src=\"http:\/\/www.in-magazines.com\/magazine\/wp-content\/uploads\/2021\/05\/btn.jpg\"><\/a>\n","protected":false},"excerpt":{"rendered":"<p>MP production se cr&eacute;e en 2019 &agrave; Sophia Antipolis. A l&rsquo;origine bas&eacute;e sur la captation d&rsquo;&eacute;v&eacute;nements, l&rsquo;entreprise fond&eacute;e par Matthieu Pesini s&rsquo;est aujourd&rsquo;hui sp&eacute;cialis&eacute;e dans le film promotionnel et publicitaire pour les entreprises et les marques issues de tous les secteurs d&rsquo;activit&eacute;. Comment t&rsquo;est venue l&rsquo;id&eacute;e de cr&eacute;er ton entreprise ? Je suis passionn&eacute; de&hellip; <a class=\"more-link\" href=\"https:\/\/www.in-magazines.com\/magazine\/sommaire\/inmagazine-19\/mp-production-en-2021-ca-tourne\/\">Poursuivre la lecture <span class=\"screen-reader-text\">MP PRODUCTION &#8211; En 2021, \u00c7A TOURNE !<\/span><\/a><\/p>\n","protected":false},"author":1,"featured_media":1250,"comment_status":"open","ping_status":"open","sticky":false,"template":"","format":"standard","meta":{"footnotes":""},"categories":[269,9],"tags":[31,45,728,798,799],"yoast_head":"<!-- This site is optimized with the Yoast SEO plugin v16.2 - https:\/\/yoast.com\/wordpress\/plugins\/seo\/ -->\n<title>MP PRODUCTION - En 2021, \u00c7A TOURNE ! - In Magazines<\/title>\n<meta name=\"robots\" content=\"index, follow, max-snippet:-1, max-image-preview:large, max-video-preview:-1\" \/>\n<link rel=\"canonical\" href=\"https:\/\/www.in-magazines.com\/magazine\/sommaire\/inmagazine-19\/mp-production-en-2021-ca-tourne\/\" \/>\n<meta property=\"og:locale\" content=\"fr_FR\" \/>\n<meta property=\"og:type\" content=\"article\" \/>\n<meta property=\"og:title\" content=\"MP PRODUCTION - En 2021, \u00c7A TOURNE ! - In Magazines\" \/>\n<meta property=\"og:description\" content=\"MP production se cr&eacute;e en 2019 &agrave; Sophia Antipolis. A l&rsquo;origine bas&eacute;e sur la captation d&rsquo;&eacute;v&eacute;nements, l&rsquo;entreprise fond&eacute;e par Matthieu Pesini s&rsquo;est aujourd&rsquo;hui sp&eacute;cialis&eacute;e dans le film promotionnel et publicitaire pour les entreprises et les marques issues de tous les secteurs d&rsquo;activit&eacute;. Comment t&rsquo;est venue l&rsquo;id&eacute;e de cr&eacute;er ton entreprise ? Je suis passionn&eacute; de&hellip; Poursuivre la lecture MP PRODUCTION &#8211; En 2021, \u00c7A TOURNE !\" \/>\n<meta property=\"og:url\" content=\"https:\/\/www.in-magazines.com\/magazine\/sommaire\/inmagazine-19\/mp-production-en-2021-ca-tourne\/\" \/>\n<meta property=\"og:site_name\" content=\"In Magazines\" \/>\n<meta property=\"article:published_time\" content=\"2021-03-19T12:17:00+00:00\" \/>\n<meta property=\"article:modified_time\" content=\"2021-06-01T13:42:07+00:00\" \/>\n<meta property=\"og:image\" content=\"https:\/\/www.in-magazines.com\/magazine\/wp-content\/uploads\/2021\/05\/img51-1.jpg\" \/>\n\t<meta property=\"og:image:width\" content=\"394\" \/>\n\t<meta property=\"og:image:height\" content=\"492\" \/>\n<meta name=\"twitter:label1\" content=\"Dur\u00e9e de lecture est.\">\n\t<meta name=\"twitter:data1\" content=\"2 minutes\">\n<script type=\"application\/ld+json\" class=\"yoast-schema-graph\">{\"@context\":\"https:\/\/schema.org\",\"@graph\":[{\"@type\":\"WebSite\",\"@id\":\"https:\/\/www.in-magazines.com\/magazine\/#website\",\"url\":\"https:\/\/www.in-magazines.com\/magazine\/\",\"name\":\"In Magazines\",\"description\":\"\",\"potentialAction\":[{\"@type\":\"SearchAction\",\"target\":\"https:\/\/www.in-magazines.com\/magazine\/?s={search_term_string}\",\"query-input\":\"required name=search_term_string\"}],\"inLanguage\":\"fr-FR\"},{\"@type\":\"ImageObject\",\"@id\":\"https:\/\/www.in-magazines.com\/magazine\/sommaire\/inmagazine-19\/mp-production-en-2021-ca-tourne\/#primaryimage\",\"inLanguage\":\"fr-FR\",\"url\":\"https:\/\/www.in-magazines.com\/magazine\/wp-content\/uploads\/2021\/05\/img51-1.jpg\",\"contentUrl\":\"https:\/\/www.in-magazines.com\/magazine\/wp-content\/uploads\/2021\/05\/img51-1.jpg\",\"width\":394,\"height\":492},{\"@type\":\"WebPage\",\"@id\":\"https:\/\/www.in-magazines.com\/magazine\/sommaire\/inmagazine-19\/mp-production-en-2021-ca-tourne\/#webpage\",\"url\":\"https:\/\/www.in-magazines.com\/magazine\/sommaire\/inmagazine-19\/mp-production-en-2021-ca-tourne\/\",\"name\":\"MP PRODUCTION - En 2021, \\u00c7A TOURNE ! - In Magazines\",\"isPartOf\":{\"@id\":\"https:\/\/www.in-magazines.com\/magazine\/#website\"},\"primaryImageOfPage\":{\"@id\":\"https:\/\/www.in-magazines.com\/magazine\/sommaire\/inmagazine-19\/mp-production-en-2021-ca-tourne\/#primaryimage\"},\"datePublished\":\"2021-03-19T12:17:00+00:00\",\"dateModified\":\"2021-06-01T13:42:07+00:00\",\"author\":{\"@id\":\"https:\/\/www.in-magazines.com\/magazine\/#\/schema\/person\/c27e7dabb9a1ef380814bdd5636d07e3\"},\"breadcrumb\":{\"@id\":\"https:\/\/www.in-magazines.com\/magazine\/sommaire\/inmagazine-19\/mp-production-en-2021-ca-tourne\/#breadcrumb\"},\"inLanguage\":\"fr-FR\",\"potentialAction\":[{\"@type\":\"ReadAction\",\"target\":[\"https:\/\/www.in-magazines.com\/magazine\/sommaire\/inmagazine-19\/mp-production-en-2021-ca-tourne\/\"]}]},{\"@type\":\"BreadcrumbList\",\"@id\":\"https:\/\/www.in-magazines.com\/magazine\/sommaire\/inmagazine-19\/mp-production-en-2021-ca-tourne\/#breadcrumb\",\"itemListElement\":[{\"@type\":\"ListItem\",\"position\":1,\"item\":{\"@id\":\"https:\/\/www.in-magazines.com\/magazine\/sommaire\/inmagazine-19\/mp-production-en-2021-ca-tourne\/#webpage\"}}]},{\"@type\":\"Person\",\"@id\":\"https:\/\/www.in-magazines.com\/magazine\/#\/schema\/person\/c27e7dabb9a1ef380814bdd5636d07e3\",\"name\":\"backinmag\",\"image\":{\"@type\":\"ImageObject\",\"@id\":\"https:\/\/www.in-magazines.com\/magazine\/#personlogo\",\"inLanguage\":\"fr-FR\",\"url\":\"https:\/\/secure.gravatar.com\/avatar\/13a234bb19dc4fd04793d73c3472fbdb?s=96&d=mm&r=g\",\"contentUrl\":\"https:\/\/secure.gravatar.com\/avatar\/13a234bb19dc4fd04793d73c3472fbdb?s=96&d=mm&r=g\",\"caption\":\"backinmag\"},\"sameAs\":[\"http:\/\/www.in-magazines.com\/magazin\"]}]}<\/script>\n<!-- \/ Yoast SEO plugin. -->","_links":{"self":[{"href":"https:\/\/www.in-magazines.com\/magazine\/wp-json\/wp\/v2\/posts\/1249"}],"collection":[{"href":"https:\/\/www.in-magazines.com\/magazine\/wp-json\/wp\/v2\/posts"}],"about":[{"href":"https:\/\/www.in-magazines.com\/magazine\/wp-json\/wp\/v2\/types\/post"}],"author":[{"embeddable":true,"href":"https:\/\/www.in-magazines.com\/magazine\/wp-json\/wp\/v2\/users\/1"}],"replies":[{"embeddable":true,"href":"https:\/\/www.in-magazines.com\/magazine\/wp-json\/wp\/v2\/comments?post=1249"}],"version-history":[{"count":3,"href":"https:\/\/www.in-magazines.com\/magazine\/wp-json\/wp\/v2\/posts\/1249\/revisions"}],"predecessor-version":[{"id":2610,"href":"https:\/\/www.in-magazines.com\/magazine\/wp-json\/wp\/v2\/posts\/1249\/revisions\/2610"}],"wp:featuredmedia":[{"embeddable":true,"href":"https:\/\/www.in-magazines.com\/magazine\/wp-json\/wp\/v2\/media\/1250"}],"wp:attachment":[{"href":"https:\/\/www.in-magazines.com\/magazine\/wp-json\/wp\/v2\/media?parent=1249"}],"wp:term":[{"taxonomy":"category","embeddable":true,"href":"https:\/\/www.in-magazines.com\/magazine\/wp-json\/wp\/v2\/categories?post=1249"},{"taxonomy":"post_tag","embeddable":true,"href":"https:\/\/www.in-magazines.com\/magazine\/wp-json\/wp\/v2\/tags?post=1249"}],"curies":[{"name":"wp","href":"https:\/\/api.w.org\/{rel}","templated":true}]}}