

{"id":1254,"date":"2021-03-24T12:32:00","date_gmt":"2021-03-24T12:32:00","guid":{"rendered":"https:\/\/www.in-magazines.com\/magazine\/?p=1254"},"modified":"2021-06-01T13:43:18","modified_gmt":"2021-06-01T13:43:18","slug":"novelty-evenement-digital-visio-dynamisez-votre-image","status":"publish","type":"post","link":"https:\/\/www.in-magazines.com\/magazine\/sommaire\/inmagazine-19\/novelty-evenement-digital-visio-dynamisez-votre-image\/","title":{"rendered":"NOVELTY &#8211; \u00c9v\u00e9nement Digital, Visio : DYNAMISEZ VOTRE IMAGE !"},"content":{"rendered":"\n<p>Novelty, groupe international leader de l\u2019\u00e9v\u00e9nementiel, a r\u00e9orient\u00e9 son offre \u00e0 destination des professionnels qui souhaitent communiquer en Vid\u00e9o Live ou pr\u00e9parer des visioconf\u00e9rences, communications ou clips, selon un format adapt\u00e9 \u00e0 la conjoncture qui impose de la distanciation. St\u00e9phane Bailli, Directeur commercial de Novelty Azur, nous pr\u00e9sente son offre de studio digital, install\u00e9 au Centre Expo Congr\u00e8s de Mandelieu-La-Napoule depuis septembre.<\/p>\n\n\n\n<h2 class=\"wp-block-heading\">Comment Novelty a travers\u00e9 l\u2019ann\u00e9e 2020 ?<\/h2>\n\n\n\n<p>Le si\u00e8ge fran\u00e7ais de Novelty, situ\u00e9 \u00e0 Longjumeau en r\u00e9gion parisienne, dispose d\u2019un parc mat\u00e9riel audiovisuel d\u00e9di\u00e9 \u00e0 \u00eatre utilis\u00e9 sur tous nos sites en fonction des \u00e9v\u00e9nements locaux, comme ici avec le Festival de Cannes. Face la crise sanitaire et l\u2019arr\u00eat des manifestations, Novelty a d\u00fb se r\u00e9inventer afin de pouvoir proposer un outil de communication \u00e0 nos clients qui souhaitent animer des \u00e9v\u00e9nements en toute s\u00e9curit\u00e9 : nous avons donc mont\u00e9 ce studio digital au sein du Centre Expo Congr\u00e8s de Mandelieu. Nous professionnalisons notamment les nombreuses visioconf\u00e9rences devenues en ce moment la norme en mati\u00e8re d\u2019\u00e9v\u00e9nementiel d\u2019entreprise.<\/p>\n\n\n\n<h2 class=\"wp-block-heading\">Quelle est votre offre ?<\/h2>\n\n\n\n<p>Avec notre mur LED de 2,5 m x 4,50 m, au sein de notre Web studio de 25 m2, nous pouvons projeter de la vid\u00e9o ou des images fixes tr\u00e8s qualitatives et cr\u00e9er des univers compl\u00e8tement personnalis\u00e9s, bluffants de r\u00e9alisme ! Vous pouvez vous retrouver dans un d\u00e9cor de plage priv\u00e9e ou dans un chalet autour d\u2019une chemin\u00e9e qui cr\u00e9pite en 1 clic de souris !<\/p>\n\n\n\n<h2 class=\"wp-block-heading\">Quelle cat\u00e9gorie de client peut \u00eatre int\u00e9ress\u00e9e par cette nouvelle solution ?<\/h2>\n\n\n\n<p>Cette solution est tr\u00e8s autonome, flexible, am\u00e9nageable et personnalisable. Vous arrivez le matin, apr\u00e8s un brief rapide pour se mettre en place, apprivoiser l\u2019outil, les cam\u00e9ras, vous pouvez tr\u00e8s vite organiser des lives, sur les r\u00e9seaux sociaux ou tout autre m\u00e9dia. Guid\u00e9 par notre r\u00e9gisseur technique, vous pouvez aussi \u00eatre accompagn\u00e9 par une agence \u00e9v\u00e9nementielle pour \u00eatre conseill\u00e9 sur votre message. Avec plusieurs axes de cam\u00e9ras motoris\u00e9es qui dynamisent le discours et qui professionnalisent l\u2019\u00e9v\u00e9nement d\u00e9mat\u00e9rialis\u00e9, le succ\u00e8s est imm\u00e9diat ! On peut aussi imaginer accueillir des \u00e9v\u00e9nements originaux tels qu\u2019une pi\u00e8ce de th\u00e9\u00e2tre, la repr\u00e9sentation d\u2019un artiste\u2026<\/p>\n\n\n<a href=\"#\" class=\"_3d-flip-book  fb3d-link-lightbox-mode\" data-id=\"1257\" data-mode=\"link-lightbox\" data-title=\"false\" data-template=\"short-white-book-view\" data-lightbox=\"dark\" data-urlparam=\"fb3d-page\" data-page-n=\"0\" data-pdf=\"\" data-tax=\"null\" data-thumbnail=\"\" data-cols=\"3\" data-query=\"\"><img decoding=\"async\" src=\"http:\/\/www.in-magazines.com\/magazine\/wp-content\/uploads\/2021\/05\/btn.jpg\"><\/a>\n","protected":false},"excerpt":{"rendered":"<p>Novelty, groupe international leader de l&rsquo;&eacute;v&eacute;nementiel, a r&eacute;orient&eacute; son offre &agrave; destination des professionnels qui souhaitent communiquer en Vid&eacute;o Live ou pr&eacute;parer des visioconf&eacute;rences, communications ou clips, selon un format adapt&eacute; &agrave; la conjoncture qui impose de la distanciation. St&eacute;phane Bailli, Directeur commercial de Novelty Azur, nous pr&eacute;sente son offre de studio digital, install&eacute; au&hellip; <a class=\"more-link\" href=\"https:\/\/www.in-magazines.com\/magazine\/sommaire\/inmagazine-19\/novelty-evenement-digital-visio-dynamisez-votre-image\/\">Poursuivre la lecture <span class=\"screen-reader-text\">NOVELTY &#8211; \u00c9v\u00e9nement Digital, Visio : DYNAMISEZ VOTRE IMAGE !<\/span><\/a><\/p>\n","protected":false},"author":1,"featured_media":1377,"comment_status":"open","ping_status":"open","sticky":false,"template":"","format":"standard","meta":{"footnotes":""},"categories":[269,9],"tags":[32,45,420,728,908,910,911],"yoast_head":"<!-- This site is optimized with the Yoast SEO plugin v16.2 - https:\/\/yoast.com\/wordpress\/plugins\/seo\/ -->\n<title>NOVELTY - \u00c9v\u00e9nement Digital, Visio : DYNAMISEZ VOTRE IMAGE ! - In Magazines<\/title>\n<meta name=\"robots\" content=\"index, follow, max-snippet:-1, max-image-preview:large, max-video-preview:-1\" \/>\n<link rel=\"canonical\" href=\"https:\/\/www.in-magazines.com\/magazine\/sommaire\/inmagazine-19\/novelty-evenement-digital-visio-dynamisez-votre-image\/\" \/>\n<meta property=\"og:locale\" content=\"fr_FR\" \/>\n<meta property=\"og:type\" content=\"article\" \/>\n<meta property=\"og:title\" content=\"NOVELTY - \u00c9v\u00e9nement Digital, Visio : DYNAMISEZ VOTRE IMAGE ! - In Magazines\" \/>\n<meta property=\"og:description\" content=\"Novelty, groupe international leader de l&rsquo;&eacute;v&eacute;nementiel, a r&eacute;orient&eacute; son offre &agrave; destination des professionnels qui souhaitent communiquer en Vid&eacute;o Live ou pr&eacute;parer des visioconf&eacute;rences, communications ou clips, selon un format adapt&eacute; &agrave; la conjoncture qui impose de la distanciation. St&eacute;phane Bailli, Directeur commercial de Novelty Azur, nous pr&eacute;sente son offre de studio digital, install&eacute; au&hellip; Poursuivre la lecture NOVELTY &#8211; \u00c9v\u00e9nement Digital, Visio : DYNAMISEZ VOTRE IMAGE !\" \/>\n<meta property=\"og:url\" content=\"https:\/\/www.in-magazines.com\/magazine\/sommaire\/inmagazine-19\/novelty-evenement-digital-visio-dynamisez-votre-image\/\" \/>\n<meta property=\"og:site_name\" content=\"In Magazines\" \/>\n<meta property=\"article:published_time\" content=\"2021-03-24T12:32:00+00:00\" \/>\n<meta property=\"article:modified_time\" content=\"2021-06-01T13:43:18+00:00\" \/>\n<meta property=\"og:image\" content=\"https:\/\/www.in-magazines.com\/magazine\/wp-content\/uploads\/2021\/03\/img88.jpg\" \/>\n\t<meta property=\"og:image:width\" content=\"413\" \/>\n\t<meta property=\"og:image:height\" content=\"232\" \/>\n<meta name=\"twitter:label1\" content=\"Dur\u00e9e de lecture est.\">\n\t<meta name=\"twitter:data1\" content=\"2 minutes\">\n<script type=\"application\/ld+json\" class=\"yoast-schema-graph\">{\"@context\":\"https:\/\/schema.org\",\"@graph\":[{\"@type\":\"WebSite\",\"@id\":\"https:\/\/www.in-magazines.com\/magazine\/#website\",\"url\":\"https:\/\/www.in-magazines.com\/magazine\/\",\"name\":\"In Magazines\",\"description\":\"\",\"potentialAction\":[{\"@type\":\"SearchAction\",\"target\":\"https:\/\/www.in-magazines.com\/magazine\/?s={search_term_string}\",\"query-input\":\"required name=search_term_string\"}],\"inLanguage\":\"fr-FR\"},{\"@type\":\"ImageObject\",\"@id\":\"https:\/\/www.in-magazines.com\/magazine\/sommaire\/inmagazine-19\/novelty-evenement-digital-visio-dynamisez-votre-image\/#primaryimage\",\"inLanguage\":\"fr-FR\",\"url\":\"https:\/\/www.in-magazines.com\/magazine\/wp-content\/uploads\/2021\/03\/img88.jpg\",\"contentUrl\":\"https:\/\/www.in-magazines.com\/magazine\/wp-content\/uploads\/2021\/03\/img88.jpg\",\"width\":413,\"height\":232},{\"@type\":\"WebPage\",\"@id\":\"https:\/\/www.in-magazines.com\/magazine\/sommaire\/inmagazine-19\/novelty-evenement-digital-visio-dynamisez-votre-image\/#webpage\",\"url\":\"https:\/\/www.in-magazines.com\/magazine\/sommaire\/inmagazine-19\/novelty-evenement-digital-visio-dynamisez-votre-image\/\",\"name\":\"NOVELTY - \\u00c9v\\u00e9nement Digital, Visio : DYNAMISEZ VOTRE IMAGE ! - In Magazines\",\"isPartOf\":{\"@id\":\"https:\/\/www.in-magazines.com\/magazine\/#website\"},\"primaryImageOfPage\":{\"@id\":\"https:\/\/www.in-magazines.com\/magazine\/sommaire\/inmagazine-19\/novelty-evenement-digital-visio-dynamisez-votre-image\/#primaryimage\"},\"datePublished\":\"2021-03-24T12:32:00+00:00\",\"dateModified\":\"2021-06-01T13:43:18+00:00\",\"author\":{\"@id\":\"https:\/\/www.in-magazines.com\/magazine\/#\/schema\/person\/c27e7dabb9a1ef380814bdd5636d07e3\"},\"breadcrumb\":{\"@id\":\"https:\/\/www.in-magazines.com\/magazine\/sommaire\/inmagazine-19\/novelty-evenement-digital-visio-dynamisez-votre-image\/#breadcrumb\"},\"inLanguage\":\"fr-FR\",\"potentialAction\":[{\"@type\":\"ReadAction\",\"target\":[\"https:\/\/www.in-magazines.com\/magazine\/sommaire\/inmagazine-19\/novelty-evenement-digital-visio-dynamisez-votre-image\/\"]}]},{\"@type\":\"BreadcrumbList\",\"@id\":\"https:\/\/www.in-magazines.com\/magazine\/sommaire\/inmagazine-19\/novelty-evenement-digital-visio-dynamisez-votre-image\/#breadcrumb\",\"itemListElement\":[{\"@type\":\"ListItem\",\"position\":1,\"item\":{\"@id\":\"https:\/\/www.in-magazines.com\/magazine\/sommaire\/inmagazine-19\/novelty-evenement-digital-visio-dynamisez-votre-image\/#webpage\"}}]},{\"@type\":\"Person\",\"@id\":\"https:\/\/www.in-magazines.com\/magazine\/#\/schema\/person\/c27e7dabb9a1ef380814bdd5636d07e3\",\"name\":\"backinmag\",\"image\":{\"@type\":\"ImageObject\",\"@id\":\"https:\/\/www.in-magazines.com\/magazine\/#personlogo\",\"inLanguage\":\"fr-FR\",\"url\":\"https:\/\/secure.gravatar.com\/avatar\/13a234bb19dc4fd04793d73c3472fbdb?s=96&d=mm&r=g\",\"contentUrl\":\"https:\/\/secure.gravatar.com\/avatar\/13a234bb19dc4fd04793d73c3472fbdb?s=96&d=mm&r=g\",\"caption\":\"backinmag\"},\"sameAs\":[\"http:\/\/www.in-magazines.com\/magazin\"]}]}<\/script>\n<!-- \/ Yoast SEO plugin. -->","_links":{"self":[{"href":"https:\/\/www.in-magazines.com\/magazine\/wp-json\/wp\/v2\/posts\/1254"}],"collection":[{"href":"https:\/\/www.in-magazines.com\/magazine\/wp-json\/wp\/v2\/posts"}],"about":[{"href":"https:\/\/www.in-magazines.com\/magazine\/wp-json\/wp\/v2\/types\/post"}],"author":[{"embeddable":true,"href":"https:\/\/www.in-magazines.com\/magazine\/wp-json\/wp\/v2\/users\/1"}],"replies":[{"embeddable":true,"href":"https:\/\/www.in-magazines.com\/magazine\/wp-json\/wp\/v2\/comments?post=1254"}],"version-history":[{"count":4,"href":"https:\/\/www.in-magazines.com\/magazine\/wp-json\/wp\/v2\/posts\/1254\/revisions"}],"predecessor-version":[{"id":2613,"href":"https:\/\/www.in-magazines.com\/magazine\/wp-json\/wp\/v2\/posts\/1254\/revisions\/2613"}],"wp:featuredmedia":[{"embeddable":true,"href":"https:\/\/www.in-magazines.com\/magazine\/wp-json\/wp\/v2\/media\/1377"}],"wp:attachment":[{"href":"https:\/\/www.in-magazines.com\/magazine\/wp-json\/wp\/v2\/media?parent=1254"}],"wp:term":[{"taxonomy":"category","embeddable":true,"href":"https:\/\/www.in-magazines.com\/magazine\/wp-json\/wp\/v2\/categories?post=1254"},{"taxonomy":"post_tag","embeddable":true,"href":"https:\/\/www.in-magazines.com\/magazine\/wp-json\/wp\/v2\/tags?post=1254"}],"curies":[{"name":"wp","href":"https:\/\/api.w.org\/{rel}","templated":true}]}}