

{"id":12734,"date":"2024-09-16T06:14:00","date_gmt":"2024-09-16T06:14:00","guid":{"rendered":"https:\/\/www.in-magazines.com\/magazine\/?p=12734"},"modified":"2024-09-13T07:35:24","modified_gmt":"2024-09-13T07:35:24","slug":"nice-cote-dazur-une-saison-touristique-exceptionnelle","status":"publish","type":"post","link":"https:\/\/www.in-magazines.com\/magazine\/sommaire\/inmagazine-38\/nice-cote-dazur-une-saison-touristique-exceptionnelle\/","title":{"rendered":"NICE C\u00d4TE D\u2019AZUR : une saison touristique exceptionnelle"},"content":{"rendered":"\n<p>La ville de Nice apparait comme la premi\u00e8re destination touristique fran\u00e7aise apr\u00e8s Paris cette ann\u00e9e. En accueillant des \u00e9v\u00e9nements touristiques majeurs comme l\u2019arriv\u00e9e du Tour de France, six matchs de football des JO de Paris 2024, le Nice Jazz festival et en ce mois de septembre, les Championnats du Monde F\u00e9minin Ironman. L\u2019\u00e9v\u00e9nementiel sportif a permis de battre des records de fr\u00e9quentation cet \u00e9t\u00e9 : avec 266.000 visiteurs le week-end de l\u2019arriv\u00e9e du Tour, le taux d\u2019occupation h\u00f4teli\u00e8re a m\u00eame atteint un pic de 98 % !<\/p>\n\n\n\n<p>\u00c0 l\u2019international, la destination apparait dans plusieurs classements comme celui du New York Times pour le Mus\u00e9e Mass\u00e9na ou de Travel + Leisure, qui d\u00e9finit Nice comme \u00ab L\u2019endroit le plus cool de la C\u00f4te d\u2019Azur \u00bb. L\u2019\u00e9v\u00e9nementiel \u00e0 venir devrait encore doper l\u2019attrait pour la destination avec en 2025, l\u2019organisation de l\u2019UNOC (Conf\u00e9rence des Nations Unies sur l\u2019Oc\u00e9an) ou le Nice Boating Tomorrow, premier grand salon du nautisme durable, en octobre 2025.<\/p>\n\n\n<a href=\"#\" class=\"_3d-flip-book  fb3d-link-lightbox-mode\" data-id=\"12501\" data-mode=\"link-lightbox\" data-title=\"false\" data-template=\"short-white-book-view\" data-lightbox=\"dark\" data-urlparam=\"fb3d-page\" data-page-n=\"0\" data-pdf=\"\" data-tax=\"null\" data-thumbnail=\"\" data-cols=\"3\" data-query=\"\"><img decoding=\"async\" src=\"http:\/\/www.in-magazines.com\/magazine\/wp-content\/uploads\/2021\/05\/btn.jpg\"><\/a>\n","protected":false},"excerpt":{"rendered":"<p>La ville de Nice apparait comme la premi&egrave;re destination touristique fran&ccedil;aise apr&egrave;s Paris cette ann&eacute;e. En accueillant des &eacute;v&eacute;nements touristiques majeurs comme l&rsquo;arriv&eacute;e du Tour de France, six matchs de football des JO de Paris 2024, le Nice Jazz festival et en ce mois de septembre, les Championnats du Monde F&eacute;minin Ironman. L&rsquo;&eacute;v&eacute;nementiel sportif a&hellip; <a class=\"more-link\" href=\"https:\/\/www.in-magazines.com\/magazine\/sommaire\/inmagazine-38\/nice-cote-dazur-une-saison-touristique-exceptionnelle\/\">Poursuivre la lecture <span class=\"screen-reader-text\">NICE C\u00d4TE D\u2019AZUR : une saison touristique exceptionnelle<\/span><\/a><\/p>\n","protected":false},"author":1,"featured_media":12832,"comment_status":"open","ping_status":"open","sticky":false,"template":"","format":"standard","meta":{"footnotes":""},"categories":[2464,1700],"tags":[175,1715],"yoast_head":"<!-- This site is optimized with the Yoast SEO plugin v16.2 - https:\/\/yoast.com\/wordpress\/plugins\/seo\/ -->\n<title>NICE C\u00d4TE D\u2019AZUR : une saison touristique exceptionnelle - In Magazines<\/title>\n<meta name=\"robots\" content=\"index, follow, max-snippet:-1, max-image-preview:large, max-video-preview:-1\" \/>\n<link rel=\"canonical\" href=\"https:\/\/www.in-magazines.com\/magazine\/sommaire\/inmagazine-38\/nice-cote-dazur-une-saison-touristique-exceptionnelle\/\" \/>\n<meta property=\"og:locale\" content=\"fr_FR\" \/>\n<meta property=\"og:type\" content=\"article\" \/>\n<meta property=\"og:title\" content=\"NICE C\u00d4TE D\u2019AZUR : une saison touristique exceptionnelle - In Magazines\" \/>\n<meta property=\"og:description\" content=\"La ville de Nice apparait comme la premi&egrave;re destination touristique fran&ccedil;aise apr&egrave;s Paris cette ann&eacute;e. En accueillant des &eacute;v&eacute;nements touristiques majeurs comme l&rsquo;arriv&eacute;e du Tour de France, six matchs de football des JO de Paris 2024, le Nice Jazz festival et en ce mois de septembre, les Championnats du Monde F&eacute;minin Ironman. L&rsquo;&eacute;v&eacute;nementiel sportif a&hellip; Poursuivre la lecture NICE C\u00d4TE D\u2019AZUR : une saison touristique exceptionnelle\" \/>\n<meta property=\"og:url\" content=\"https:\/\/www.in-magazines.com\/magazine\/sommaire\/inmagazine-38\/nice-cote-dazur-une-saison-touristique-exceptionnelle\/\" \/>\n<meta property=\"og:site_name\" content=\"In Magazines\" \/>\n<meta property=\"article:published_time\" content=\"2024-09-16T06:14:00+00:00\" \/>\n<meta property=\"article:modified_time\" content=\"2024-09-13T07:35:24+00:00\" \/>\n<meta property=\"og:image\" content=\"https:\/\/www.in-magazines.com\/magazine\/wp-content\/uploads\/2024\/09\/NICE-COTE-D-AZUR-une-saison-touristique-exceptionnelle-1.jpg\" \/>\n\t<meta property=\"og:image:width\" content=\"356\" \/>\n\t<meta property=\"og:image:height\" content=\"407\" \/>\n<meta name=\"twitter:label1\" content=\"Dur\u00e9e de lecture est.\">\n\t<meta name=\"twitter:data1\" content=\"1 minute\">\n<script type=\"application\/ld+json\" class=\"yoast-schema-graph\">{\"@context\":\"https:\/\/schema.org\",\"@graph\":[{\"@type\":\"WebSite\",\"@id\":\"https:\/\/www.in-magazines.com\/magazine\/#website\",\"url\":\"https:\/\/www.in-magazines.com\/magazine\/\",\"name\":\"In Magazines\",\"description\":\"\",\"potentialAction\":[{\"@type\":\"SearchAction\",\"target\":\"https:\/\/www.in-magazines.com\/magazine\/?s={search_term_string}\",\"query-input\":\"required name=search_term_string\"}],\"inLanguage\":\"fr-FR\"},{\"@type\":\"ImageObject\",\"@id\":\"https:\/\/www.in-magazines.com\/magazine\/sommaire\/inmagazine-38\/nice-cote-dazur-une-saison-touristique-exceptionnelle\/#primaryimage\",\"inLanguage\":\"fr-FR\",\"url\":\"https:\/\/www.in-magazines.com\/magazine\/wp-content\/uploads\/2024\/09\/NICE-COTE-D-AZUR-une-saison-touristique-exceptionnelle-1.jpg\",\"contentUrl\":\"https:\/\/www.in-magazines.com\/magazine\/wp-content\/uploads\/2024\/09\/NICE-COTE-D-AZUR-une-saison-touristique-exceptionnelle-1.jpg\",\"width\":356,\"height\":407},{\"@type\":\"WebPage\",\"@id\":\"https:\/\/www.in-magazines.com\/magazine\/sommaire\/inmagazine-38\/nice-cote-dazur-une-saison-touristique-exceptionnelle\/#webpage\",\"url\":\"https:\/\/www.in-magazines.com\/magazine\/sommaire\/inmagazine-38\/nice-cote-dazur-une-saison-touristique-exceptionnelle\/\",\"name\":\"NICE C\\u00d4TE D\\u2019AZUR : une saison touristique exceptionnelle - In Magazines\",\"isPartOf\":{\"@id\":\"https:\/\/www.in-magazines.com\/magazine\/#website\"},\"primaryImageOfPage\":{\"@id\":\"https:\/\/www.in-magazines.com\/magazine\/sommaire\/inmagazine-38\/nice-cote-dazur-une-saison-touristique-exceptionnelle\/#primaryimage\"},\"datePublished\":\"2024-09-16T06:14:00+00:00\",\"dateModified\":\"2024-09-13T07:35:24+00:00\",\"author\":{\"@id\":\"https:\/\/www.in-magazines.com\/magazine\/#\/schema\/person\/c27e7dabb9a1ef380814bdd5636d07e3\"},\"breadcrumb\":{\"@id\":\"https:\/\/www.in-magazines.com\/magazine\/sommaire\/inmagazine-38\/nice-cote-dazur-une-saison-touristique-exceptionnelle\/#breadcrumb\"},\"inLanguage\":\"fr-FR\",\"potentialAction\":[{\"@type\":\"ReadAction\",\"target\":[\"https:\/\/www.in-magazines.com\/magazine\/sommaire\/inmagazine-38\/nice-cote-dazur-une-saison-touristique-exceptionnelle\/\"]}]},{\"@type\":\"BreadcrumbList\",\"@id\":\"https:\/\/www.in-magazines.com\/magazine\/sommaire\/inmagazine-38\/nice-cote-dazur-une-saison-touristique-exceptionnelle\/#breadcrumb\",\"itemListElement\":[{\"@type\":\"ListItem\",\"position\":1,\"item\":{\"@id\":\"https:\/\/www.in-magazines.com\/magazine\/sommaire\/inmagazine-38\/nice-cote-dazur-une-saison-touristique-exceptionnelle\/#webpage\"}}]},{\"@type\":\"Person\",\"@id\":\"https:\/\/www.in-magazines.com\/magazine\/#\/schema\/person\/c27e7dabb9a1ef380814bdd5636d07e3\",\"name\":\"backinmag\",\"image\":{\"@type\":\"ImageObject\",\"@id\":\"https:\/\/www.in-magazines.com\/magazine\/#personlogo\",\"inLanguage\":\"fr-FR\",\"url\":\"https:\/\/secure.gravatar.com\/avatar\/13a234bb19dc4fd04793d73c3472fbdb?s=96&d=mm&r=g\",\"contentUrl\":\"https:\/\/secure.gravatar.com\/avatar\/13a234bb19dc4fd04793d73c3472fbdb?s=96&d=mm&r=g\",\"caption\":\"backinmag\"},\"sameAs\":[\"http:\/\/www.in-magazines.com\/magazin\"]}]}<\/script>\n<!-- \/ Yoast SEO plugin. -->","_links":{"self":[{"href":"https:\/\/www.in-magazines.com\/magazine\/wp-json\/wp\/v2\/posts\/12734"}],"collection":[{"href":"https:\/\/www.in-magazines.com\/magazine\/wp-json\/wp\/v2\/posts"}],"about":[{"href":"https:\/\/www.in-magazines.com\/magazine\/wp-json\/wp\/v2\/types\/post"}],"author":[{"embeddable":true,"href":"https:\/\/www.in-magazines.com\/magazine\/wp-json\/wp\/v2\/users\/1"}],"replies":[{"embeddable":true,"href":"https:\/\/www.in-magazines.com\/magazine\/wp-json\/wp\/v2\/comments?post=12734"}],"version-history":[{"count":3,"href":"https:\/\/www.in-magazines.com\/magazine\/wp-json\/wp\/v2\/posts\/12734\/revisions"}],"predecessor-version":[{"id":12737,"href":"https:\/\/www.in-magazines.com\/magazine\/wp-json\/wp\/v2\/posts\/12734\/revisions\/12737"}],"wp:featuredmedia":[{"embeddable":true,"href":"https:\/\/www.in-magazines.com\/magazine\/wp-json\/wp\/v2\/media\/12832"}],"wp:attachment":[{"href":"https:\/\/www.in-magazines.com\/magazine\/wp-json\/wp\/v2\/media?parent=12734"}],"wp:term":[{"taxonomy":"category","embeddable":true,"href":"https:\/\/www.in-magazines.com\/magazine\/wp-json\/wp\/v2\/categories?post=12734"},{"taxonomy":"post_tag","embeddable":true,"href":"https:\/\/www.in-magazines.com\/magazine\/wp-json\/wp\/v2\/tags?post=12734"}],"curies":[{"name":"wp","href":"https:\/\/api.w.org\/{rel}","templated":true}]}}