

{"id":12994,"date":"2024-12-03T06:45:00","date_gmt":"2024-12-03T06:45:00","guid":{"rendered":"https:\/\/www.in-magazines.com\/magazine\/?p=12994"},"modified":"2024-11-29T09:00:27","modified_gmt":"2024-11-29T09:00:27","slug":"jerome-viaud-maire-de-la-ville-de-grasse-president-de-la-a-communaute-dagglomeration-du-pays-de-grasse-entreprendre-pour-son-territoire","status":"publish","type":"post","link":"https:\/\/www.in-magazines.com\/magazine\/sommaire\/jerome-viaud-maire-de-la-ville-de-grasse-president-de-la-a-communaute-dagglomeration-du-pays-de-grasse-entreprendre-pour-son-territoire\/","title":{"rendered":"J\u00c9R\u00d4ME VIAUD &#8211; MAIRE DE LA VILLE DE GRASSE PR\u00c9SIDENT DE LA A COMMUNAUT\u00c9 D&rsquo;AGGLOM\u00c9RATION DU PAYS DE GRASSE: ENTREPRENDRE pour son territoire"},"content":{"rendered":"\n<p><strong>SYNOPSIS<\/strong><\/p>\n\n\n\n<p>Plut\u00f4t destin\u00e9 \u00e0 une carri\u00e8re dans la finance et les lev\u00e9es de fonds bancaires, un jeune Grassois se laisse convaincre de devenir conseiller municipal en charge du d\u00e9veloppement \u00e9conomique. Le d\u00e9but d\u2019une passion pour la politique qui le m\u00e8nera \u00e0 d\u2019importantes responsabilit\u00e9s, sans jamais perdre de vue toute l\u2019importance de l\u2019\u00e9conomie et des entreprises pour le d\u00e9veloppement harmonieux du territoire qu\u2019il administre d\u00e9sormais.<\/p>\n\n\n\n<p><strong>SCENARIO<\/strong><\/p>\n\n\n\n<p>N\u00e9 en Charente-Maritime \u00e0 Rochefort sur Mer, ce n\u2019est qu\u2019\u00e0 l\u2019\u00e2ge de 11 ans que J\u00e9r\u00f4me Viaud arrive \u00e0 Ch\u00e2teau neuf de-Grasse pour y vivre avec sa famille. El\u00e8ve au Coll\u00e8ge Carnot puis au Lyc\u00e9e F\u00e9nelon o\u00f9 il obtient son Bac, il poursuit ensuite un BTS Assistant de Gestion PME-PMI \u00e0 l\u2019Institut F\u00e9nelon, qui l\u2019am\u00e8ne \u00e0 travailler dans la transaction immobili\u00e8re.<\/p>\n\n\n\n<p>En 1999, il devient charg\u00e9 de mission au Centre de Promotion des Entreprises, o\u00f9 il assure une mission de suivi post-cr\u00e9ation, \u00e9l\u00e9ment fondamental pour optimiser les chances de r\u00e9ussite des TPE accompagn\u00e9es. Suivi et mise en place d\u2019outils de gestion, diagnostics des forces et faiblesses : tout est mis en \u0153uvre pour aider les entreprises \u00e0 progresser.<\/p>\n\n\n\n<p>C\u2019est dans ce contexte que le Maire de Grasse de l\u2019\u00e9poque, Jean-Pierre Leleux, le sollicite comme conseiller technique, afin de g\u00e9rer les diff\u00e9rentes demandes des administr\u00e9s, des associations grassoises, des entreprises et des commer\u00e7ants et d\u2019assurer l\u2019interface entre le Maire et ses \u00e9lus. Un pied dans la politique et un engagement qui s\u2019affirme vite pour la vie locale. J\u00e9r\u00f4me Viaud devient plus tard directeur de cabinet adjoint, puis cr\u00e9e en 2013 sa propre soci\u00e9t\u00e9 de conseil aux entreprises. Entre-temps, il dirige la campagne municipale de 2008 et est \u00e9lu Conseiller g\u00e9n\u00e9ral en d\u00e9cembre de la m\u00eame ann\u00e9e. Depuis 2014, il est Maire de Grasse et Pr\u00e9sident de la Communaut\u00e9 d\u2019Agglom\u00e9ration du Pays de Grasse.<\/p>\n\n\n<a href=\"#\" class=\"_3d-flip-book  fb3d-link-lightbox-mode\" data-id=\"12911\" data-mode=\"link-lightbox\" data-title=\"false\" data-template=\"short-white-book-view\" data-lightbox=\"dark\" data-urlparam=\"fb3d-page\" data-page-n=\"0\" data-pdf=\"\" data-tax=\"null\" data-thumbnail=\"\" data-cols=\"3\" data-query=\"\"><img decoding=\"async\" src=\"http:\/\/www.in-magazines.com\/magazine\/wp-content\/uploads\/2021\/05\/btn.jpg\"><\/a>\n","protected":false},"excerpt":{"rendered":"<p>SYNOPSIS Plut&ocirc;t destin&eacute; &agrave; une carri&egrave;re dans la finance et les lev&eacute;es de fonds bancaires, un jeune Grassois se laisse convaincre de devenir conseiller municipal en charge du d&eacute;veloppement &eacute;conomique. Le d&eacute;but d&rsquo;une passion pour la politique qui le m&egrave;nera &agrave; d&rsquo;importantes responsabilit&eacute;s, sans jamais perdre de vue toute l&rsquo;importance de l&rsquo;&eacute;conomie et des entreprises&hellip; <a class=\"more-link\" href=\"https:\/\/www.in-magazines.com\/magazine\/sommaire\/jerome-viaud-maire-de-la-ville-de-grasse-president-de-la-a-communaute-dagglomeration-du-pays-de-grasse-entreprendre-pour-son-territoire\/\">Poursuivre la lecture <span class=\"screen-reader-text\">J\u00c9R\u00d4ME VIAUD &#8211; MAIRE DE LA VILLE DE GRASSE PR\u00c9SIDENT DE LA A COMMUNAUT\u00c9 D&rsquo;AGGLOM\u00c9RATION DU PAYS DE GRASSE: ENTREPRENDRE pour son territoire<\/span><\/a><\/p>\n","protected":false},"author":1,"featured_media":12995,"comment_status":"open","ping_status":"open","sticky":false,"template":"","format":"standard","meta":{"footnotes":""},"categories":[2,2179,2494],"tags":[1821,2503],"yoast_head":"<!-- This site is optimized with the Yoast SEO plugin v16.2 - https:\/\/yoast.com\/wordpress\/plugins\/seo\/ -->\n<title>J\u00c9R\u00d4ME VIAUD - MAIRE DE LA VILLE DE GRASSE PR\u00c9SIDENT DE LA A COMMUNAUT\u00c9 D&#039;AGGLOM\u00c9RATION DU PAYS DE GRASSE: ENTREPRENDRE pour son territoire - In Magazines<\/title>\n<meta name=\"robots\" content=\"index, follow, max-snippet:-1, max-image-preview:large, max-video-preview:-1\" \/>\n<link rel=\"canonical\" href=\"https:\/\/www.in-magazines.com\/magazine\/sommaire\/jerome-viaud-maire-de-la-ville-de-grasse-president-de-la-a-communaute-dagglomeration-du-pays-de-grasse-entreprendre-pour-son-territoire\/\" \/>\n<meta property=\"og:locale\" content=\"fr_FR\" \/>\n<meta property=\"og:type\" content=\"article\" \/>\n<meta property=\"og:title\" content=\"J\u00c9R\u00d4ME VIAUD - MAIRE DE LA VILLE DE GRASSE PR\u00c9SIDENT DE LA A COMMUNAUT\u00c9 D&#039;AGGLOM\u00c9RATION DU PAYS DE GRASSE: ENTREPRENDRE pour son territoire - In Magazines\" \/>\n<meta property=\"og:description\" content=\"SYNOPSIS Plut&ocirc;t destin&eacute; &agrave; une carri&egrave;re dans la finance et les lev&eacute;es de fonds bancaires, un jeune Grassois se laisse convaincre de devenir conseiller municipal en charge du d&eacute;veloppement &eacute;conomique. Le d&eacute;but d&rsquo;une passion pour la politique qui le m&egrave;nera &agrave; d&rsquo;importantes responsabilit&eacute;s, sans jamais perdre de vue toute l&rsquo;importance de l&rsquo;&eacute;conomie et des entreprises&hellip; Poursuivre la lecture J\u00c9R\u00d4ME VIAUD &#8211; MAIRE DE LA VILLE DE GRASSE PR\u00c9SIDENT DE LA A COMMUNAUT\u00c9 D&rsquo;AGGLOM\u00c9RATION DU PAYS DE GRASSE: ENTREPRENDRE pour son territoire\" \/>\n<meta property=\"og:url\" content=\"https:\/\/www.in-magazines.com\/magazine\/sommaire\/jerome-viaud-maire-de-la-ville-de-grasse-president-de-la-a-communaute-dagglomeration-du-pays-de-grasse-entreprendre-pour-son-territoire\/\" \/>\n<meta property=\"og:site_name\" content=\"In Magazines\" \/>\n<meta property=\"article:published_time\" content=\"2024-12-03T06:45:00+00:00\" \/>\n<meta property=\"article:modified_time\" content=\"2024-11-29T09:00:27+00:00\" \/>\n<meta property=\"og:image\" content=\"https:\/\/www.in-magazines.com\/magazine\/wp-content\/uploads\/2024\/11\/MAIRE-DE-LA-VILLE-DE-GRASSE.jpg\" \/>\n\t<meta property=\"og:image:width\" content=\"329\" \/>\n\t<meta property=\"og:image:height\" content=\"482\" \/>\n<meta name=\"twitter:label1\" content=\"Dur\u00e9e de lecture est.\">\n\t<meta name=\"twitter:data1\" content=\"2 minutes\">\n<script type=\"application\/ld+json\" class=\"yoast-schema-graph\">{\"@context\":\"https:\/\/schema.org\",\"@graph\":[{\"@type\":\"WebSite\",\"@id\":\"https:\/\/www.in-magazines.com\/magazine\/#website\",\"url\":\"https:\/\/www.in-magazines.com\/magazine\/\",\"name\":\"In Magazines\",\"description\":\"\",\"potentialAction\":[{\"@type\":\"SearchAction\",\"target\":\"https:\/\/www.in-magazines.com\/magazine\/?s={search_term_string}\",\"query-input\":\"required name=search_term_string\"}],\"inLanguage\":\"fr-FR\"},{\"@type\":\"ImageObject\",\"@id\":\"https:\/\/www.in-magazines.com\/magazine\/sommaire\/jerome-viaud-maire-de-la-ville-de-grasse-president-de-la-a-communaute-dagglomeration-du-pays-de-grasse-entreprendre-pour-son-territoire\/#primaryimage\",\"inLanguage\":\"fr-FR\",\"url\":\"https:\/\/www.in-magazines.com\/magazine\/wp-content\/uploads\/2024\/11\/MAIRE-DE-LA-VILLE-DE-GRASSE.jpg\",\"contentUrl\":\"https:\/\/www.in-magazines.com\/magazine\/wp-content\/uploads\/2024\/11\/MAIRE-DE-LA-VILLE-DE-GRASSE.jpg\",\"width\":329,\"height\":482},{\"@type\":\"WebPage\",\"@id\":\"https:\/\/www.in-magazines.com\/magazine\/sommaire\/jerome-viaud-maire-de-la-ville-de-grasse-president-de-la-a-communaute-dagglomeration-du-pays-de-grasse-entreprendre-pour-son-territoire\/#webpage\",\"url\":\"https:\/\/www.in-magazines.com\/magazine\/sommaire\/jerome-viaud-maire-de-la-ville-de-grasse-president-de-la-a-communaute-dagglomeration-du-pays-de-grasse-entreprendre-pour-son-territoire\/\",\"name\":\"J\\u00c9R\\u00d4ME VIAUD - MAIRE DE LA VILLE DE GRASSE PR\\u00c9SIDENT DE LA A COMMUNAUT\\u00c9 D'AGGLOM\\u00c9RATION DU PAYS DE GRASSE: ENTREPRENDRE pour son territoire - In Magazines\",\"isPartOf\":{\"@id\":\"https:\/\/www.in-magazines.com\/magazine\/#website\"},\"primaryImageOfPage\":{\"@id\":\"https:\/\/www.in-magazines.com\/magazine\/sommaire\/jerome-viaud-maire-de-la-ville-de-grasse-president-de-la-a-communaute-dagglomeration-du-pays-de-grasse-entreprendre-pour-son-territoire\/#primaryimage\"},\"datePublished\":\"2024-12-03T06:45:00+00:00\",\"dateModified\":\"2024-11-29T09:00:27+00:00\",\"author\":{\"@id\":\"https:\/\/www.in-magazines.com\/magazine\/#\/schema\/person\/c27e7dabb9a1ef380814bdd5636d07e3\"},\"breadcrumb\":{\"@id\":\"https:\/\/www.in-magazines.com\/magazine\/sommaire\/jerome-viaud-maire-de-la-ville-de-grasse-president-de-la-a-communaute-dagglomeration-du-pays-de-grasse-entreprendre-pour-son-territoire\/#breadcrumb\"},\"inLanguage\":\"fr-FR\",\"potentialAction\":[{\"@type\":\"ReadAction\",\"target\":[\"https:\/\/www.in-magazines.com\/magazine\/sommaire\/jerome-viaud-maire-de-la-ville-de-grasse-president-de-la-a-communaute-dagglomeration-du-pays-de-grasse-entreprendre-pour-son-territoire\/\"]}]},{\"@type\":\"BreadcrumbList\",\"@id\":\"https:\/\/www.in-magazines.com\/magazine\/sommaire\/jerome-viaud-maire-de-la-ville-de-grasse-president-de-la-a-communaute-dagglomeration-du-pays-de-grasse-entreprendre-pour-son-territoire\/#breadcrumb\",\"itemListElement\":[{\"@type\":\"ListItem\",\"position\":1,\"item\":{\"@id\":\"https:\/\/www.in-magazines.com\/magazine\/sommaire\/jerome-viaud-maire-de-la-ville-de-grasse-president-de-la-a-communaute-dagglomeration-du-pays-de-grasse-entreprendre-pour-son-territoire\/#webpage\"}}]},{\"@type\":\"Person\",\"@id\":\"https:\/\/www.in-magazines.com\/magazine\/#\/schema\/person\/c27e7dabb9a1ef380814bdd5636d07e3\",\"name\":\"backinmag\",\"image\":{\"@type\":\"ImageObject\",\"@id\":\"https:\/\/www.in-magazines.com\/magazine\/#personlogo\",\"inLanguage\":\"fr-FR\",\"url\":\"https:\/\/secure.gravatar.com\/avatar\/13a234bb19dc4fd04793d73c3472fbdb?s=96&d=mm&r=g\",\"contentUrl\":\"https:\/\/secure.gravatar.com\/avatar\/13a234bb19dc4fd04793d73c3472fbdb?s=96&d=mm&r=g\",\"caption\":\"backinmag\"},\"sameAs\":[\"http:\/\/www.in-magazines.com\/magazin\"]}]}<\/script>\n<!-- \/ Yoast SEO plugin. -->","_links":{"self":[{"href":"https:\/\/www.in-magazines.com\/magazine\/wp-json\/wp\/v2\/posts\/12994"}],"collection":[{"href":"https:\/\/www.in-magazines.com\/magazine\/wp-json\/wp\/v2\/posts"}],"about":[{"href":"https:\/\/www.in-magazines.com\/magazine\/wp-json\/wp\/v2\/types\/post"}],"author":[{"embeddable":true,"href":"https:\/\/www.in-magazines.com\/magazine\/wp-json\/wp\/v2\/users\/1"}],"replies":[{"embeddable":true,"href":"https:\/\/www.in-magazines.com\/magazine\/wp-json\/wp\/v2\/comments?post=12994"}],"version-history":[{"count":4,"href":"https:\/\/www.in-magazines.com\/magazine\/wp-json\/wp\/v2\/posts\/12994\/revisions"}],"predecessor-version":[{"id":13026,"href":"https:\/\/www.in-magazines.com\/magazine\/wp-json\/wp\/v2\/posts\/12994\/revisions\/13026"}],"wp:featuredmedia":[{"embeddable":true,"href":"https:\/\/www.in-magazines.com\/magazine\/wp-json\/wp\/v2\/media\/12995"}],"wp:attachment":[{"href":"https:\/\/www.in-magazines.com\/magazine\/wp-json\/wp\/v2\/media?parent=12994"}],"wp:term":[{"taxonomy":"category","embeddable":true,"href":"https:\/\/www.in-magazines.com\/magazine\/wp-json\/wp\/v2\/categories?post=12994"},{"taxonomy":"post_tag","embeddable":true,"href":"https:\/\/www.in-magazines.com\/magazine\/wp-json\/wp\/v2\/tags?post=12994"}],"curies":[{"name":"wp","href":"https:\/\/api.w.org\/{rel}","templated":true}]}}