

{"id":13549,"date":"2025-03-11T06:26:00","date_gmt":"2025-03-11T06:26:00","guid":{"rendered":"https:\/\/www.in-magazines.com\/magazine\/?p=13549"},"modified":"2025-03-13T05:40:34","modified_gmt":"2025-03-13T05:40:34","slug":"le-centre-de-congres-sera-livre-sur-le-port-fin-avril","status":"publish","type":"post","link":"https:\/\/www.in-magazines.com\/magazine\/sommaire\/inmagazine-40\/le-centre-de-congres-sera-livre-sur-le-port-fin-avril\/","title":{"rendered":"LE CENTRE DE CONGR\u00c8S sera livr\u00e9 sur le port Fin avril"},"content":{"rendered":"\n<p>Avec 6000 m\u00b2 r\u00e9partis sur trois b\u00e2timents, il accueillera l\u2019UNOC-3 en juin, puis des \u00e9v\u00e9nements culturels et sportifs.<\/p>\n\n\n\n<p>Le futur centre des congr\u00e8s de Nice, respectant un calendrier de travaux serr\u00e9, sera livr\u00e9 fin avril. Le chantier a d\u00e9but\u00e9 par la d\u00e9molition de l\u2019ancien parking d\u00e8s le 1\u1d49\u02b3 septembre dernier, suivie du lancement des travaux au tout d\u00e9but du mois de janvier. <\/p>\n\n\n\n<p>En quelques semaines, les volumes et les niveaux des trois b\u00e2timents ont \u00e9merg\u00e9 sur le quai Internet et la jet\u00e9e du Port de Nice. Le b\u00e2timent principal, qui int\u00e9grera un hall inspir\u00e9 de celui de l\u2019ONU, sera achev\u00e9 le 6 mars, marquant une \u00e9tape cl\u00e9 avant la livraison finale fin avril.<\/p>\n\n\n\n<p><strong>Un \u00e9quipement durable<\/strong><\/p>\n\n\n\n<p>Le Pavillon de la mer, d\u2019une superficie de 6000 m\u00b2, deviendra l\u2019\u00e9picentre de l\u2019UNOC 2025, 3\u1d49 Conf\u00e9rence des Nations Unies sur l\u2019Oc\u00e9an, pr\u00e9vue du 9 au 13 juin. Ce centre des congr\u00e8s sera remis \u00e0 l\u2019\u00c9tat \u00e0 la fin des travaux, sous l\u2019\u00e9gide de l\u2019ONU et en co-gouvernance avec le Costa Rica, autre pays organisateur.<\/p>\n\n\n\n<p>Au-del\u00e0 de l\u2019UNOC, le Pavillon de la Mer sera un lieu destin\u00e9 \u00e0 accueillir des \u00e9v\u00e9nements culturels, sportifs et des congr\u00e8s internationaux. Christian Estrosi a soulign\u00e9 que cet \u00e9quipement, connect\u00e9 aux transports et con\u00e7u pour r\u00e9pondre aux besoins du territoire, restera actif au moins jusqu\u2019aux-eux Olympiques d\u2019hiver de 2030, ou il servira de QG pour la presse internationale.<\/p>\n\n\n<a href=\"#\" class=\"_3d-flip-book  fb3d-link-lightbox-mode\" data-id=\"13365\" data-mode=\"link-lightbox\" data-title=\"false\" data-template=\"short-white-book-view\" data-lightbox=\"dark\" data-urlparam=\"fb3d-page\" data-page-n=\"0\" data-pdf=\"\" data-tax=\"null\" data-thumbnail=\"\" data-cols=\"3\" data-query=\"\"><img decoding=\"async\" src=\"http:\/\/www.in-magazines.com\/magazine\/wp-content\/uploads\/2021\/05\/btn.jpg\"><\/a>\n","protected":false},"excerpt":{"rendered":"<p>Avec 6000 m&sup2; r&eacute;partis sur trois b&acirc;timents, il accueillera l&rsquo;UNOC-3 en juin, puis des &eacute;v&eacute;nements culturels et sportifs. Le futur centre des congr&egrave;s de Nice, respectant un calendrier de travaux serr&eacute;, sera livr&eacute; fin avril. Le chantier a d&eacute;but&eacute; par la d&eacute;molition de l&rsquo;ancien parking d&egrave;s le 1&#7497;&#691; septembre dernier, suivie du lancement des travaux&hellip; <a class=\"more-link\" href=\"https:\/\/www.in-magazines.com\/magazine\/sommaire\/inmagazine-40\/le-centre-de-congres-sera-livre-sur-le-port-fin-avril\/\">Poursuivre la lecture <span class=\"screen-reader-text\">LE CENTRE DE CONGR\u00c8S sera livr\u00e9 sur le port Fin avril<\/span><\/a><\/p>\n","protected":false},"author":1,"featured_media":13550,"comment_status":"open","ping_status":"open","sticky":false,"template":"","format":"standard","meta":{"footnotes":""},"categories":[2556,1698],"tags":[25,2573],"yoast_head":"<!-- This site is optimized with the Yoast SEO plugin v16.2 - https:\/\/yoast.com\/wordpress\/plugins\/seo\/ -->\n<title>LE CENTRE DE CONGR\u00c8S sera livr\u00e9 sur le port Fin avril - In Magazines<\/title>\n<meta name=\"robots\" content=\"index, follow, max-snippet:-1, max-image-preview:large, max-video-preview:-1\" \/>\n<link rel=\"canonical\" href=\"https:\/\/www.in-magazines.com\/magazine\/sommaire\/inmagazine-40\/le-centre-de-congres-sera-livre-sur-le-port-fin-avril\/\" \/>\n<meta property=\"og:locale\" content=\"fr_FR\" \/>\n<meta property=\"og:type\" content=\"article\" \/>\n<meta property=\"og:title\" content=\"LE CENTRE DE CONGR\u00c8S sera livr\u00e9 sur le port Fin avril - In Magazines\" \/>\n<meta property=\"og:description\" content=\"Avec 6000 m&sup2; r&eacute;partis sur trois b&acirc;timents, il accueillera l&rsquo;UNOC-3 en juin, puis des &eacute;v&eacute;nements culturels et sportifs. Le futur centre des congr&egrave;s de Nice, respectant un calendrier de travaux serr&eacute;, sera livr&eacute; fin avril. Le chantier a d&eacute;but&eacute; par la d&eacute;molition de l&rsquo;ancien parking d&egrave;s le 1&#7497;&#691; septembre dernier, suivie du lancement des travaux&hellip; Poursuivre la lecture LE CENTRE DE CONGR\u00c8S sera livr\u00e9 sur le port Fin avril\" \/>\n<meta property=\"og:url\" content=\"https:\/\/www.in-magazines.com\/magazine\/sommaire\/inmagazine-40\/le-centre-de-congres-sera-livre-sur-le-port-fin-avril\/\" \/>\n<meta property=\"og:site_name\" content=\"In Magazines\" \/>\n<meta property=\"article:published_time\" content=\"2025-03-11T06:26:00+00:00\" \/>\n<meta property=\"article:modified_time\" content=\"2025-03-13T05:40:34+00:00\" \/>\n<meta property=\"og:image\" content=\"http:\/\/www.in-magazines.com\/magazine\/wp-content\/uploads\/2025\/03\/LE-CENTRE-DE-CONGRES-sera-livre-sur-le-port-Fin-avril-9.jpg\" \/>\n\t<meta property=\"og:image:width\" content=\"640\" \/>\n\t<meta property=\"og:image:height\" content=\"358\" \/>\n<meta name=\"twitter:label1\" content=\"Dur\u00e9e de lecture est.\">\n\t<meta name=\"twitter:data1\" content=\"2 minutes\">\n<script type=\"application\/ld+json\" class=\"yoast-schema-graph\">{\"@context\":\"https:\/\/schema.org\",\"@graph\":[{\"@type\":\"WebSite\",\"@id\":\"https:\/\/www.in-magazines.com\/magazine\/#website\",\"url\":\"https:\/\/www.in-magazines.com\/magazine\/\",\"name\":\"In Magazines\",\"description\":\"\",\"potentialAction\":[{\"@type\":\"SearchAction\",\"target\":\"https:\/\/www.in-magazines.com\/magazine\/?s={search_term_string}\",\"query-input\":\"required name=search_term_string\"}],\"inLanguage\":\"fr-FR\"},{\"@type\":\"ImageObject\",\"@id\":\"https:\/\/www.in-magazines.com\/magazine\/sommaire\/inmagazine-40\/le-centre-de-congres-sera-livre-sur-le-port-fin-avril\/#primaryimage\",\"inLanguage\":\"fr-FR\",\"url\":\"https:\/\/www.in-magazines.com\/magazine\/wp-content\/uploads\/2025\/03\/LE-CENTRE-DE-CONGRES-sera-livre-sur-le-port-Fin-avril-9.jpg\",\"contentUrl\":\"https:\/\/www.in-magazines.com\/magazine\/wp-content\/uploads\/2025\/03\/LE-CENTRE-DE-CONGRES-sera-livre-sur-le-port-Fin-avril-9.jpg\",\"width\":640,\"height\":358},{\"@type\":\"WebPage\",\"@id\":\"https:\/\/www.in-magazines.com\/magazine\/sommaire\/inmagazine-40\/le-centre-de-congres-sera-livre-sur-le-port-fin-avril\/#webpage\",\"url\":\"https:\/\/www.in-magazines.com\/magazine\/sommaire\/inmagazine-40\/le-centre-de-congres-sera-livre-sur-le-port-fin-avril\/\",\"name\":\"LE CENTRE DE CONGR\\u00c8S sera livr\\u00e9 sur le port Fin avril - In Magazines\",\"isPartOf\":{\"@id\":\"https:\/\/www.in-magazines.com\/magazine\/#website\"},\"primaryImageOfPage\":{\"@id\":\"https:\/\/www.in-magazines.com\/magazine\/sommaire\/inmagazine-40\/le-centre-de-congres-sera-livre-sur-le-port-fin-avril\/#primaryimage\"},\"datePublished\":\"2025-03-11T06:26:00+00:00\",\"dateModified\":\"2025-03-13T05:40:34+00:00\",\"author\":{\"@id\":\"https:\/\/www.in-magazines.com\/magazine\/#\/schema\/person\/c27e7dabb9a1ef380814bdd5636d07e3\"},\"breadcrumb\":{\"@id\":\"https:\/\/www.in-magazines.com\/magazine\/sommaire\/inmagazine-40\/le-centre-de-congres-sera-livre-sur-le-port-fin-avril\/#breadcrumb\"},\"inLanguage\":\"fr-FR\",\"potentialAction\":[{\"@type\":\"ReadAction\",\"target\":[\"https:\/\/www.in-magazines.com\/magazine\/sommaire\/inmagazine-40\/le-centre-de-congres-sera-livre-sur-le-port-fin-avril\/\"]}]},{\"@type\":\"BreadcrumbList\",\"@id\":\"https:\/\/www.in-magazines.com\/magazine\/sommaire\/inmagazine-40\/le-centre-de-congres-sera-livre-sur-le-port-fin-avril\/#breadcrumb\",\"itemListElement\":[{\"@type\":\"ListItem\",\"position\":1,\"item\":{\"@id\":\"https:\/\/www.in-magazines.com\/magazine\/sommaire\/inmagazine-40\/le-centre-de-congres-sera-livre-sur-le-port-fin-avril\/#webpage\"}}]},{\"@type\":\"Person\",\"@id\":\"https:\/\/www.in-magazines.com\/magazine\/#\/schema\/person\/c27e7dabb9a1ef380814bdd5636d07e3\",\"name\":\"backinmag\",\"image\":{\"@type\":\"ImageObject\",\"@id\":\"https:\/\/www.in-magazines.com\/magazine\/#personlogo\",\"inLanguage\":\"fr-FR\",\"url\":\"https:\/\/secure.gravatar.com\/avatar\/13a234bb19dc4fd04793d73c3472fbdb?s=96&d=mm&r=g\",\"contentUrl\":\"https:\/\/secure.gravatar.com\/avatar\/13a234bb19dc4fd04793d73c3472fbdb?s=96&d=mm&r=g\",\"caption\":\"backinmag\"},\"sameAs\":[\"http:\/\/www.in-magazines.com\/magazin\"]}]}<\/script>\n<!-- \/ Yoast SEO plugin. -->","_links":{"self":[{"href":"https:\/\/www.in-magazines.com\/magazine\/wp-json\/wp\/v2\/posts\/13549"}],"collection":[{"href":"https:\/\/www.in-magazines.com\/magazine\/wp-json\/wp\/v2\/posts"}],"about":[{"href":"https:\/\/www.in-magazines.com\/magazine\/wp-json\/wp\/v2\/types\/post"}],"author":[{"embeddable":true,"href":"https:\/\/www.in-magazines.com\/magazine\/wp-json\/wp\/v2\/users\/1"}],"replies":[{"embeddable":true,"href":"https:\/\/www.in-magazines.com\/magazine\/wp-json\/wp\/v2\/comments?post=13549"}],"version-history":[{"count":8,"href":"https:\/\/www.in-magazines.com\/magazine\/wp-json\/wp\/v2\/posts\/13549\/revisions"}],"predecessor-version":[{"id":13766,"href":"https:\/\/www.in-magazines.com\/magazine\/wp-json\/wp\/v2\/posts\/13549\/revisions\/13766"}],"wp:featuredmedia":[{"embeddable":true,"href":"https:\/\/www.in-magazines.com\/magazine\/wp-json\/wp\/v2\/media\/13550"}],"wp:attachment":[{"href":"https:\/\/www.in-magazines.com\/magazine\/wp-json\/wp\/v2\/media?parent=13549"}],"wp:term":[{"taxonomy":"category","embeddable":true,"href":"https:\/\/www.in-magazines.com\/magazine\/wp-json\/wp\/v2\/categories?post=13549"},{"taxonomy":"post_tag","embeddable":true,"href":"https:\/\/www.in-magazines.com\/magazine\/wp-json\/wp\/v2\/tags?post=13549"}],"curies":[{"name":"wp","href":"https:\/\/api.w.org\/{rel}","templated":true}]}}