

{"id":13911,"date":"2025-06-16T06:55:00","date_gmt":"2025-06-16T06:55:00","guid":{"rendered":"https:\/\/www.in-magazines.com\/magazine\/?p=13911"},"modified":"2025-06-11T13:03:44","modified_gmt":"2025-06-11T13:03:44","slug":"mobilites-retrofit-vgrf-et-rev-sassocient-pour-le-retrofit-des-marques-du-groupe-vw","status":"publish","type":"post","link":"https:\/\/www.in-magazines.com\/magazine\/sommaire\/inmagazine-41\/mobilites-retrofit-vgrf-et-rev-sassocient-pour-le-retrofit-des-marques-du-groupe-vw\/","title":{"rendered":"MOBILITES &#8211; RETROFIT : VGRF ET REV S\u2019ASSOCIENT pour le r\u00e9trofit des marques du groupe VW"},"content":{"rendered":"\n<p>Le groupe VGRF, 1er distributeur fran\u00e7ais des marques du groupe Volkswagen en France et qui dirige de nombreuses concessions automobiles azur\u00e9ennes, s\u2019associe \u00e0 REV, soci\u00e9t\u00e9 \u00e0 mission innovante sp\u00e9cialis\u00e9e dans l\u2019\u00e9lectrification des mobilit\u00e9s. Ensemble, ils vont proposer la commercialisation de kits de conversion r\u00e9trofit \u00e9lectrique pour l\u2019ensemble des marques du groupe VW (Volkswagen, Audi, Seat, Skoda, Cupra).<\/p>\n\n\n\n<p>Cette offre de r\u00e9trofit, dans un premier temps uniquement disponible sur le T6 Volkswagen Utilitaire pour les clients professionnels, leur permet notamment de se conformer aux diff\u00e9rentes exigences de d\u00e9carbonation \u00e0 un prix abordable. Cette solution, compl\u00e9mentaire au march\u00e9 du v\u00e9hicule \u00e9lectrique neuf, permet de satisfaire un plus grand nombre de consommateurs et d\u2019acc\u00e9l\u00e9rer la transition \u00e9cologique. Pour Arnaud Pigounides, Pr\u00e9sident de REV, \u00ab Volkswagen et ses diff\u00e9rentes marques sont le plus gros constructeur europ\u00e9en et ont produit des millions de v\u00e9hicules appr\u00e9ci\u00e9s par leurs propri\u00e9taires, qu\u2019ils souhaitent transformer en v\u00e9hicules \u00e9lectriques. Cet ambitieux partenariat entre REV et VGRF confirme que le r\u00e9trofit est \u00e0 la fois la solution \u00e0 la fin du mois et \u00e0 la fin du monde \u00bb. Cette offre de r\u00e9trofit, dans un premier temps uniquement disponible sur le T6 Volkswagen Utilitaire pour les clients professionnels, leur permet notamment de se conformer aux diff\u00e9rentes exigences de d\u00e9carbonation \u00e0 un prix abordable. Cette solution, compl\u00e9mentaire au march\u00e9 du v\u00e9hicule \u00e9lectrique neuf, permet de satisfaire un plus grand nombre de consommateurs et d\u2019acc\u00e9l\u00e9rer la transition \u00e9cologique.<\/p>\n\n\n\n<h2 class=\"wp-block-heading\">Un partenariat d\u2019envergure exceptionnelle<\/h2>\n\n\n\n<p>Ce partenariat d\u2019ampleur entre VGRF et REV, a plusieurs objectifs : d\u00e9velopper, dans les 3 prochaines ann\u00e9es, 12 solutions \u00ab plateformes \u00bb v\u00e9hicules utilitaires, anciennes et v\u00e9hicules particuliers pour les marques du Groupe Volkswagen les plus demand\u00e9es. Deuxi\u00e8me objectif : vendre de concert les kits aux clients particuliers, professionnels et institutionnels (agglom\u00e9rations) avec des offres de financement et de garantie constructeur. Il s\u2019agit \u00e9galement de former et agr\u00e9er les centaines de techniciens et m\u00e9caniciens des 65 sites de VGRF, r\u00e9partis sur les plus grandes agglom\u00e9rations fran\u00e7aises.<\/p>\n\n\n<a href=\"#\" class=\"_3d-flip-book  fb3d-link-lightbox-mode\" data-id=\"13850\" data-mode=\"link-lightbox\" data-title=\"false\" data-template=\"short-white-book-view\" data-lightbox=\"dark\" data-urlparam=\"fb3d-page\" data-page-n=\"0\" data-pdf=\"\" data-tax=\"null\" data-thumbnail=\"\" data-cols=\"3\" data-query=\"\"><img decoding=\"async\" src=\"http:\/\/www.in-magazines.com\/magazine\/wp-content\/uploads\/2021\/05\/btn.jpg\"><\/a>\n","protected":false},"excerpt":{"rendered":"<p>Le groupe VGRF, 1er distributeur fran&ccedil;ais des marques du groupe Volkswagen en France et qui dirige de nombreuses concessions automobiles azur&eacute;ennes, s&rsquo;associe &agrave; REV, soci&eacute;t&eacute; &agrave; mission innovante sp&eacute;cialis&eacute;e dans l&rsquo;&eacute;lectrification des mobilit&eacute;s. Ensemble, ils vont proposer la commercialisation de kits de conversion r&eacute;trofit &eacute;lectrique pour l&rsquo;ensemble des marques du groupe VW (Volkswagen, Audi, Seat,&hellip; <a class=\"more-link\" href=\"https:\/\/www.in-magazines.com\/magazine\/sommaire\/inmagazine-41\/mobilites-retrofit-vgrf-et-rev-sassocient-pour-le-retrofit-des-marques-du-groupe-vw\/\">Poursuivre la lecture <span class=\"screen-reader-text\">MOBILITES &#8211; RETROFIT : VGRF ET REV S\u2019ASSOCIENT pour le r\u00e9trofit des marques du groupe VW<\/span><\/a><\/p>\n","protected":false},"author":1,"featured_media":13912,"comment_status":"open","ping_status":"open","sticky":false,"template":"","format":"standard","meta":{"footnotes":""},"categories":[2590,1694],"tags":[288,2592],"yoast_head":"<!-- This site is optimized with the Yoast SEO plugin v16.2 - https:\/\/yoast.com\/wordpress\/plugins\/seo\/ -->\n<title>MOBILITES - RETROFIT : VGRF ET REV S\u2019ASSOCIENT pour le r\u00e9trofit des marques du groupe VW - In Magazines<\/title>\n<meta name=\"robots\" content=\"index, follow, max-snippet:-1, max-image-preview:large, max-video-preview:-1\" \/>\n<link rel=\"canonical\" href=\"https:\/\/www.in-magazines.com\/magazine\/sommaire\/inmagazine-41\/mobilites-retrofit-vgrf-et-rev-sassocient-pour-le-retrofit-des-marques-du-groupe-vw\/\" \/>\n<meta property=\"og:locale\" content=\"fr_FR\" \/>\n<meta property=\"og:type\" content=\"article\" \/>\n<meta property=\"og:title\" content=\"MOBILITES - RETROFIT : VGRF ET REV S\u2019ASSOCIENT pour le r\u00e9trofit des marques du groupe VW - In Magazines\" \/>\n<meta property=\"og:description\" content=\"Le groupe VGRF, 1er distributeur fran&ccedil;ais des marques du groupe Volkswagen en France et qui dirige de nombreuses concessions automobiles azur&eacute;ennes, s&rsquo;associe &agrave; REV, soci&eacute;t&eacute; &agrave; mission innovante sp&eacute;cialis&eacute;e dans l&rsquo;&eacute;lectrification des mobilit&eacute;s. Ensemble, ils vont proposer la commercialisation de kits de conversion r&eacute;trofit &eacute;lectrique pour l&rsquo;ensemble des marques du groupe VW (Volkswagen, Audi, Seat,&hellip; Poursuivre la lecture MOBILITES &#8211; RETROFIT : VGRF ET REV S\u2019ASSOCIENT pour le r\u00e9trofit des marques du groupe VW\" \/>\n<meta property=\"og:url\" content=\"https:\/\/www.in-magazines.com\/magazine\/sommaire\/inmagazine-41\/mobilites-retrofit-vgrf-et-rev-sassocient-pour-le-retrofit-des-marques-du-groupe-vw\/\" \/>\n<meta property=\"og:site_name\" content=\"In Magazines\" \/>\n<meta property=\"article:published_time\" content=\"2025-06-16T06:55:00+00:00\" \/>\n<meta property=\"article:modified_time\" content=\"2025-06-11T13:03:44+00:00\" \/>\n<meta property=\"og:image\" content=\"https:\/\/www.in-magazines.com\/magazine\/wp-content\/uploads\/2025\/06\/MOBILITES-RETROFIT-VGRF-ET-REV-S-ASSOCIENT-pour-le-retrofit-des-marques-du-groupe-VW.jpg\" \/>\n\t<meta property=\"og:image:width\" content=\"500\" \/>\n\t<meta property=\"og:image:height\" content=\"333\" \/>\n<meta name=\"twitter:label1\" content=\"Dur\u00e9e de lecture est.\">\n\t<meta name=\"twitter:data1\" content=\"2 minutes\">\n<script type=\"application\/ld+json\" class=\"yoast-schema-graph\">{\"@context\":\"https:\/\/schema.org\",\"@graph\":[{\"@type\":\"WebSite\",\"@id\":\"https:\/\/www.in-magazines.com\/magazine\/#website\",\"url\":\"https:\/\/www.in-magazines.com\/magazine\/\",\"name\":\"In Magazines\",\"description\":\"\",\"potentialAction\":[{\"@type\":\"SearchAction\",\"target\":\"https:\/\/www.in-magazines.com\/magazine\/?s={search_term_string}\",\"query-input\":\"required name=search_term_string\"}],\"inLanguage\":\"fr-FR\"},{\"@type\":\"ImageObject\",\"@id\":\"https:\/\/www.in-magazines.com\/magazine\/sommaire\/inmagazine-41\/mobilites-retrofit-vgrf-et-rev-sassocient-pour-le-retrofit-des-marques-du-groupe-vw\/#primaryimage\",\"inLanguage\":\"fr-FR\",\"url\":\"https:\/\/www.in-magazines.com\/magazine\/wp-content\/uploads\/2025\/06\/MOBILITES-RETROFIT-VGRF-ET-REV-S-ASSOCIENT-pour-le-retrofit-des-marques-du-groupe-VW.jpg\",\"contentUrl\":\"https:\/\/www.in-magazines.com\/magazine\/wp-content\/uploads\/2025\/06\/MOBILITES-RETROFIT-VGRF-ET-REV-S-ASSOCIENT-pour-le-retrofit-des-marques-du-groupe-VW.jpg\",\"width\":500,\"height\":333},{\"@type\":\"WebPage\",\"@id\":\"https:\/\/www.in-magazines.com\/magazine\/sommaire\/inmagazine-41\/mobilites-retrofit-vgrf-et-rev-sassocient-pour-le-retrofit-des-marques-du-groupe-vw\/#webpage\",\"url\":\"https:\/\/www.in-magazines.com\/magazine\/sommaire\/inmagazine-41\/mobilites-retrofit-vgrf-et-rev-sassocient-pour-le-retrofit-des-marques-du-groupe-vw\/\",\"name\":\"MOBILITES - RETROFIT : VGRF ET REV S\\u2019ASSOCIENT pour le r\\u00e9trofit des marques du groupe VW - In Magazines\",\"isPartOf\":{\"@id\":\"https:\/\/www.in-magazines.com\/magazine\/#website\"},\"primaryImageOfPage\":{\"@id\":\"https:\/\/www.in-magazines.com\/magazine\/sommaire\/inmagazine-41\/mobilites-retrofit-vgrf-et-rev-sassocient-pour-le-retrofit-des-marques-du-groupe-vw\/#primaryimage\"},\"datePublished\":\"2025-06-16T06:55:00+00:00\",\"dateModified\":\"2025-06-11T13:03:44+00:00\",\"author\":{\"@id\":\"https:\/\/www.in-magazines.com\/magazine\/#\/schema\/person\/c27e7dabb9a1ef380814bdd5636d07e3\"},\"breadcrumb\":{\"@id\":\"https:\/\/www.in-magazines.com\/magazine\/sommaire\/inmagazine-41\/mobilites-retrofit-vgrf-et-rev-sassocient-pour-le-retrofit-des-marques-du-groupe-vw\/#breadcrumb\"},\"inLanguage\":\"fr-FR\",\"potentialAction\":[{\"@type\":\"ReadAction\",\"target\":[\"https:\/\/www.in-magazines.com\/magazine\/sommaire\/inmagazine-41\/mobilites-retrofit-vgrf-et-rev-sassocient-pour-le-retrofit-des-marques-du-groupe-vw\/\"]}]},{\"@type\":\"BreadcrumbList\",\"@id\":\"https:\/\/www.in-magazines.com\/magazine\/sommaire\/inmagazine-41\/mobilites-retrofit-vgrf-et-rev-sassocient-pour-le-retrofit-des-marques-du-groupe-vw\/#breadcrumb\",\"itemListElement\":[{\"@type\":\"ListItem\",\"position\":1,\"item\":{\"@id\":\"https:\/\/www.in-magazines.com\/magazine\/sommaire\/inmagazine-41\/mobilites-retrofit-vgrf-et-rev-sassocient-pour-le-retrofit-des-marques-du-groupe-vw\/#webpage\"}}]},{\"@type\":\"Person\",\"@id\":\"https:\/\/www.in-magazines.com\/magazine\/#\/schema\/person\/c27e7dabb9a1ef380814bdd5636d07e3\",\"name\":\"backinmag\",\"image\":{\"@type\":\"ImageObject\",\"@id\":\"https:\/\/www.in-magazines.com\/magazine\/#personlogo\",\"inLanguage\":\"fr-FR\",\"url\":\"https:\/\/secure.gravatar.com\/avatar\/13a234bb19dc4fd04793d73c3472fbdb?s=96&d=mm&r=g\",\"contentUrl\":\"https:\/\/secure.gravatar.com\/avatar\/13a234bb19dc4fd04793d73c3472fbdb?s=96&d=mm&r=g\",\"caption\":\"backinmag\"},\"sameAs\":[\"http:\/\/www.in-magazines.com\/magazin\"]}]}<\/script>\n<!-- \/ Yoast SEO plugin. -->","_links":{"self":[{"href":"https:\/\/www.in-magazines.com\/magazine\/wp-json\/wp\/v2\/posts\/13911"}],"collection":[{"href":"https:\/\/www.in-magazines.com\/magazine\/wp-json\/wp\/v2\/posts"}],"about":[{"href":"https:\/\/www.in-magazines.com\/magazine\/wp-json\/wp\/v2\/types\/post"}],"author":[{"embeddable":true,"href":"https:\/\/www.in-magazines.com\/magazine\/wp-json\/wp\/v2\/users\/1"}],"replies":[{"embeddable":true,"href":"https:\/\/www.in-magazines.com\/magazine\/wp-json\/wp\/v2\/comments?post=13911"}],"version-history":[{"count":2,"href":"https:\/\/www.in-magazines.com\/magazine\/wp-json\/wp\/v2\/posts\/13911\/revisions"}],"predecessor-version":[{"id":13914,"href":"https:\/\/www.in-magazines.com\/magazine\/wp-json\/wp\/v2\/posts\/13911\/revisions\/13914"}],"wp:featuredmedia":[{"embeddable":true,"href":"https:\/\/www.in-magazines.com\/magazine\/wp-json\/wp\/v2\/media\/13912"}],"wp:attachment":[{"href":"https:\/\/www.in-magazines.com\/magazine\/wp-json\/wp\/v2\/media?parent=13911"}],"wp:term":[{"taxonomy":"category","embeddable":true,"href":"https:\/\/www.in-magazines.com\/magazine\/wp-json\/wp\/v2\/categories?post=13911"},{"taxonomy":"post_tag","embeddable":true,"href":"https:\/\/www.in-magazines.com\/magazine\/wp-json\/wp\/v2\/tags?post=13911"}],"curies":[{"name":"wp","href":"https:\/\/api.w.org\/{rel}","templated":true}]}}