

{"id":13923,"date":"2025-06-16T06:52:00","date_gmt":"2025-06-16T06:52:00","guid":{"rendered":"https:\/\/www.in-magazines.com\/magazine\/?p=13923"},"modified":"2025-06-12T05:43:17","modified_gmt":"2025-06-12T05:43:17","slug":"paris-nice-une-offre-renforcee-des-2026","status":"publish","type":"post","link":"https:\/\/www.in-magazines.com\/magazine\/sommaire\/inmagazine-41\/paris-nice-une-offre-renforcee-des-2026\/","title":{"rendered":"PARIS-NICE : une offre renforc\u00e9e d\u00e8s 2026"},"content":{"rendered":"\n<p>Transavia France \u00e9tendra son r\u00e9seau domestique \u00e0 compter du 29 mars 2026 en reliant Nice \u00e0 Paris-Orly, avec jusqu\u2019\u00e0 huit vols directs par jour. Cette annonce marque une \u00e9tape importante dans la strat\u00e9gie du groupe Air France-KLM, qui souhaite densifier son maillage national tout en r\u00e9pondant \u00e0 une demande croissante en liaisons rapides entre les deux m\u00e9tropoles. L\u2019offre compl\u00e8te ainsi celle d\u2019Air France depuis Paris-Charles de Gaulle, portant \u00e0 20 le nombre total de vols quotidiens sur cet axe strat\u00e9gique pendant la saison estivale.<br>Afin d\u2019optimiser le parcours des passagers, les vols Transavia partiront d\u2019Orly 2 et seront positionn\u00e9s au contact de la porte 2C. Cette organisation permettra un acc\u00e8s rapide aux comptoirs d\u2019enregistrement, \u00e0 la porte d\u2019embarquement et \u00e0 la ligne 14 du m\u00e9tro parisien, r\u00e9duisant consid\u00e9rablement le temps de transit vers le centre de Paris. La compagnie pr\u00e9voit aussi des am\u00e9liorations \u00e0 destination de la client\u00e8le business, notamment un salon d\u00e9di\u00e9 \u00e0 Orly d\u00e8s avril 2026 et une flexibilit\u00e9 accrue sur les billets.<\/p>\n\n\n<a href=\"#\" class=\"_3d-flip-book  fb3d-link-lightbox-mode\" data-id=\"13853\" data-mode=\"link-lightbox\" data-title=\"false\" data-template=\"short-white-book-view\" data-lightbox=\"dark\" data-urlparam=\"fb3d-page\" data-page-n=\"0\" data-pdf=\"\" data-tax=\"null\" data-thumbnail=\"\" data-cols=\"3\" data-query=\"\"><img decoding=\"async\" src=\"http:\/\/www.in-magazines.com\/magazine\/wp-content\/uploads\/2021\/05\/btn.jpg\"><\/a>\n","protected":false},"excerpt":{"rendered":"<p>Transavia France &eacute;tendra son r&eacute;seau domestique &agrave; compter du 29 mars 2026 en reliant Nice &agrave; Paris-Orly, avec jusqu&rsquo;&agrave; huit vols directs par jour. Cette annonce marque une &eacute;tape importante dans la strat&eacute;gie du groupe Air France-KLM, qui souhaite densifier son maillage national tout en r&eacute;pondant &agrave; une demande croissante en liaisons rapides entre les&hellip; <a class=\"more-link\" href=\"https:\/\/www.in-magazines.com\/magazine\/sommaire\/inmagazine-41\/paris-nice-une-offre-renforcee-des-2026\/\">Poursuivre la lecture <span class=\"screen-reader-text\">PARIS-NICE : une offre renforc\u00e9e d\u00e8s 2026<\/span><\/a><\/p>\n","protected":false},"author":1,"featured_media":13924,"comment_status":"open","ping_status":"open","sticky":false,"template":"","format":"standard","meta":{"footnotes":""},"categories":[2590,1694],"tags":[2596,2597],"yoast_head":"<!-- This site is optimized with the Yoast SEO plugin v16.2 - https:\/\/yoast.com\/wordpress\/plugins\/seo\/ -->\n<title>PARIS-NICE : une offre renforc\u00e9e d\u00e8s 2026 - In Magazines<\/title>\n<meta name=\"robots\" content=\"index, follow, max-snippet:-1, max-image-preview:large, max-video-preview:-1\" \/>\n<link rel=\"canonical\" href=\"https:\/\/www.in-magazines.com\/magazine\/sommaire\/inmagazine-41\/paris-nice-une-offre-renforcee-des-2026\/\" \/>\n<meta property=\"og:locale\" content=\"fr_FR\" \/>\n<meta property=\"og:type\" content=\"article\" \/>\n<meta property=\"og:title\" content=\"PARIS-NICE : une offre renforc\u00e9e d\u00e8s 2026 - In Magazines\" \/>\n<meta property=\"og:description\" content=\"Transavia France &eacute;tendra son r&eacute;seau domestique &agrave; compter du 29 mars 2026 en reliant Nice &agrave; Paris-Orly, avec jusqu&rsquo;&agrave; huit vols directs par jour. Cette annonce marque une &eacute;tape importante dans la strat&eacute;gie du groupe Air France-KLM, qui souhaite densifier son maillage national tout en r&eacute;pondant &agrave; une demande croissante en liaisons rapides entre les&hellip; Poursuivre la lecture PARIS-NICE : une offre renforc\u00e9e d\u00e8s 2026\" \/>\n<meta property=\"og:url\" content=\"https:\/\/www.in-magazines.com\/magazine\/sommaire\/inmagazine-41\/paris-nice-une-offre-renforcee-des-2026\/\" \/>\n<meta property=\"og:site_name\" content=\"In Magazines\" \/>\n<meta property=\"article:published_time\" content=\"2025-06-16T06:52:00+00:00\" \/>\n<meta property=\"article:modified_time\" content=\"2025-06-12T05:43:17+00:00\" \/>\n<meta property=\"og:image\" content=\"https:\/\/www.in-magazines.com\/magazine\/wp-content\/uploads\/2025\/06\/PARIS-NICE-une-offre-renforcee-des-2026.jpg\" \/>\n\t<meta property=\"og:image:width\" content=\"500\" \/>\n\t<meta property=\"og:image:height\" content=\"200\" \/>\n<meta name=\"twitter:label1\" content=\"Dur\u00e9e de lecture est.\">\n\t<meta name=\"twitter:data1\" content=\"1 minute\">\n<script type=\"application\/ld+json\" class=\"yoast-schema-graph\">{\"@context\":\"https:\/\/schema.org\",\"@graph\":[{\"@type\":\"WebSite\",\"@id\":\"https:\/\/www.in-magazines.com\/magazine\/#website\",\"url\":\"https:\/\/www.in-magazines.com\/magazine\/\",\"name\":\"In Magazines\",\"description\":\"\",\"potentialAction\":[{\"@type\":\"SearchAction\",\"target\":\"https:\/\/www.in-magazines.com\/magazine\/?s={search_term_string}\",\"query-input\":\"required name=search_term_string\"}],\"inLanguage\":\"fr-FR\"},{\"@type\":\"ImageObject\",\"@id\":\"https:\/\/www.in-magazines.com\/magazine\/sommaire\/inmagazine-41\/paris-nice-une-offre-renforcee-des-2026\/#primaryimage\",\"inLanguage\":\"fr-FR\",\"url\":\"https:\/\/www.in-magazines.com\/magazine\/wp-content\/uploads\/2025\/06\/PARIS-NICE-une-offre-renforcee-des-2026.jpg\",\"contentUrl\":\"https:\/\/www.in-magazines.com\/magazine\/wp-content\/uploads\/2025\/06\/PARIS-NICE-une-offre-renforcee-des-2026.jpg\",\"width\":500,\"height\":200},{\"@type\":\"WebPage\",\"@id\":\"https:\/\/www.in-magazines.com\/magazine\/sommaire\/inmagazine-41\/paris-nice-une-offre-renforcee-des-2026\/#webpage\",\"url\":\"https:\/\/www.in-magazines.com\/magazine\/sommaire\/inmagazine-41\/paris-nice-une-offre-renforcee-des-2026\/\",\"name\":\"PARIS-NICE : une offre renforc\\u00e9e d\\u00e8s 2026 - In Magazines\",\"isPartOf\":{\"@id\":\"https:\/\/www.in-magazines.com\/magazine\/#website\"},\"primaryImageOfPage\":{\"@id\":\"https:\/\/www.in-magazines.com\/magazine\/sommaire\/inmagazine-41\/paris-nice-une-offre-renforcee-des-2026\/#primaryimage\"},\"datePublished\":\"2025-06-16T06:52:00+00:00\",\"dateModified\":\"2025-06-12T05:43:17+00:00\",\"author\":{\"@id\":\"https:\/\/www.in-magazines.com\/magazine\/#\/schema\/person\/c27e7dabb9a1ef380814bdd5636d07e3\"},\"breadcrumb\":{\"@id\":\"https:\/\/www.in-magazines.com\/magazine\/sommaire\/inmagazine-41\/paris-nice-une-offre-renforcee-des-2026\/#breadcrumb\"},\"inLanguage\":\"fr-FR\",\"potentialAction\":[{\"@type\":\"ReadAction\",\"target\":[\"https:\/\/www.in-magazines.com\/magazine\/sommaire\/inmagazine-41\/paris-nice-une-offre-renforcee-des-2026\/\"]}]},{\"@type\":\"BreadcrumbList\",\"@id\":\"https:\/\/www.in-magazines.com\/magazine\/sommaire\/inmagazine-41\/paris-nice-une-offre-renforcee-des-2026\/#breadcrumb\",\"itemListElement\":[{\"@type\":\"ListItem\",\"position\":1,\"item\":{\"@id\":\"https:\/\/www.in-magazines.com\/magazine\/sommaire\/inmagazine-41\/paris-nice-une-offre-renforcee-des-2026\/#webpage\"}}]},{\"@type\":\"Person\",\"@id\":\"https:\/\/www.in-magazines.com\/magazine\/#\/schema\/person\/c27e7dabb9a1ef380814bdd5636d07e3\",\"name\":\"backinmag\",\"image\":{\"@type\":\"ImageObject\",\"@id\":\"https:\/\/www.in-magazines.com\/magazine\/#personlogo\",\"inLanguage\":\"fr-FR\",\"url\":\"https:\/\/secure.gravatar.com\/avatar\/13a234bb19dc4fd04793d73c3472fbdb?s=96&d=mm&r=g\",\"contentUrl\":\"https:\/\/secure.gravatar.com\/avatar\/13a234bb19dc4fd04793d73c3472fbdb?s=96&d=mm&r=g\",\"caption\":\"backinmag\"},\"sameAs\":[\"http:\/\/www.in-magazines.com\/magazin\"]}]}<\/script>\n<!-- \/ Yoast SEO plugin. -->","_links":{"self":[{"href":"https:\/\/www.in-magazines.com\/magazine\/wp-json\/wp\/v2\/posts\/13923"}],"collection":[{"href":"https:\/\/www.in-magazines.com\/magazine\/wp-json\/wp\/v2\/posts"}],"about":[{"href":"https:\/\/www.in-magazines.com\/magazine\/wp-json\/wp\/v2\/types\/post"}],"author":[{"embeddable":true,"href":"https:\/\/www.in-magazines.com\/magazine\/wp-json\/wp\/v2\/users\/1"}],"replies":[{"embeddable":true,"href":"https:\/\/www.in-magazines.com\/magazine\/wp-json\/wp\/v2\/comments?post=13923"}],"version-history":[{"count":2,"href":"https:\/\/www.in-magazines.com\/magazine\/wp-json\/wp\/v2\/posts\/13923\/revisions"}],"predecessor-version":[{"id":13926,"href":"https:\/\/www.in-magazines.com\/magazine\/wp-json\/wp\/v2\/posts\/13923\/revisions\/13926"}],"wp:featuredmedia":[{"embeddable":true,"href":"https:\/\/www.in-magazines.com\/magazine\/wp-json\/wp\/v2\/media\/13924"}],"wp:attachment":[{"href":"https:\/\/www.in-magazines.com\/magazine\/wp-json\/wp\/v2\/media?parent=13923"}],"wp:term":[{"taxonomy":"category","embeddable":true,"href":"https:\/\/www.in-magazines.com\/magazine\/wp-json\/wp\/v2\/categories?post=13923"},{"taxonomy":"post_tag","embeddable":true,"href":"https:\/\/www.in-magazines.com\/magazine\/wp-json\/wp\/v2\/tags?post=13923"}],"curies":[{"name":"wp","href":"https:\/\/api.w.org\/{rel}","templated":true}]}}