

{"id":13951,"date":"2025-06-16T06:48:00","date_gmt":"2025-06-16T06:48:00","guid":{"rendered":"https:\/\/www.in-magazines.com\/magazine\/?p=13951"},"modified":"2025-06-12T12:10:50","modified_gmt":"2025-06-12T12:10:50","slug":"nouvelle-mandature-pour-telecom-valley","status":"publish","type":"post","link":"https:\/\/www.in-magazines.com\/magazine\/sommaire\/inmagazine-41\/nouvelle-mandature-pour-telecom-valley\/","title":{"rendered":"NOUVELLE MANDATURE pour Telecom Valley"},"content":{"rendered":"\n<p>A l\u2019occasion du renouvellement de son conseil d\u2019administration et de son bureau ex\u00e9cutif, Telecom Valley a reconduit Teresa Colombi (de Ludotic) et Julien Holtzer (pour Xpert) en tant que co-pr\u00e9sidents.<\/p>\n\n\n\n<p>L\u2019association anime l\u2019\u00e9cosyst\u00e8me du Num\u00e9rique sur la C\u00f4te d\u2019Azur depuis plus de 30 ans. Elle rassemble plus de 150 adh\u00e9rents (startups, PME, grands groupes, acad\u00e9miques et institutionnels) qui travaillent \u00e0 travers des communaut\u00e9s th\u00e9matiques sur des projets pilot\u00e9s par des b\u00e9n\u00e9voles. A l\u2019occasion de l\u2019Assembl\u00e9e g\u00e9n\u00e9rale de l\u2019association, les co-pr\u00e9sidents ont mis en lumi\u00e8re les d\u00e9fis relev\u00e9s au cours des deux derni\u00e8res ann\u00e9es.<\/p>\n\n\n\n<p><strong>Renforcer son r\u00f4le d\u2019acteur incontournable du num\u00e9rique azur\u00e9en<\/strong><br>En 2023, Telecom Valley avait annonc\u00e9 un processus de renouveau afin de s\u2019adapter \u00e0 un monde en mutation. Gr\u00e2ce \u00e0 une approche bas\u00e9e sur les projets, l\u2019association a su renforcer son rayonnement national et asseoir son r\u00f4le d\u2019acteur incontournable du num\u00e9rique azur\u00e9en. Les \u00e9v\u00e9nements d\u2019envergure organis\u00e9s en 2024, rassemblant plusieurs communaut\u00e9s th\u00e9matiques (Open source, Data &amp; IA, UX\/CX, sobri\u00e9t\u00e9 num\u00e9rique, cybers\u00e9curit\u00e9, agilit\u00e9\u2026), ont d\u00e9montr\u00e9 la capacit\u00e9 de l\u2019association \u00e0 f\u00e9d\u00e9rer un \u00e9cosyst\u00e8me dynamique. Des initiatives qui ont permis de renforcer la position de Telecom Valley comme un interlocuteur pertinent et mobilis\u00e9 pour l\u2019\u00e9cosyst\u00e8me du num\u00e9rique. Plusieurs projets animeront cette nouvelle mandature, avec notamment le d\u00e9veloppement du b\u00e2timent Alpha de Sophia Antipolis, la participation \u00e0 des congr\u00e8s internationaux et la cr\u00e9ation de nouveaux Labs.<\/p>\n\n\n<a href=\"#\" class=\"_3d-flip-book  fb3d-link-lightbox-mode\" data-id=\"13857\" data-mode=\"link-lightbox\" data-title=\"false\" data-template=\"short-white-book-view\" data-lightbox=\"dark\" data-urlparam=\"fb3d-page\" data-page-n=\"0\" data-pdf=\"\" data-tax=\"null\" data-thumbnail=\"\" data-cols=\"3\" data-query=\"\"><img decoding=\"async\" src=\"http:\/\/www.in-magazines.com\/magazine\/wp-content\/uploads\/2021\/05\/btn.jpg\"><\/a>\n","protected":false},"excerpt":{"rendered":"<p>A l&rsquo;occasion du renouvellement de son conseil d&rsquo;administration et de son bureau ex&eacute;cutif, Telecom Valley a reconduit Teresa Colombi (de Ludotic) et Julien Holtzer (pour Xpert) en tant que co-pr&eacute;sidents. L&rsquo;association anime l&rsquo;&eacute;cosyst&egrave;me du Num&eacute;rique sur la C&ocirc;te d&rsquo;Azur depuis plus de 30 ans. Elle rassemble plus de 150 adh&eacute;rents (startups, PME, grands groupes, acad&eacute;miques&hellip; <a class=\"more-link\" href=\"https:\/\/www.in-magazines.com\/magazine\/sommaire\/inmagazine-41\/nouvelle-mandature-pour-telecom-valley\/\">Poursuivre la lecture <span class=\"screen-reader-text\">NOUVELLE MANDATURE pour Telecom Valley<\/span><\/a><\/p>\n","protected":false},"author":1,"featured_media":13952,"comment_status":"open","ping_status":"open","sticky":false,"template":"","format":"standard","meta":{"footnotes":""},"categories":[8,2590,1694],"tags":[70,645],"yoast_head":"<!-- This site is optimized with the Yoast SEO plugin v16.2 - https:\/\/yoast.com\/wordpress\/plugins\/seo\/ -->\n<title>NOUVELLE MANDATURE pour Telecom Valley - In Magazines<\/title>\n<meta name=\"robots\" content=\"index, follow, max-snippet:-1, max-image-preview:large, max-video-preview:-1\" \/>\n<link rel=\"canonical\" href=\"https:\/\/www.in-magazines.com\/magazine\/sommaire\/inmagazine-41\/nouvelle-mandature-pour-telecom-valley\/\" \/>\n<meta property=\"og:locale\" content=\"fr_FR\" \/>\n<meta property=\"og:type\" content=\"article\" \/>\n<meta property=\"og:title\" content=\"NOUVELLE MANDATURE pour Telecom Valley - In Magazines\" \/>\n<meta property=\"og:description\" content=\"A l&rsquo;occasion du renouvellement de son conseil d&rsquo;administration et de son bureau ex&eacute;cutif, Telecom Valley a reconduit Teresa Colombi (de Ludotic) et Julien Holtzer (pour Xpert) en tant que co-pr&eacute;sidents. L&rsquo;association anime l&rsquo;&eacute;cosyst&egrave;me du Num&eacute;rique sur la C&ocirc;te d&rsquo;Azur depuis plus de 30 ans. Elle rassemble plus de 150 adh&eacute;rents (startups, PME, grands groupes, acad&eacute;miques&hellip; Poursuivre la lecture NOUVELLE MANDATURE pour Telecom Valley\" \/>\n<meta property=\"og:url\" content=\"https:\/\/www.in-magazines.com\/magazine\/sommaire\/inmagazine-41\/nouvelle-mandature-pour-telecom-valley\/\" \/>\n<meta property=\"og:site_name\" content=\"In Magazines\" \/>\n<meta property=\"article:published_time\" content=\"2025-06-16T06:48:00+00:00\" \/>\n<meta property=\"article:modified_time\" content=\"2025-06-12T12:10:50+00:00\" \/>\n<meta property=\"og:image\" content=\"https:\/\/www.in-magazines.com\/magazine\/wp-content\/uploads\/2025\/06\/NOUVELLE-MANDATURE-pour-Telecom-Valley.jpg\" \/>\n\t<meta property=\"og:image:width\" content=\"500\" \/>\n\t<meta property=\"og:image:height\" content=\"343\" \/>\n<meta name=\"twitter:label1\" content=\"Dur\u00e9e de lecture est.\">\n\t<meta name=\"twitter:data1\" content=\"2 minutes\">\n<script type=\"application\/ld+json\" class=\"yoast-schema-graph\">{\"@context\":\"https:\/\/schema.org\",\"@graph\":[{\"@type\":\"WebSite\",\"@id\":\"https:\/\/www.in-magazines.com\/magazine\/#website\",\"url\":\"https:\/\/www.in-magazines.com\/magazine\/\",\"name\":\"In Magazines\",\"description\":\"\",\"potentialAction\":[{\"@type\":\"SearchAction\",\"target\":\"https:\/\/www.in-magazines.com\/magazine\/?s={search_term_string}\",\"query-input\":\"required name=search_term_string\"}],\"inLanguage\":\"fr-FR\"},{\"@type\":\"ImageObject\",\"@id\":\"https:\/\/www.in-magazines.com\/magazine\/sommaire\/inmagazine-41\/nouvelle-mandature-pour-telecom-valley\/#primaryimage\",\"inLanguage\":\"fr-FR\",\"url\":\"https:\/\/www.in-magazines.com\/magazine\/wp-content\/uploads\/2025\/06\/NOUVELLE-MANDATURE-pour-Telecom-Valley.jpg\",\"contentUrl\":\"https:\/\/www.in-magazines.com\/magazine\/wp-content\/uploads\/2025\/06\/NOUVELLE-MANDATURE-pour-Telecom-Valley.jpg\",\"width\":500,\"height\":343},{\"@type\":\"WebPage\",\"@id\":\"https:\/\/www.in-magazines.com\/magazine\/sommaire\/inmagazine-41\/nouvelle-mandature-pour-telecom-valley\/#webpage\",\"url\":\"https:\/\/www.in-magazines.com\/magazine\/sommaire\/inmagazine-41\/nouvelle-mandature-pour-telecom-valley\/\",\"name\":\"NOUVELLE MANDATURE pour Telecom Valley - In Magazines\",\"isPartOf\":{\"@id\":\"https:\/\/www.in-magazines.com\/magazine\/#website\"},\"primaryImageOfPage\":{\"@id\":\"https:\/\/www.in-magazines.com\/magazine\/sommaire\/inmagazine-41\/nouvelle-mandature-pour-telecom-valley\/#primaryimage\"},\"datePublished\":\"2025-06-16T06:48:00+00:00\",\"dateModified\":\"2025-06-12T12:10:50+00:00\",\"author\":{\"@id\":\"https:\/\/www.in-magazines.com\/magazine\/#\/schema\/person\/c27e7dabb9a1ef380814bdd5636d07e3\"},\"breadcrumb\":{\"@id\":\"https:\/\/www.in-magazines.com\/magazine\/sommaire\/inmagazine-41\/nouvelle-mandature-pour-telecom-valley\/#breadcrumb\"},\"inLanguage\":\"fr-FR\",\"potentialAction\":[{\"@type\":\"ReadAction\",\"target\":[\"https:\/\/www.in-magazines.com\/magazine\/sommaire\/inmagazine-41\/nouvelle-mandature-pour-telecom-valley\/\"]}]},{\"@type\":\"BreadcrumbList\",\"@id\":\"https:\/\/www.in-magazines.com\/magazine\/sommaire\/inmagazine-41\/nouvelle-mandature-pour-telecom-valley\/#breadcrumb\",\"itemListElement\":[{\"@type\":\"ListItem\",\"position\":1,\"item\":{\"@id\":\"https:\/\/www.in-magazines.com\/magazine\/sommaire\/inmagazine-41\/nouvelle-mandature-pour-telecom-valley\/#webpage\"}}]},{\"@type\":\"Person\",\"@id\":\"https:\/\/www.in-magazines.com\/magazine\/#\/schema\/person\/c27e7dabb9a1ef380814bdd5636d07e3\",\"name\":\"backinmag\",\"image\":{\"@type\":\"ImageObject\",\"@id\":\"https:\/\/www.in-magazines.com\/magazine\/#personlogo\",\"inLanguage\":\"fr-FR\",\"url\":\"https:\/\/secure.gravatar.com\/avatar\/13a234bb19dc4fd04793d73c3472fbdb?s=96&d=mm&r=g\",\"contentUrl\":\"https:\/\/secure.gravatar.com\/avatar\/13a234bb19dc4fd04793d73c3472fbdb?s=96&d=mm&r=g\",\"caption\":\"backinmag\"},\"sameAs\":[\"http:\/\/www.in-magazines.com\/magazin\"]}]}<\/script>\n<!-- \/ Yoast SEO plugin. -->","_links":{"self":[{"href":"https:\/\/www.in-magazines.com\/magazine\/wp-json\/wp\/v2\/posts\/13951"}],"collection":[{"href":"https:\/\/www.in-magazines.com\/magazine\/wp-json\/wp\/v2\/posts"}],"about":[{"href":"https:\/\/www.in-magazines.com\/magazine\/wp-json\/wp\/v2\/types\/post"}],"author":[{"embeddable":true,"href":"https:\/\/www.in-magazines.com\/magazine\/wp-json\/wp\/v2\/users\/1"}],"replies":[{"embeddable":true,"href":"https:\/\/www.in-magazines.com\/magazine\/wp-json\/wp\/v2\/comments?post=13951"}],"version-history":[{"count":6,"href":"https:\/\/www.in-magazines.com\/magazine\/wp-json\/wp\/v2\/posts\/13951\/revisions"}],"predecessor-version":[{"id":14176,"href":"https:\/\/www.in-magazines.com\/magazine\/wp-json\/wp\/v2\/posts\/13951\/revisions\/14176"}],"wp:featuredmedia":[{"embeddable":true,"href":"https:\/\/www.in-magazines.com\/magazine\/wp-json\/wp\/v2\/media\/13952"}],"wp:attachment":[{"href":"https:\/\/www.in-magazines.com\/magazine\/wp-json\/wp\/v2\/media?parent=13951"}],"wp:term":[{"taxonomy":"category","embeddable":true,"href":"https:\/\/www.in-magazines.com\/magazine\/wp-json\/wp\/v2\/categories?post=13951"},{"taxonomy":"post_tag","embeddable":true,"href":"https:\/\/www.in-magazines.com\/magazine\/wp-json\/wp\/v2\/tags?post=13951"}],"curies":[{"name":"wp","href":"https:\/\/api.w.org\/{rel}","templated":true}]}}