

{"id":13957,"date":"2025-06-16T06:47:00","date_gmt":"2025-06-16T06:47:00","guid":{"rendered":"https:\/\/www.in-magazines.com\/magazine\/?p=13957"},"modified":"2025-06-12T12:11:46","modified_gmt":"2025-06-12T12:11:46","slug":"2e-hackathon-au-talent-in-tech","status":"publish","type":"post","link":"https:\/\/www.in-magazines.com\/magazine\/sommaire\/inmagazine-41\/2e-hackathon-au-talent-in-tech\/","title":{"rendered":"2\u00e8 HACKATHON au Talent In Tech"},"content":{"rendered":"\n<p>Les enjeux li\u00e9s au recrutement et \u00e0 l\u2019attractivit\u00e9 des talents dans les m\u00e9tiers de la tech et du num\u00e9rique sont primordiaux pour le territoire. Pour y r\u00e9pondre, la CCI Nice C\u00f4te d\u2019Azur organise la 4\u00e8me \u00e9dition du salon, en novembre prochain \u00e0 l\u2019Azur Arena d\u2019Antibes. Dans ce cadre, pour sa deuxi\u00e8me \u00e9dition, se tiendra le Hackathon Top Tech. Votre entreprise peut candidater et devenir m\u00e9c\u00e8ne.<\/p>\n\n\n\n<p>Le salon Talent in Tech se veut le lieu de rencontre de tous les acteurs des m\u00e9tiers du num\u00e9rique, au local comme au national. L\u2019\u00e9v\u00e9nement entend g\u00e9n\u00e9rer des opportunit\u00e9s de rencontres entre recruteurs, formateurs, actifs, \u00e9tudiants, et demandeurs d\u2019emploi dans le secteur du num\u00e9rique. L\u2019objectif est triple. Tout d\u2019abord proposer une solution de recrutement aux entreprises de la fili\u00e8re num\u00e9rique de la C\u00f4te d\u2019Azur, avec pour cible les talents locaux mais \u00e9galement hors R\u00e9gion Sud. Ensuite, faire connaitre aux actifs et aux jeunes les m\u00e9tiers du num\u00e9rique, les entreprises qui recrutent, les formations de ce secteur et les innovations technologiques. Et enfin, pr\u00e9senter les tendances des m\u00e9tiers de la tech et du num\u00e9rique et les nouvelles comp\u00e9tences \u00e0 d\u00e9velopper. Ce deuxi\u00e8me Hackathon de Talent In Tech marquera le retour des \u00e9tudiants surmotiv\u00e9s issus du num\u00e9rique : 24 heures non-stop de challenge pour travailler en mode projet au d\u00e9veloppement d\u2019une solution innovante pour toute entreprise m\u00e9c\u00e8ne. Si vous avez une probl\u00e9matique technique concr\u00e8te (claire et exploitable par des \u00e9tudiants d\u00e9veloppeurs), vous pouvez candidater jusqu\u2019au 27 juin pour devenir entreprise m\u00e9c\u00e8ne.<\/p>\n\n\n<a href=\"#\" class=\"_3d-flip-book  fb3d-link-lightbox-mode\" data-id=\"13858\" data-mode=\"link-lightbox\" data-title=\"false\" data-template=\"short-white-book-view\" data-lightbox=\"dark\" data-urlparam=\"fb3d-page\" data-page-n=\"0\" data-pdf=\"\" data-tax=\"null\" data-thumbnail=\"\" data-cols=\"3\" data-query=\"\"><img decoding=\"async\" src=\"http:\/\/www.in-magazines.com\/magazine\/wp-content\/uploads\/2021\/05\/btn.jpg\"><\/a>\n","protected":false},"excerpt":{"rendered":"<p>Les enjeux li&eacute;s au recrutement et &agrave; l&rsquo;attractivit&eacute; des talents dans les m&eacute;tiers de la tech et du num&eacute;rique sont primordiaux pour le territoire. Pour y r&eacute;pondre, la CCI Nice C&ocirc;te d&rsquo;Azur organise la 4&egrave;me &eacute;dition du salon, en novembre prochain &agrave; l&rsquo;Azur Arena d&rsquo;Antibes. Dans ce cadre, pour sa deuxi&egrave;me &eacute;dition, se tiendra le&hellip; <a class=\"more-link\" href=\"https:\/\/www.in-magazines.com\/magazine\/sommaire\/inmagazine-41\/2e-hackathon-au-talent-in-tech\/\">Poursuivre la lecture <span class=\"screen-reader-text\">2\u00e8 HACKATHON au Talent In Tech<\/span><\/a><\/p>\n","protected":false},"author":1,"featured_media":13958,"comment_status":"open","ping_status":"open","sticky":false,"template":"","format":"standard","meta":{"footnotes":""},"categories":[8,2590,1694],"tags":[70,2602],"yoast_head":"<!-- This site is optimized with the Yoast SEO plugin v16.2 - https:\/\/yoast.com\/wordpress\/plugins\/seo\/ -->\n<title>2\u00e8 HACKATHON au Talent In Tech - In Magazines<\/title>\n<meta name=\"robots\" content=\"index, follow, max-snippet:-1, max-image-preview:large, max-video-preview:-1\" \/>\n<link rel=\"canonical\" href=\"https:\/\/www.in-magazines.com\/magazine\/sommaire\/inmagazine-41\/2e-hackathon-au-talent-in-tech\/\" \/>\n<meta property=\"og:locale\" content=\"fr_FR\" \/>\n<meta property=\"og:type\" content=\"article\" \/>\n<meta property=\"og:title\" content=\"2\u00e8 HACKATHON au Talent In Tech - In Magazines\" \/>\n<meta property=\"og:description\" content=\"Les enjeux li&eacute;s au recrutement et &agrave; l&rsquo;attractivit&eacute; des talents dans les m&eacute;tiers de la tech et du num&eacute;rique sont primordiaux pour le territoire. Pour y r&eacute;pondre, la CCI Nice C&ocirc;te d&rsquo;Azur organise la 4&egrave;me &eacute;dition du salon, en novembre prochain &agrave; l&rsquo;Azur Arena d&rsquo;Antibes. Dans ce cadre, pour sa deuxi&egrave;me &eacute;dition, se tiendra le&hellip; Poursuivre la lecture 2\u00e8 HACKATHON au Talent In Tech\" \/>\n<meta property=\"og:url\" content=\"https:\/\/www.in-magazines.com\/magazine\/sommaire\/inmagazine-41\/2e-hackathon-au-talent-in-tech\/\" \/>\n<meta property=\"og:site_name\" content=\"In Magazines\" \/>\n<meta property=\"article:published_time\" content=\"2025-06-16T06:47:00+00:00\" \/>\n<meta property=\"article:modified_time\" content=\"2025-06-12T12:11:46+00:00\" \/>\n<meta property=\"og:image\" content=\"https:\/\/www.in-magazines.com\/magazine\/wp-content\/uploads\/2025\/06\/2e-HACKATHON-au-Talent-In-Tech.jpg\" \/>\n\t<meta property=\"og:image:width\" content=\"500\" \/>\n\t<meta property=\"og:image:height\" content=\"264\" \/>\n<meta name=\"twitter:label1\" content=\"Dur\u00e9e de lecture est.\">\n\t<meta name=\"twitter:data1\" content=\"2 minutes\">\n<script type=\"application\/ld+json\" class=\"yoast-schema-graph\">{\"@context\":\"https:\/\/schema.org\",\"@graph\":[{\"@type\":\"WebSite\",\"@id\":\"https:\/\/www.in-magazines.com\/magazine\/#website\",\"url\":\"https:\/\/www.in-magazines.com\/magazine\/\",\"name\":\"In Magazines\",\"description\":\"\",\"potentialAction\":[{\"@type\":\"SearchAction\",\"target\":\"https:\/\/www.in-magazines.com\/magazine\/?s={search_term_string}\",\"query-input\":\"required name=search_term_string\"}],\"inLanguage\":\"fr-FR\"},{\"@type\":\"ImageObject\",\"@id\":\"https:\/\/www.in-magazines.com\/magazine\/sommaire\/inmagazine-41\/2e-hackathon-au-talent-in-tech\/#primaryimage\",\"inLanguage\":\"fr-FR\",\"url\":\"https:\/\/www.in-magazines.com\/magazine\/wp-content\/uploads\/2025\/06\/2e-HACKATHON-au-Talent-In-Tech.jpg\",\"contentUrl\":\"https:\/\/www.in-magazines.com\/magazine\/wp-content\/uploads\/2025\/06\/2e-HACKATHON-au-Talent-In-Tech.jpg\",\"width\":500,\"height\":264},{\"@type\":\"WebPage\",\"@id\":\"https:\/\/www.in-magazines.com\/magazine\/sommaire\/inmagazine-41\/2e-hackathon-au-talent-in-tech\/#webpage\",\"url\":\"https:\/\/www.in-magazines.com\/magazine\/sommaire\/inmagazine-41\/2e-hackathon-au-talent-in-tech\/\",\"name\":\"2\\u00e8 HACKATHON au Talent In Tech - In Magazines\",\"isPartOf\":{\"@id\":\"https:\/\/www.in-magazines.com\/magazine\/#website\"},\"primaryImageOfPage\":{\"@id\":\"https:\/\/www.in-magazines.com\/magazine\/sommaire\/inmagazine-41\/2e-hackathon-au-talent-in-tech\/#primaryimage\"},\"datePublished\":\"2025-06-16T06:47:00+00:00\",\"dateModified\":\"2025-06-12T12:11:46+00:00\",\"author\":{\"@id\":\"https:\/\/www.in-magazines.com\/magazine\/#\/schema\/person\/c27e7dabb9a1ef380814bdd5636d07e3\"},\"breadcrumb\":{\"@id\":\"https:\/\/www.in-magazines.com\/magazine\/sommaire\/inmagazine-41\/2e-hackathon-au-talent-in-tech\/#breadcrumb\"},\"inLanguage\":\"fr-FR\",\"potentialAction\":[{\"@type\":\"ReadAction\",\"target\":[\"https:\/\/www.in-magazines.com\/magazine\/sommaire\/inmagazine-41\/2e-hackathon-au-talent-in-tech\/\"]}]},{\"@type\":\"BreadcrumbList\",\"@id\":\"https:\/\/www.in-magazines.com\/magazine\/sommaire\/inmagazine-41\/2e-hackathon-au-talent-in-tech\/#breadcrumb\",\"itemListElement\":[{\"@type\":\"ListItem\",\"position\":1,\"item\":{\"@id\":\"https:\/\/www.in-magazines.com\/magazine\/sommaire\/inmagazine-41\/2e-hackathon-au-talent-in-tech\/#webpage\"}}]},{\"@type\":\"Person\",\"@id\":\"https:\/\/www.in-magazines.com\/magazine\/#\/schema\/person\/c27e7dabb9a1ef380814bdd5636d07e3\",\"name\":\"backinmag\",\"image\":{\"@type\":\"ImageObject\",\"@id\":\"https:\/\/www.in-magazines.com\/magazine\/#personlogo\",\"inLanguage\":\"fr-FR\",\"url\":\"https:\/\/secure.gravatar.com\/avatar\/13a234bb19dc4fd04793d73c3472fbdb?s=96&d=mm&r=g\",\"contentUrl\":\"https:\/\/secure.gravatar.com\/avatar\/13a234bb19dc4fd04793d73c3472fbdb?s=96&d=mm&r=g\",\"caption\":\"backinmag\"},\"sameAs\":[\"http:\/\/www.in-magazines.com\/magazin\"]}]}<\/script>\n<!-- \/ Yoast SEO plugin. -->","_links":{"self":[{"href":"https:\/\/www.in-magazines.com\/magazine\/wp-json\/wp\/v2\/posts\/13957"}],"collection":[{"href":"https:\/\/www.in-magazines.com\/magazine\/wp-json\/wp\/v2\/posts"}],"about":[{"href":"https:\/\/www.in-magazines.com\/magazine\/wp-json\/wp\/v2\/types\/post"}],"author":[{"embeddable":true,"href":"https:\/\/www.in-magazines.com\/magazine\/wp-json\/wp\/v2\/users\/1"}],"replies":[{"embeddable":true,"href":"https:\/\/www.in-magazines.com\/magazine\/wp-json\/wp\/v2\/comments?post=13957"}],"version-history":[{"count":3,"href":"https:\/\/www.in-magazines.com\/magazine\/wp-json\/wp\/v2\/posts\/13957\/revisions"}],"predecessor-version":[{"id":14177,"href":"https:\/\/www.in-magazines.com\/magazine\/wp-json\/wp\/v2\/posts\/13957\/revisions\/14177"}],"wp:featuredmedia":[{"embeddable":true,"href":"https:\/\/www.in-magazines.com\/magazine\/wp-json\/wp\/v2\/media\/13958"}],"wp:attachment":[{"href":"https:\/\/www.in-magazines.com\/magazine\/wp-json\/wp\/v2\/media?parent=13957"}],"wp:term":[{"taxonomy":"category","embeddable":true,"href":"https:\/\/www.in-magazines.com\/magazine\/wp-json\/wp\/v2\/categories?post=13957"},{"taxonomy":"post_tag","embeddable":true,"href":"https:\/\/www.in-magazines.com\/magazine\/wp-json\/wp\/v2\/tags?post=13957"}],"curies":[{"name":"wp","href":"https:\/\/api.w.org\/{rel}","templated":true}]}}