

{"id":13991,"date":"2025-06-16T06:41:00","date_gmt":"2025-06-16T06:41:00","guid":{"rendered":"https:\/\/www.in-magazines.com\/magazine\/?p=13991"},"modified":"2025-06-12T12:18:15","modified_gmt":"2025-06-12T12:18:15","slug":"viaveho-a-la-manoeuvre-le-tandem-de-choc","status":"publish","type":"post","link":"https:\/\/www.in-magazines.com\/magazine\/sommaire\/inmagazine-41\/viaveho-a-la-manoeuvre-le-tandem-de-choc\/","title":{"rendered":"VIAVEHO : A la manoeuvre, LE TANDEM DE CHOC"},"content":{"rendered":"\n<p>Professionnel du transport de personnes en BtoB, Viaveho monte en puissance. Second\u00e9 par Agap\u00ea Cambier qui fait ses armes commerciales dans le monde de la mobilit\u00e9 corporate, Matthieu Tran assure la direction commerciale de cet expert du Business Travel qu&rsquo;il a cofond\u00e9 avec Nicolas N&rsquo;Diaye, Pr\u00e9sident du groupe qui compte 5 entit\u00e9s d\u00e9di\u00e9es aux services aux entreprises. Genre, origines culturelles, g\u00e9ographiques et \u00e2ges diff\u00e9rents : un duo mixte \u00e0 plusieurs \u00e9gards et surtout un combo gagnant pour Viaveho, qui voit l\u00e0 son business se d\u00e9velopper \u00e0 vitesse grand V.<\/p>\n\n\n\n<p><strong>Comment se porte l\u2019entreprise ?<\/strong><br><strong><em>Matthieu Tran<\/em><\/strong> : Viaveho acc\u00e9l\u00e8re ! Nous avons eu un gros travail de mise en place, de prospection, depuis le lancement de la soci\u00e9t\u00e9 en mars 2024, date qui correspond \u00e9galement \u00e0 l\u2019arriv\u00e9e d\u2019Agap\u00ea au sein de l\u2019entreprise.<\/p>\n\n\n\n<p><strong>Quelles ont \u00e9t\u00e9 vos premi\u00e8res satisfactions ?<\/strong><br><strong><em>Matthieu<\/em><\/strong> : lorsque certains partenaires avec qui je travaillais dans mes pr\u00e9c\u00e9dentes affectations, nous ont renouvel\u00e9 leur confiance. Cr\u00e9er une entreprise de transport de personnes, dans le BtoB et le MICE doit correspondre \u00e0 une certaine image, celle que vous avez envie de lui donner. Cette image se traduit par la qualit\u00e9 de service que l\u2019on propose et surtout par notre valeur ajout\u00e9e : notre r\u00e9activit\u00e9, notre compr\u00e9hension des besoins du client, notre capacit\u00e9 \u00e0 nous adapter \u00e0 ces besoins qui sont tr\u00e8s personnalis\u00e9s ainsi que notre enti\u00e8re disponibilit\u00e9. Les clients que nous avons pu recontacter pour leur pr\u00e9senter cette soci\u00e9t\u00e9, cette nouvelle \u00e9quipe ont \u00e9t\u00e9 sensibles \u00e0 notre approche, ce qui constitue une premi\u00e8re satisfaction.<\/p>\n\n\n<a href=\"#\" class=\"_3d-flip-book  fb3d-link-lightbox-mode\" data-id=\"13864\" data-mode=\"link-lightbox\" data-title=\"false\" data-template=\"short-white-book-view\" data-lightbox=\"dark\" data-urlparam=\"fb3d-page\" data-page-n=\"0\" data-pdf=\"\" data-tax=\"null\" data-thumbnail=\"\" data-cols=\"3\" data-query=\"\"><img decoding=\"async\" src=\"http:\/\/www.in-magazines.com\/magazine\/wp-content\/uploads\/2021\/05\/btn.jpg\"><\/a>\n","protected":false},"excerpt":{"rendered":"<p>Professionnel du transport de personnes en BtoB, Viaveho monte en puissance. Second&eacute; par Agap&ecirc; Cambier qui fait ses armes commerciales dans le monde de la mobilit&eacute; corporate, Matthieu Tran assure la direction commerciale de cet expert du Business Travel qu&rsquo;il a cofond&eacute; avec Nicolas N&rsquo;Diaye, Pr&eacute;sident du groupe qui compte 5 entit&eacute;s d&eacute;di&eacute;es aux services&hellip; <a class=\"more-link\" href=\"https:\/\/www.in-magazines.com\/magazine\/sommaire\/inmagazine-41\/viaveho-a-la-manoeuvre-le-tandem-de-choc\/\">Poursuivre la lecture <span class=\"screen-reader-text\">VIAVEHO : A la manoeuvre, LE TANDEM DE CHOC<\/span><\/a><\/p>\n","protected":false},"author":1,"featured_media":13992,"comment_status":"open","ping_status":"open","sticky":false,"template":"","format":"standard","meta":{"footnotes":""},"categories":[8,2590,1694],"tags":[2319,2614],"yoast_head":"<!-- This site is optimized with the Yoast SEO plugin v16.2 - https:\/\/yoast.com\/wordpress\/plugins\/seo\/ -->\n<title>VIAVEHO : A la manoeuvre, LE TANDEM DE CHOC - In Magazines<\/title>\n<meta name=\"robots\" content=\"index, follow, max-snippet:-1, max-image-preview:large, max-video-preview:-1\" \/>\n<link rel=\"canonical\" href=\"https:\/\/www.in-magazines.com\/magazine\/sommaire\/inmagazine-41\/viaveho-a-la-manoeuvre-le-tandem-de-choc\/\" \/>\n<meta property=\"og:locale\" content=\"fr_FR\" \/>\n<meta property=\"og:type\" content=\"article\" \/>\n<meta property=\"og:title\" content=\"VIAVEHO : A la manoeuvre, LE TANDEM DE CHOC - In Magazines\" \/>\n<meta property=\"og:description\" content=\"Professionnel du transport de personnes en BtoB, Viaveho monte en puissance. Second&eacute; par Agap&ecirc; Cambier qui fait ses armes commerciales dans le monde de la mobilit&eacute; corporate, Matthieu Tran assure la direction commerciale de cet expert du Business Travel qu&rsquo;il a cofond&eacute; avec Nicolas N&rsquo;Diaye, Pr&eacute;sident du groupe qui compte 5 entit&eacute;s d&eacute;di&eacute;es aux services&hellip; Poursuivre la lecture VIAVEHO : A la manoeuvre, LE TANDEM DE CHOC\" \/>\n<meta property=\"og:url\" content=\"https:\/\/www.in-magazines.com\/magazine\/sommaire\/inmagazine-41\/viaveho-a-la-manoeuvre-le-tandem-de-choc\/\" \/>\n<meta property=\"og:site_name\" content=\"In Magazines\" \/>\n<meta property=\"article:published_time\" content=\"2025-06-16T06:41:00+00:00\" \/>\n<meta property=\"article:modified_time\" content=\"2025-06-12T12:18:15+00:00\" \/>\n<meta property=\"og:image\" content=\"https:\/\/www.in-magazines.com\/magazine\/wp-content\/uploads\/2025\/06\/VIAVEHO-A-la-manoeuvre-LE-TANDEM-DE-CHOC.jpg\" \/>\n\t<meta property=\"og:image:width\" content=\"500\" \/>\n\t<meta property=\"og:image:height\" content=\"500\" \/>\n<meta name=\"twitter:label1\" content=\"Dur\u00e9e de lecture est.\">\n\t<meta name=\"twitter:data1\" content=\"2 minutes\">\n<script type=\"application\/ld+json\" class=\"yoast-schema-graph\">{\"@context\":\"https:\/\/schema.org\",\"@graph\":[{\"@type\":\"WebSite\",\"@id\":\"https:\/\/www.in-magazines.com\/magazine\/#website\",\"url\":\"https:\/\/www.in-magazines.com\/magazine\/\",\"name\":\"In Magazines\",\"description\":\"\",\"potentialAction\":[{\"@type\":\"SearchAction\",\"target\":\"https:\/\/www.in-magazines.com\/magazine\/?s={search_term_string}\",\"query-input\":\"required name=search_term_string\"}],\"inLanguage\":\"fr-FR\"},{\"@type\":\"ImageObject\",\"@id\":\"https:\/\/www.in-magazines.com\/magazine\/sommaire\/inmagazine-41\/viaveho-a-la-manoeuvre-le-tandem-de-choc\/#primaryimage\",\"inLanguage\":\"fr-FR\",\"url\":\"https:\/\/www.in-magazines.com\/magazine\/wp-content\/uploads\/2025\/06\/VIAVEHO-A-la-manoeuvre-LE-TANDEM-DE-CHOC.jpg\",\"contentUrl\":\"https:\/\/www.in-magazines.com\/magazine\/wp-content\/uploads\/2025\/06\/VIAVEHO-A-la-manoeuvre-LE-TANDEM-DE-CHOC.jpg\",\"width\":500,\"height\":500},{\"@type\":\"WebPage\",\"@id\":\"https:\/\/www.in-magazines.com\/magazine\/sommaire\/inmagazine-41\/viaveho-a-la-manoeuvre-le-tandem-de-choc\/#webpage\",\"url\":\"https:\/\/www.in-magazines.com\/magazine\/sommaire\/inmagazine-41\/viaveho-a-la-manoeuvre-le-tandem-de-choc\/\",\"name\":\"VIAVEHO : A la manoeuvre, LE TANDEM DE CHOC - In Magazines\",\"isPartOf\":{\"@id\":\"https:\/\/www.in-magazines.com\/magazine\/#website\"},\"primaryImageOfPage\":{\"@id\":\"https:\/\/www.in-magazines.com\/magazine\/sommaire\/inmagazine-41\/viaveho-a-la-manoeuvre-le-tandem-de-choc\/#primaryimage\"},\"datePublished\":\"2025-06-16T06:41:00+00:00\",\"dateModified\":\"2025-06-12T12:18:15+00:00\",\"author\":{\"@id\":\"https:\/\/www.in-magazines.com\/magazine\/#\/schema\/person\/c27e7dabb9a1ef380814bdd5636d07e3\"},\"breadcrumb\":{\"@id\":\"https:\/\/www.in-magazines.com\/magazine\/sommaire\/inmagazine-41\/viaveho-a-la-manoeuvre-le-tandem-de-choc\/#breadcrumb\"},\"inLanguage\":\"fr-FR\",\"potentialAction\":[{\"@type\":\"ReadAction\",\"target\":[\"https:\/\/www.in-magazines.com\/magazine\/sommaire\/inmagazine-41\/viaveho-a-la-manoeuvre-le-tandem-de-choc\/\"]}]},{\"@type\":\"BreadcrumbList\",\"@id\":\"https:\/\/www.in-magazines.com\/magazine\/sommaire\/inmagazine-41\/viaveho-a-la-manoeuvre-le-tandem-de-choc\/#breadcrumb\",\"itemListElement\":[{\"@type\":\"ListItem\",\"position\":1,\"item\":{\"@id\":\"https:\/\/www.in-magazines.com\/magazine\/sommaire\/inmagazine-41\/viaveho-a-la-manoeuvre-le-tandem-de-choc\/#webpage\"}}]},{\"@type\":\"Person\",\"@id\":\"https:\/\/www.in-magazines.com\/magazine\/#\/schema\/person\/c27e7dabb9a1ef380814bdd5636d07e3\",\"name\":\"backinmag\",\"image\":{\"@type\":\"ImageObject\",\"@id\":\"https:\/\/www.in-magazines.com\/magazine\/#personlogo\",\"inLanguage\":\"fr-FR\",\"url\":\"https:\/\/secure.gravatar.com\/avatar\/13a234bb19dc4fd04793d73c3472fbdb?s=96&d=mm&r=g\",\"contentUrl\":\"https:\/\/secure.gravatar.com\/avatar\/13a234bb19dc4fd04793d73c3472fbdb?s=96&d=mm&r=g\",\"caption\":\"backinmag\"},\"sameAs\":[\"http:\/\/www.in-magazines.com\/magazin\"]}]}<\/script>\n<!-- \/ Yoast SEO plugin. -->","_links":{"self":[{"href":"https:\/\/www.in-magazines.com\/magazine\/wp-json\/wp\/v2\/posts\/13991"}],"collection":[{"href":"https:\/\/www.in-magazines.com\/magazine\/wp-json\/wp\/v2\/posts"}],"about":[{"href":"https:\/\/www.in-magazines.com\/magazine\/wp-json\/wp\/v2\/types\/post"}],"author":[{"embeddable":true,"href":"https:\/\/www.in-magazines.com\/magazine\/wp-json\/wp\/v2\/users\/1"}],"replies":[{"embeddable":true,"href":"https:\/\/www.in-magazines.com\/magazine\/wp-json\/wp\/v2\/comments?post=13991"}],"version-history":[{"count":3,"href":"https:\/\/www.in-magazines.com\/magazine\/wp-json\/wp\/v2\/posts\/13991\/revisions"}],"predecessor-version":[{"id":14182,"href":"https:\/\/www.in-magazines.com\/magazine\/wp-json\/wp\/v2\/posts\/13991\/revisions\/14182"}],"wp:featuredmedia":[{"embeddable":true,"href":"https:\/\/www.in-magazines.com\/magazine\/wp-json\/wp\/v2\/media\/13992"}],"wp:attachment":[{"href":"https:\/\/www.in-magazines.com\/magazine\/wp-json\/wp\/v2\/media?parent=13991"}],"wp:term":[{"taxonomy":"category","embeddable":true,"href":"https:\/\/www.in-magazines.com\/magazine\/wp-json\/wp\/v2\/categories?post=13991"},{"taxonomy":"post_tag","embeddable":true,"href":"https:\/\/www.in-magazines.com\/magazine\/wp-json\/wp\/v2\/tags?post=13991"}],"curies":[{"name":"wp","href":"https:\/\/api.w.org\/{rel}","templated":true}]}}