

{"id":14029,"date":"2025-06-16T06:17:00","date_gmt":"2025-06-16T06:17:00","guid":{"rendered":"https:\/\/www.in-magazines.com\/magazine\/?p=14029"},"modified":"2025-06-12T10:24:15","modified_gmt":"2025-06-12T10:24:15","slug":"jardin-du-musee-international-de-la-parfumerie-de-fleurs-et-de-verre","status":"publish","type":"post","link":"https:\/\/www.in-magazines.com\/magazine\/sommaire\/inmagazine-41\/jardin-du-musee-international-de-la-parfumerie-de-fleurs-et-de-verre\/","title":{"rendered":"JARDIN DU MUS\u00c9E INTERNATIONAL DE LA PARFUMERIE : DE FLEURS ET DE VERRE"},"content":{"rendered":"\n<p>Lieux de rencontre de la nature et des \u00e9motions artistiques, les Jardins du Mus\u00e9e International de la Parfumerie, \u00e0 Mouans-Sartoux, m\u00ealent depuis leur ouverture en 2010 l\u2019inspiration d\u2019artistes locaux et un patrimoine naturel propices aux d\u00e9ambulations. Cette ann\u00e9e, c\u2019est Antoine Pierini, artiste verrier Biotois, qui y expose son travail jusqu\u2019en novembre prochain, avec \u00ab Vibrations du vivant \u00bb.<\/p>\n\n\n\n<p>Pour J\u00e9r\u00f4me Viaud, Pr\u00e9sident de la Communaut\u00e9 d\u2019Agglom\u00e9ration du Pays de Grasse et Maire de Grasse, \u00ab&nbsp; Accueillir un tel artiste au sein de notre territoire, dans cet \u00e9crin exceptionnel que sont les Jardins du Mus\u00e9e International de la Parfumerie, illustre notre volont\u00e9 de faire rayonner l\u2019art sous toutes ses formes, en lien avec l\u2019histoire, les savoir-faire et l\u2019environnement qui fa\u00e7onnent l\u2019identit\u00e9 du Pays de Grasse \u00bb. Le choix de l\u2019artiste Antoine Pierini est loin de relever du hasard : n\u00e9 \u00e0 Antibes dans une famille de pionniers du Studio Glass Movement, engag\u00e9e pour la protection du vivant, l\u2019artiste sur verre contemporain puise essentiellement son inspiration dans la nature. Olivier Quiquempois, Directeur des Mus\u00e9es de Grasse et Conservateur en chef du patrimoine s\u2019enthousiasme pour cette exposition : \u00ab Au verre, Antoine Pierini marie l\u2019inox et l\u2019acier pour cr\u00e9er des groupes sculpt\u00e9s, les Arbres rep\u00e8res et les Colonnes-roseaux, que chacun d\u00e9couvrira au fil de sa libre d\u00e9ambulation au c\u0153ur de notre parcours olfactif et des champs de roses, de jasmins, de tub\u00e9reuses, d\u2019iris, de lavandes des Jardins du MIP \u00bb.<\/p>\n\n\n\n<h2 class=\"wp-block-heading\">Un \u00e9crin naturel pour les \u0153uvres de verre d\u2019Antoine Pierini<\/h2>\n\n\n\n<p>Rose Centifolia, tub\u00e9reuse, jasmin, lavande, g\u00e9ranium, gen\u00eat, oranger\u2026, les parfums naissent tout d\u2019abord dans les plantes, d\u2019ici ou d\u2019ailleurs. Dans le cadre unique des Jardins du Mus\u00e9e International de la Parfumerie, on d\u00e9couvre et sent ces esp\u00e8ces qui fournissent depuis des si\u00e8cles les pr\u00e9cieuses mati\u00e8res premi\u00e8res de la parfumerie.<\/p>\n\n\n<a href=\"#\" class=\"_3d-flip-book  fb3d-link-lightbox-mode\" data-id=\"13886\" data-mode=\"link-lightbox\" data-title=\"false\" data-template=\"short-white-book-view\" data-lightbox=\"dark\" data-urlparam=\"fb3d-page\" data-page-n=\"0\" data-pdf=\"\" data-tax=\"null\" data-thumbnail=\"\" data-cols=\"3\" data-query=\"\"><img decoding=\"async\" src=\"http:\/\/www.in-magazines.com\/magazine\/wp-content\/uploads\/2021\/05\/btn.jpg\"><\/a>\n","protected":false},"excerpt":{"rendered":"<p>Lieux de rencontre de la nature et des &eacute;motions artistiques, les Jardins du Mus&eacute;e International de la Parfumerie, &agrave; Mouans-Sartoux, m&ecirc;lent depuis leur ouverture en 2010 l&rsquo;inspiration d&rsquo;artistes locaux et un patrimoine naturel propices aux d&eacute;ambulations. Cette ann&eacute;e, c&rsquo;est Antoine Pierini, artiste verrier Biotois, qui y expose son travail jusqu&rsquo;en novembre prochain, avec &laquo; Vibrations&hellip; <a class=\"more-link\" href=\"https:\/\/www.in-magazines.com\/magazine\/sommaire\/inmagazine-41\/jardin-du-musee-international-de-la-parfumerie-de-fleurs-et-de-verre\/\">Poursuivre la lecture <span class=\"screen-reader-text\">JARDIN DU MUS\u00c9E INTERNATIONAL DE LA PARFUMERIE : DE FLEURS ET DE VERRE<\/span><\/a><\/p>\n","protected":false},"author":1,"featured_media":14030,"comment_status":"open","ping_status":"open","sticky":false,"template":"","format":"standard","meta":{"footnotes":""},"categories":[2590,1697],"tags":[],"yoast_head":"<!-- This site is optimized with the Yoast SEO plugin v16.2 - https:\/\/yoast.com\/wordpress\/plugins\/seo\/ -->\n<title>JARDIN DU MUS\u00c9E INTERNATIONAL DE LA PARFUMERIE : DE FLEURS ET DE VERRE - In Magazines<\/title>\n<meta name=\"robots\" content=\"index, follow, max-snippet:-1, max-image-preview:large, max-video-preview:-1\" \/>\n<link rel=\"canonical\" href=\"https:\/\/www.in-magazines.com\/magazine\/sommaire\/inmagazine-41\/jardin-du-musee-international-de-la-parfumerie-de-fleurs-et-de-verre\/\" \/>\n<meta property=\"og:locale\" content=\"fr_FR\" \/>\n<meta property=\"og:type\" content=\"article\" \/>\n<meta property=\"og:title\" content=\"JARDIN DU MUS\u00c9E INTERNATIONAL DE LA PARFUMERIE : DE FLEURS ET DE VERRE - In Magazines\" \/>\n<meta property=\"og:description\" content=\"Lieux de rencontre de la nature et des &eacute;motions artistiques, les Jardins du Mus&eacute;e International de la Parfumerie, &agrave; Mouans-Sartoux, m&ecirc;lent depuis leur ouverture en 2010 l&rsquo;inspiration d&rsquo;artistes locaux et un patrimoine naturel propices aux d&eacute;ambulations. Cette ann&eacute;e, c&rsquo;est Antoine Pierini, artiste verrier Biotois, qui y expose son travail jusqu&rsquo;en novembre prochain, avec &laquo; Vibrations&hellip; Poursuivre la lecture JARDIN DU MUS\u00c9E INTERNATIONAL DE LA PARFUMERIE : DE FLEURS ET DE VERRE\" \/>\n<meta property=\"og:url\" content=\"https:\/\/www.in-magazines.com\/magazine\/sommaire\/inmagazine-41\/jardin-du-musee-international-de-la-parfumerie-de-fleurs-et-de-verre\/\" \/>\n<meta property=\"og:site_name\" content=\"In Magazines\" \/>\n<meta property=\"article:published_time\" content=\"2025-06-16T06:17:00+00:00\" \/>\n<meta property=\"article:modified_time\" content=\"2025-06-12T10:24:15+00:00\" \/>\n<meta property=\"og:image\" content=\"https:\/\/www.in-magazines.com\/magazine\/wp-content\/uploads\/2025\/06\/JARDIN-DU-MUSEE-INTERNATIONAL-DE-LA-PARFUMERIE-DE-FLEURS-ET-DE-VERRE.jpg\" \/>\n\t<meta property=\"og:image:width\" content=\"920\" \/>\n\t<meta property=\"og:image:height\" content=\"614\" \/>\n<meta name=\"twitter:label1\" content=\"Dur\u00e9e de lecture est.\">\n\t<meta name=\"twitter:data1\" content=\"2 minutes\">\n<script type=\"application\/ld+json\" class=\"yoast-schema-graph\">{\"@context\":\"https:\/\/schema.org\",\"@graph\":[{\"@type\":\"WebSite\",\"@id\":\"https:\/\/www.in-magazines.com\/magazine\/#website\",\"url\":\"https:\/\/www.in-magazines.com\/magazine\/\",\"name\":\"In Magazines\",\"description\":\"\",\"potentialAction\":[{\"@type\":\"SearchAction\",\"target\":\"https:\/\/www.in-magazines.com\/magazine\/?s={search_term_string}\",\"query-input\":\"required name=search_term_string\"}],\"inLanguage\":\"fr-FR\"},{\"@type\":\"ImageObject\",\"@id\":\"https:\/\/www.in-magazines.com\/magazine\/sommaire\/inmagazine-41\/jardin-du-musee-international-de-la-parfumerie-de-fleurs-et-de-verre\/#primaryimage\",\"inLanguage\":\"fr-FR\",\"url\":\"https:\/\/www.in-magazines.com\/magazine\/wp-content\/uploads\/2025\/06\/JARDIN-DU-MUSEE-INTERNATIONAL-DE-LA-PARFUMERIE-DE-FLEURS-ET-DE-VERRE.jpg\",\"contentUrl\":\"https:\/\/www.in-magazines.com\/magazine\/wp-content\/uploads\/2025\/06\/JARDIN-DU-MUSEE-INTERNATIONAL-DE-LA-PARFUMERIE-DE-FLEURS-ET-DE-VERRE.jpg\",\"width\":920,\"height\":614},{\"@type\":\"WebPage\",\"@id\":\"https:\/\/www.in-magazines.com\/magazine\/sommaire\/inmagazine-41\/jardin-du-musee-international-de-la-parfumerie-de-fleurs-et-de-verre\/#webpage\",\"url\":\"https:\/\/www.in-magazines.com\/magazine\/sommaire\/inmagazine-41\/jardin-du-musee-international-de-la-parfumerie-de-fleurs-et-de-verre\/\",\"name\":\"JARDIN DU MUS\\u00c9E INTERNATIONAL DE LA PARFUMERIE : DE FLEURS ET DE VERRE - In Magazines\",\"isPartOf\":{\"@id\":\"https:\/\/www.in-magazines.com\/magazine\/#website\"},\"primaryImageOfPage\":{\"@id\":\"https:\/\/www.in-magazines.com\/magazine\/sommaire\/inmagazine-41\/jardin-du-musee-international-de-la-parfumerie-de-fleurs-et-de-verre\/#primaryimage\"},\"datePublished\":\"2025-06-16T06:17:00+00:00\",\"dateModified\":\"2025-06-12T10:24:15+00:00\",\"author\":{\"@id\":\"https:\/\/www.in-magazines.com\/magazine\/#\/schema\/person\/c27e7dabb9a1ef380814bdd5636d07e3\"},\"breadcrumb\":{\"@id\":\"https:\/\/www.in-magazines.com\/magazine\/sommaire\/inmagazine-41\/jardin-du-musee-international-de-la-parfumerie-de-fleurs-et-de-verre\/#breadcrumb\"},\"inLanguage\":\"fr-FR\",\"potentialAction\":[{\"@type\":\"ReadAction\",\"target\":[\"https:\/\/www.in-magazines.com\/magazine\/sommaire\/inmagazine-41\/jardin-du-musee-international-de-la-parfumerie-de-fleurs-et-de-verre\/\"]}]},{\"@type\":\"BreadcrumbList\",\"@id\":\"https:\/\/www.in-magazines.com\/magazine\/sommaire\/inmagazine-41\/jardin-du-musee-international-de-la-parfumerie-de-fleurs-et-de-verre\/#breadcrumb\",\"itemListElement\":[{\"@type\":\"ListItem\",\"position\":1,\"item\":{\"@id\":\"https:\/\/www.in-magazines.com\/magazine\/sommaire\/inmagazine-41\/jardin-du-musee-international-de-la-parfumerie-de-fleurs-et-de-verre\/#webpage\"}}]},{\"@type\":\"Person\",\"@id\":\"https:\/\/www.in-magazines.com\/magazine\/#\/schema\/person\/c27e7dabb9a1ef380814bdd5636d07e3\",\"name\":\"backinmag\",\"image\":{\"@type\":\"ImageObject\",\"@id\":\"https:\/\/www.in-magazines.com\/magazine\/#personlogo\",\"inLanguage\":\"fr-FR\",\"url\":\"https:\/\/secure.gravatar.com\/avatar\/13a234bb19dc4fd04793d73c3472fbdb?s=96&d=mm&r=g\",\"contentUrl\":\"https:\/\/secure.gravatar.com\/avatar\/13a234bb19dc4fd04793d73c3472fbdb?s=96&d=mm&r=g\",\"caption\":\"backinmag\"},\"sameAs\":[\"http:\/\/www.in-magazines.com\/magazin\"]}]}<\/script>\n<!-- \/ Yoast SEO plugin. -->","_links":{"self":[{"href":"https:\/\/www.in-magazines.com\/magazine\/wp-json\/wp\/v2\/posts\/14029"}],"collection":[{"href":"https:\/\/www.in-magazines.com\/magazine\/wp-json\/wp\/v2\/posts"}],"about":[{"href":"https:\/\/www.in-magazines.com\/magazine\/wp-json\/wp\/v2\/types\/post"}],"author":[{"embeddable":true,"href":"https:\/\/www.in-magazines.com\/magazine\/wp-json\/wp\/v2\/users\/1"}],"replies":[{"embeddable":true,"href":"https:\/\/www.in-magazines.com\/magazine\/wp-json\/wp\/v2\/comments?post=14029"}],"version-history":[{"count":2,"href":"https:\/\/www.in-magazines.com\/magazine\/wp-json\/wp\/v2\/posts\/14029\/revisions"}],"predecessor-version":[{"id":14032,"href":"https:\/\/www.in-magazines.com\/magazine\/wp-json\/wp\/v2\/posts\/14029\/revisions\/14032"}],"wp:featuredmedia":[{"embeddable":true,"href":"https:\/\/www.in-magazines.com\/magazine\/wp-json\/wp\/v2\/media\/14030"}],"wp:attachment":[{"href":"https:\/\/www.in-magazines.com\/magazine\/wp-json\/wp\/v2\/media?parent=14029"}],"wp:term":[{"taxonomy":"category","embeddable":true,"href":"https:\/\/www.in-magazines.com\/magazine\/wp-json\/wp\/v2\/categories?post=14029"},{"taxonomy":"post_tag","embeddable":true,"href":"https:\/\/www.in-magazines.com\/magazine\/wp-json\/wp\/v2\/tags?post=14029"}],"curies":[{"name":"wp","href":"https:\/\/api.w.org\/{rel}","templated":true}]}}