

{"id":14043,"date":"2025-06-16T06:35:00","date_gmt":"2025-06-16T06:35:00","guid":{"rendered":"https:\/\/www.in-magazines.com\/magazine\/?p=14043"},"modified":"2025-06-12T12:24:33","modified_gmt":"2025-06-12T12:24:33","slug":"manager-la-genz-le-defi-impossible-a-relever","status":"publish","type":"post","link":"https:\/\/www.in-magazines.com\/magazine\/sommaire\/inmagazine-41\/manager-la-genz-le-defi-impossible-a-relever\/","title":{"rendered":"Manager la GenZ, le d\u00e9fi impossible \u00e0 relever ?"},"content":{"rendered":"\n<p>Hyperconnect\u00e9s, ind\u00e9pendants et en qu\u00eate de sens, les Zoomers r\u00e9volutionnent le monde du travail. Vous y \u00eates confront\u00e9s et vous vous demandez comment recruter, motiver et fid\u00e9liser cette nouvelle g\u00e9n\u00e9ration qui bouscule nos organisations ?<\/p>\n\n\n\n<p>Comprendre les valeurs et les attentes sp\u00e9cifiques de la g\u00e9n\u00e9ration Z, mettre en place une culture du feedback, cr\u00e9er un environnement de travail attractif et stimulant\u2026 sont autant de challenges \u00e0 relever au quotidien pour transformer les diff\u00e9rences g\u00e9n\u00e9rationnelles en opportunit\u00e9s. Enrichi par la m\u00e9thode TriGen, un outil d\u2019autodiagnostic innovant d\u00e9velopp\u00e9 par l\u2019auteur, cet ouvrage vous permettra d\u2019identifier votre style de management et de le faire \u00e9voluer pour r\u00e9pondre aux enjeux de demain.<\/p>\n\n\n<a href=\"#\" class=\"_3d-flip-book  fb3d-link-lightbox-mode\" data-id=\"13870\" data-mode=\"link-lightbox\" data-title=\"false\" data-template=\"short-white-book-view\" data-lightbox=\"dark\" data-urlparam=\"fb3d-page\" data-page-n=\"0\" data-pdf=\"\" data-tax=\"null\" data-thumbnail=\"\" data-cols=\"3\" data-query=\"\"><img decoding=\"async\" src=\"http:\/\/www.in-magazines.com\/magazine\/wp-content\/uploads\/2021\/05\/btn.jpg\"><\/a>\n","protected":false},"excerpt":{"rendered":"<p>Hyperconnect&eacute;s, ind&eacute;pendants et en qu&ecirc;te de sens, les Zoomers r&eacute;volutionnent le monde du travail. Vous y &ecirc;tes confront&eacute;s et vous vous demandez comment recruter, motiver et fid&eacute;liser cette nouvelle g&eacute;n&eacute;ration qui bouscule nos organisations ? Comprendre les valeurs et les attentes sp&eacute;cifiques de la g&eacute;n&eacute;ration Z, mettre en place une culture du feedback, cr&eacute;er un&hellip; <a class=\"more-link\" href=\"https:\/\/www.in-magazines.com\/magazine\/sommaire\/inmagazine-41\/manager-la-genz-le-defi-impossible-a-relever\/\">Poursuivre la lecture <span class=\"screen-reader-text\">Manager la GenZ, le d\u00e9fi impossible \u00e0 relever ?<\/span><\/a><\/p>\n","protected":false},"author":1,"featured_media":14044,"comment_status":"open","ping_status":"open","sticky":false,"template":"","format":"standard","meta":{"footnotes":""},"categories":[8,2590,1696],"tags":[2636,2637,2638],"yoast_head":"<!-- This site is optimized with the Yoast SEO plugin v16.2 - https:\/\/yoast.com\/wordpress\/plugins\/seo\/ -->\n<title>Manager la GenZ, le d\u00e9fi impossible \u00e0 relever ? - In Magazines<\/title>\n<meta name=\"robots\" content=\"index, follow, max-snippet:-1, max-image-preview:large, max-video-preview:-1\" \/>\n<link rel=\"canonical\" href=\"https:\/\/www.in-magazines.com\/magazine\/sommaire\/inmagazine-41\/manager-la-genz-le-defi-impossible-a-relever\/\" \/>\n<meta property=\"og:locale\" content=\"fr_FR\" \/>\n<meta property=\"og:type\" content=\"article\" \/>\n<meta property=\"og:title\" content=\"Manager la GenZ, le d\u00e9fi impossible \u00e0 relever ? - In Magazines\" \/>\n<meta property=\"og:description\" content=\"Hyperconnect&eacute;s, ind&eacute;pendants et en qu&ecirc;te de sens, les Zoomers r&eacute;volutionnent le monde du travail. Vous y &ecirc;tes confront&eacute;s et vous vous demandez comment recruter, motiver et fid&eacute;liser cette nouvelle g&eacute;n&eacute;ration qui bouscule nos organisations ? Comprendre les valeurs et les attentes sp&eacute;cifiques de la g&eacute;n&eacute;ration Z, mettre en place une culture du feedback, cr&eacute;er un&hellip; Poursuivre la lecture Manager la GenZ, le d\u00e9fi impossible \u00e0 relever ?\" \/>\n<meta property=\"og:url\" content=\"https:\/\/www.in-magazines.com\/magazine\/sommaire\/inmagazine-41\/manager-la-genz-le-defi-impossible-a-relever\/\" \/>\n<meta property=\"og:site_name\" content=\"In Magazines\" \/>\n<meta property=\"article:published_time\" content=\"2025-06-16T06:35:00+00:00\" \/>\n<meta property=\"article:modified_time\" content=\"2025-06-12T12:24:33+00:00\" \/>\n<meta property=\"og:image\" content=\"https:\/\/www.in-magazines.com\/magazine\/wp-content\/uploads\/2025\/06\/Manager-la-GenZ-le-defi-impossible-a-relever.jpg\" \/>\n\t<meta property=\"og:image:width\" content=\"463\" \/>\n\t<meta property=\"og:image:height\" content=\"193\" \/>\n<meta name=\"twitter:label1\" content=\"Dur\u00e9e de lecture est.\">\n\t<meta name=\"twitter:data1\" content=\"1 minute\">\n<script type=\"application\/ld+json\" class=\"yoast-schema-graph\">{\"@context\":\"https:\/\/schema.org\",\"@graph\":[{\"@type\":\"WebSite\",\"@id\":\"https:\/\/www.in-magazines.com\/magazine\/#website\",\"url\":\"https:\/\/www.in-magazines.com\/magazine\/\",\"name\":\"In Magazines\",\"description\":\"\",\"potentialAction\":[{\"@type\":\"SearchAction\",\"target\":\"https:\/\/www.in-magazines.com\/magazine\/?s={search_term_string}\",\"query-input\":\"required name=search_term_string\"}],\"inLanguage\":\"fr-FR\"},{\"@type\":\"ImageObject\",\"@id\":\"https:\/\/www.in-magazines.com\/magazine\/sommaire\/inmagazine-41\/manager-la-genz-le-defi-impossible-a-relever\/#primaryimage\",\"inLanguage\":\"fr-FR\",\"url\":\"https:\/\/www.in-magazines.com\/magazine\/wp-content\/uploads\/2025\/06\/Manager-la-GenZ-le-defi-impossible-a-relever.jpg\",\"contentUrl\":\"https:\/\/www.in-magazines.com\/magazine\/wp-content\/uploads\/2025\/06\/Manager-la-GenZ-le-defi-impossible-a-relever.jpg\",\"width\":463,\"height\":193},{\"@type\":\"WebPage\",\"@id\":\"https:\/\/www.in-magazines.com\/magazine\/sommaire\/inmagazine-41\/manager-la-genz-le-defi-impossible-a-relever\/#webpage\",\"url\":\"https:\/\/www.in-magazines.com\/magazine\/sommaire\/inmagazine-41\/manager-la-genz-le-defi-impossible-a-relever\/\",\"name\":\"Manager la GenZ, le d\\u00e9fi impossible \\u00e0 relever ? - In Magazines\",\"isPartOf\":{\"@id\":\"https:\/\/www.in-magazines.com\/magazine\/#website\"},\"primaryImageOfPage\":{\"@id\":\"https:\/\/www.in-magazines.com\/magazine\/sommaire\/inmagazine-41\/manager-la-genz-le-defi-impossible-a-relever\/#primaryimage\"},\"datePublished\":\"2025-06-16T06:35:00+00:00\",\"dateModified\":\"2025-06-12T12:24:33+00:00\",\"author\":{\"@id\":\"https:\/\/www.in-magazines.com\/magazine\/#\/schema\/person\/c27e7dabb9a1ef380814bdd5636d07e3\"},\"breadcrumb\":{\"@id\":\"https:\/\/www.in-magazines.com\/magazine\/sommaire\/inmagazine-41\/manager-la-genz-le-defi-impossible-a-relever\/#breadcrumb\"},\"inLanguage\":\"fr-FR\",\"potentialAction\":[{\"@type\":\"ReadAction\",\"target\":[\"https:\/\/www.in-magazines.com\/magazine\/sommaire\/inmagazine-41\/manager-la-genz-le-defi-impossible-a-relever\/\"]}]},{\"@type\":\"BreadcrumbList\",\"@id\":\"https:\/\/www.in-magazines.com\/magazine\/sommaire\/inmagazine-41\/manager-la-genz-le-defi-impossible-a-relever\/#breadcrumb\",\"itemListElement\":[{\"@type\":\"ListItem\",\"position\":1,\"item\":{\"@id\":\"https:\/\/www.in-magazines.com\/magazine\/sommaire\/inmagazine-41\/manager-la-genz-le-defi-impossible-a-relever\/#webpage\"}}]},{\"@type\":\"Person\",\"@id\":\"https:\/\/www.in-magazines.com\/magazine\/#\/schema\/person\/c27e7dabb9a1ef380814bdd5636d07e3\",\"name\":\"backinmag\",\"image\":{\"@type\":\"ImageObject\",\"@id\":\"https:\/\/www.in-magazines.com\/magazine\/#personlogo\",\"inLanguage\":\"fr-FR\",\"url\":\"https:\/\/secure.gravatar.com\/avatar\/13a234bb19dc4fd04793d73c3472fbdb?s=96&d=mm&r=g\",\"contentUrl\":\"https:\/\/secure.gravatar.com\/avatar\/13a234bb19dc4fd04793d73c3472fbdb?s=96&d=mm&r=g\",\"caption\":\"backinmag\"},\"sameAs\":[\"http:\/\/www.in-magazines.com\/magazin\"]}]}<\/script>\n<!-- \/ Yoast SEO plugin. -->","_links":{"self":[{"href":"https:\/\/www.in-magazines.com\/magazine\/wp-json\/wp\/v2\/posts\/14043"}],"collection":[{"href":"https:\/\/www.in-magazines.com\/magazine\/wp-json\/wp\/v2\/posts"}],"about":[{"href":"https:\/\/www.in-magazines.com\/magazine\/wp-json\/wp\/v2\/types\/post"}],"author":[{"embeddable":true,"href":"https:\/\/www.in-magazines.com\/magazine\/wp-json\/wp\/v2\/users\/1"}],"replies":[{"embeddable":true,"href":"https:\/\/www.in-magazines.com\/magazine\/wp-json\/wp\/v2\/comments?post=14043"}],"version-history":[{"count":3,"href":"https:\/\/www.in-magazines.com\/magazine\/wp-json\/wp\/v2\/posts\/14043\/revisions"}],"predecessor-version":[{"id":14188,"href":"https:\/\/www.in-magazines.com\/magazine\/wp-json\/wp\/v2\/posts\/14043\/revisions\/14188"}],"wp:featuredmedia":[{"embeddable":true,"href":"https:\/\/www.in-magazines.com\/magazine\/wp-json\/wp\/v2\/media\/14044"}],"wp:attachment":[{"href":"https:\/\/www.in-magazines.com\/magazine\/wp-json\/wp\/v2\/media?parent=14043"}],"wp:term":[{"taxonomy":"category","embeddable":true,"href":"https:\/\/www.in-magazines.com\/magazine\/wp-json\/wp\/v2\/categories?post=14043"},{"taxonomy":"post_tag","embeddable":true,"href":"https:\/\/www.in-magazines.com\/magazine\/wp-json\/wp\/v2\/tags?post=14043"}],"curies":[{"name":"wp","href":"https:\/\/api.w.org\/{rel}","templated":true}]}}