

{"id":14067,"date":"2025-06-16T06:11:00","date_gmt":"2025-06-16T06:11:00","guid":{"rendered":"https:\/\/www.in-magazines.com\/magazine\/?p=14067"},"modified":"2025-06-12T10:54:24","modified_gmt":"2025-06-12T10:54:24","slug":"karina-bisch-la-tete-dans-le-decor","status":"publish","type":"post","link":"https:\/\/www.in-magazines.com\/magazine\/sommaire\/inmagazine-41\/karina-bisch-la-tete-dans-le-decor\/","title":{"rendered":"KARINA BISCH, La T\u00eate dans le d\u00e9cor"},"content":{"rendered":"\n<p><strong>Mus\u00e9e National Fernand L\u00e9ger \u2013 Biot Jusqu\u2019au 10 novembre<\/strong><\/p>\n\n\n\n<p>\u00a0L\u2019artiste Karina Bisch propose une installation immersive in\u00e9dite dans les espaces du mus\u00e9e national Fernand L\u00e9ger : peintures murales, tableaux et cr\u00e9ations textiles entrent en dialogue avec des \u0153uvres de Fernand L\u00e9ger choisies par la cr\u00e9atrice. Situ\u00e9 \u00e0 la crois\u00e9e de la peinture, du design et de l\u2019architecture, son \u0153uvre s\u2019inspire des formes et des couleurs des avant-gardes modernistes du XXe si\u00e8cle tout en les adaptant au monde contemporain. <\/p>\n\n\n\n<p>Comme Fernand L\u00e9ger, Karina Bisch explore le potentiel des motifs d\u00e9coratifs comme ornement mais aussi comme langage autonome, capable de remodeler notre perception du temps et de l&rsquo;espace.<\/p>\n\n\n<a href=\"#\" class=\"_3d-flip-book  fb3d-link-lightbox-mode\" data-id=\"13891\" data-mode=\"link-lightbox\" data-title=\"false\" data-template=\"short-white-book-view\" data-lightbox=\"dark\" data-urlparam=\"fb3d-page\" data-page-n=\"0\" data-pdf=\"\" data-tax=\"null\" data-thumbnail=\"\" data-cols=\"3\" data-query=\"\"><img decoding=\"async\" src=\"http:\/\/www.in-magazines.com\/magazine\/wp-content\/uploads\/2021\/05\/btn.jpg\"><\/a>\n","protected":false},"excerpt":{"rendered":"<p>Mus&eacute;e National Fernand L&eacute;ger &ndash; Biot Jusqu&rsquo;au 10 novembre &nbsp;L&rsquo;artiste Karina Bisch propose une installation immersive in&eacute;dite dans les espaces du mus&eacute;e national Fernand L&eacute;ger : peintures murales, tableaux et cr&eacute;ations textiles entrent en dialogue avec des &oelig;uvres de Fernand L&eacute;ger choisies par la cr&eacute;atrice. Situ&eacute; &agrave; la crois&eacute;e de la peinture, du design et&hellip; <a class=\"more-link\" href=\"https:\/\/www.in-magazines.com\/magazine\/sommaire\/inmagazine-41\/karina-bisch-la-tete-dans-le-decor\/\">Poursuivre la lecture <span class=\"screen-reader-text\">KARINA BISCH, La T\u00eate dans le d\u00e9cor<\/span><\/a><\/p>\n","protected":false},"author":1,"featured_media":14068,"comment_status":"open","ping_status":"open","sticky":false,"template":"","format":"standard","meta":{"footnotes":""},"categories":[2590,1700],"tags":[2644,2645],"yoast_head":"<!-- This site is optimized with the Yoast SEO plugin v16.2 - https:\/\/yoast.com\/wordpress\/plugins\/seo\/ -->\n<title>KARINA BISCH, La T\u00eate dans le d\u00e9cor - In Magazines<\/title>\n<meta name=\"robots\" content=\"index, follow, max-snippet:-1, max-image-preview:large, max-video-preview:-1\" \/>\n<link rel=\"canonical\" href=\"https:\/\/www.in-magazines.com\/magazine\/sommaire\/inmagazine-41\/karina-bisch-la-tete-dans-le-decor\/\" \/>\n<meta property=\"og:locale\" content=\"fr_FR\" \/>\n<meta property=\"og:type\" content=\"article\" \/>\n<meta property=\"og:title\" content=\"KARINA BISCH, La T\u00eate dans le d\u00e9cor - In Magazines\" \/>\n<meta property=\"og:description\" content=\"Mus&eacute;e National Fernand L&eacute;ger &ndash; Biot Jusqu&rsquo;au 10 novembre &nbsp;L&rsquo;artiste Karina Bisch propose une installation immersive in&eacute;dite dans les espaces du mus&eacute;e national Fernand L&eacute;ger : peintures murales, tableaux et cr&eacute;ations textiles entrent en dialogue avec des &oelig;uvres de Fernand L&eacute;ger choisies par la cr&eacute;atrice. Situ&eacute; &agrave; la crois&eacute;e de la peinture, du design et&hellip; Poursuivre la lecture KARINA BISCH, La T\u00eate dans le d\u00e9cor\" \/>\n<meta property=\"og:url\" content=\"https:\/\/www.in-magazines.com\/magazine\/sommaire\/inmagazine-41\/karina-bisch-la-tete-dans-le-decor\/\" \/>\n<meta property=\"og:site_name\" content=\"In Magazines\" \/>\n<meta property=\"article:published_time\" content=\"2025-06-16T06:11:00+00:00\" \/>\n<meta property=\"article:modified_time\" content=\"2025-06-12T10:54:24+00:00\" \/>\n<meta property=\"og:image\" content=\"https:\/\/www.in-magazines.com\/magazine\/wp-content\/uploads\/2025\/06\/KARINA-BISCH-La-Tete-dans-le-decor.jpg\" \/>\n\t<meta property=\"og:image:width\" content=\"197\" \/>\n\t<meta property=\"og:image:height\" content=\"150\" \/>\n<meta name=\"twitter:label1\" content=\"Dur\u00e9e de lecture est.\">\n\t<meta name=\"twitter:data1\" content=\"1 minute\">\n<script type=\"application\/ld+json\" class=\"yoast-schema-graph\">{\"@context\":\"https:\/\/schema.org\",\"@graph\":[{\"@type\":\"WebSite\",\"@id\":\"https:\/\/www.in-magazines.com\/magazine\/#website\",\"url\":\"https:\/\/www.in-magazines.com\/magazine\/\",\"name\":\"In Magazines\",\"description\":\"\",\"potentialAction\":[{\"@type\":\"SearchAction\",\"target\":\"https:\/\/www.in-magazines.com\/magazine\/?s={search_term_string}\",\"query-input\":\"required name=search_term_string\"}],\"inLanguage\":\"fr-FR\"},{\"@type\":\"ImageObject\",\"@id\":\"https:\/\/www.in-magazines.com\/magazine\/sommaire\/inmagazine-41\/karina-bisch-la-tete-dans-le-decor\/#primaryimage\",\"inLanguage\":\"fr-FR\",\"url\":\"https:\/\/www.in-magazines.com\/magazine\/wp-content\/uploads\/2025\/06\/KARINA-BISCH-La-Tete-dans-le-decor.jpg\",\"contentUrl\":\"https:\/\/www.in-magazines.com\/magazine\/wp-content\/uploads\/2025\/06\/KARINA-BISCH-La-Tete-dans-le-decor.jpg\",\"width\":197,\"height\":150},{\"@type\":\"WebPage\",\"@id\":\"https:\/\/www.in-magazines.com\/magazine\/sommaire\/inmagazine-41\/karina-bisch-la-tete-dans-le-decor\/#webpage\",\"url\":\"https:\/\/www.in-magazines.com\/magazine\/sommaire\/inmagazine-41\/karina-bisch-la-tete-dans-le-decor\/\",\"name\":\"KARINA BISCH, La T\\u00eate dans le d\\u00e9cor - In Magazines\",\"isPartOf\":{\"@id\":\"https:\/\/www.in-magazines.com\/magazine\/#website\"},\"primaryImageOfPage\":{\"@id\":\"https:\/\/www.in-magazines.com\/magazine\/sommaire\/inmagazine-41\/karina-bisch-la-tete-dans-le-decor\/#primaryimage\"},\"datePublished\":\"2025-06-16T06:11:00+00:00\",\"dateModified\":\"2025-06-12T10:54:24+00:00\",\"author\":{\"@id\":\"https:\/\/www.in-magazines.com\/magazine\/#\/schema\/person\/c27e7dabb9a1ef380814bdd5636d07e3\"},\"breadcrumb\":{\"@id\":\"https:\/\/www.in-magazines.com\/magazine\/sommaire\/inmagazine-41\/karina-bisch-la-tete-dans-le-decor\/#breadcrumb\"},\"inLanguage\":\"fr-FR\",\"potentialAction\":[{\"@type\":\"ReadAction\",\"target\":[\"https:\/\/www.in-magazines.com\/magazine\/sommaire\/inmagazine-41\/karina-bisch-la-tete-dans-le-decor\/\"]}]},{\"@type\":\"BreadcrumbList\",\"@id\":\"https:\/\/www.in-magazines.com\/magazine\/sommaire\/inmagazine-41\/karina-bisch-la-tete-dans-le-decor\/#breadcrumb\",\"itemListElement\":[{\"@type\":\"ListItem\",\"position\":1,\"item\":{\"@id\":\"https:\/\/www.in-magazines.com\/magazine\/sommaire\/inmagazine-41\/karina-bisch-la-tete-dans-le-decor\/#webpage\"}}]},{\"@type\":\"Person\",\"@id\":\"https:\/\/www.in-magazines.com\/magazine\/#\/schema\/person\/c27e7dabb9a1ef380814bdd5636d07e3\",\"name\":\"backinmag\",\"image\":{\"@type\":\"ImageObject\",\"@id\":\"https:\/\/www.in-magazines.com\/magazine\/#personlogo\",\"inLanguage\":\"fr-FR\",\"url\":\"https:\/\/secure.gravatar.com\/avatar\/13a234bb19dc4fd04793d73c3472fbdb?s=96&d=mm&r=g\",\"contentUrl\":\"https:\/\/secure.gravatar.com\/avatar\/13a234bb19dc4fd04793d73c3472fbdb?s=96&d=mm&r=g\",\"caption\":\"backinmag\"},\"sameAs\":[\"http:\/\/www.in-magazines.com\/magazin\"]}]}<\/script>\n<!-- \/ Yoast SEO plugin. -->","_links":{"self":[{"href":"https:\/\/www.in-magazines.com\/magazine\/wp-json\/wp\/v2\/posts\/14067"}],"collection":[{"href":"https:\/\/www.in-magazines.com\/magazine\/wp-json\/wp\/v2\/posts"}],"about":[{"href":"https:\/\/www.in-magazines.com\/magazine\/wp-json\/wp\/v2\/types\/post"}],"author":[{"embeddable":true,"href":"https:\/\/www.in-magazines.com\/magazine\/wp-json\/wp\/v2\/users\/1"}],"replies":[{"embeddable":true,"href":"https:\/\/www.in-magazines.com\/magazine\/wp-json\/wp\/v2\/comments?post=14067"}],"version-history":[{"count":4,"href":"https:\/\/www.in-magazines.com\/magazine\/wp-json\/wp\/v2\/posts\/14067\/revisions"}],"predecessor-version":[{"id":14072,"href":"https:\/\/www.in-magazines.com\/magazine\/wp-json\/wp\/v2\/posts\/14067\/revisions\/14072"}],"wp:featuredmedia":[{"embeddable":true,"href":"https:\/\/www.in-magazines.com\/magazine\/wp-json\/wp\/v2\/media\/14068"}],"wp:attachment":[{"href":"https:\/\/www.in-magazines.com\/magazine\/wp-json\/wp\/v2\/media?parent=14067"}],"wp:term":[{"taxonomy":"category","embeddable":true,"href":"https:\/\/www.in-magazines.com\/magazine\/wp-json\/wp\/v2\/categories?post=14067"},{"taxonomy":"post_tag","embeddable":true,"href":"https:\/\/www.in-magazines.com\/magazine\/wp-json\/wp\/v2\/tags?post=14067"}],"curies":[{"name":"wp","href":"https:\/\/api.w.org\/{rel}","templated":true}]}}