

{"id":14075,"date":"2025-06-16T06:10:00","date_gmt":"2025-06-16T06:10:00","guid":{"rendered":"https:\/\/www.in-magazines.com\/magazine\/?p=14075"},"modified":"2025-06-12T10:57:57","modified_gmt":"2025-06-12T10:57:57","slug":"couleurs-lexpo-des-sens","status":"publish","type":"post","link":"https:\/\/www.in-magazines.com\/magazine\/sommaire\/inmagazine-41\/couleurs-lexpo-des-sens\/","title":{"rendered":"COULEURS ! L\u2019expo des sens"},"content":{"rendered":"\n<p><strong>Du 8 juillet au 3 ao\u00fbt &#8211; Grimaldi Forum &#8211; Monaco Le Grimaldi Forum d\u00e9voile sa grande exposition estivale, \u00e0 partir du 8 juillet et jusqu\u2019au 31 ao\u00fbt. Une histoire moderne de la couleur \u00e0 travers une centaine de chefs d\u2019\u0153uvres du 20e si\u00e8cle, issus du Centre Georges Pompidou.<\/strong><\/p>\n\n\n\n<p>Picasso, Modigliani, Basquiat, Delaunay, Matisse, Kandinsky\u2026 Autant de ma\u00eetres que l\u2019on ne pr\u00e9sente plus, qui se verront expos\u00e9s au sein de sept espaces monochromatiques, qui auront la particularit\u00e9 d\u2019\u00eatre sc\u00e9naris\u00e9s gr\u00e2ce \u00e0 l\u2019apport d\u2019autres sens tels que l\u2019odorat et l\u2019ou\u00efe. On retrouvera ainsi les compositions musicales de Roque Rivas, les ambiances olfactives du \u00ab nez \u00bb Alexis Dadier de la maison Fragonard.<\/p>\n\n\n\n<p>Le design s\u2019invitera aussi dans l\u2019exposition mon\u00e9gasque avec les incontournables cr\u00e9ations de Jean Prouv\u00e9, Philippe Starck ou Ettore Sottsass habilement int\u00e9gr\u00e9es aux \u0153uvres d\u2019art picturales pr\u00e9sent\u00e9es dans l\u2019exposition, en des ensembles sc\u00e9naris\u00e9s par Marion Mailaender&nbsp;: en recr\u00e9ant des espaces de vie int\u00e9rieurs, la dimension color\u00e9e du travail des artistes prendra une autre r\u00e9alit\u00e9 et donnera \u00e0 d\u00e9couvrir des ambiances en immersion dans le quotidien.<\/p>\n\n\n<a href=\"#\" class=\"_3d-flip-book  fb3d-link-lightbox-mode\" data-id=\"13891\" data-mode=\"link-lightbox\" data-title=\"false\" data-template=\"short-white-book-view\" data-lightbox=\"dark\" data-urlparam=\"fb3d-page\" data-page-n=\"0\" data-pdf=\"\" data-tax=\"null\" data-thumbnail=\"\" data-cols=\"3\" data-query=\"\"><img decoding=\"async\" src=\"http:\/\/www.in-magazines.com\/magazine\/wp-content\/uploads\/2021\/05\/btn.jpg\"><\/a>\n","protected":false},"excerpt":{"rendered":"<p>Du 8 juillet au 3 ao&ucirc;t &ndash; Grimaldi Forum &ndash; Monaco Le Grimaldi Forum d&eacute;voile sa grande exposition estivale, &agrave; partir du 8 juillet et jusqu&rsquo;au 31 ao&ucirc;t. Une histoire moderne de la couleur &agrave; travers une centaine de chefs d&rsquo;&oelig;uvres du 20e si&egrave;cle, issus du Centre Georges Pompidou. Picasso, Modigliani, Basquiat, Delaunay, Matisse, Kandinsky&hellip;&hellip; <a class=\"more-link\" href=\"https:\/\/www.in-magazines.com\/magazine\/sommaire\/inmagazine-41\/couleurs-lexpo-des-sens\/\">Poursuivre la lecture <span class=\"screen-reader-text\">COULEURS ! L\u2019expo des sens<\/span><\/a><\/p>\n","protected":false},"author":1,"featured_media":14079,"comment_status":"open","ping_status":"open","sticky":false,"template":"","format":"standard","meta":{"footnotes":""},"categories":[2590,1700],"tags":[1935,2646,2647],"yoast_head":"<!-- This site is optimized with the Yoast SEO plugin v16.2 - https:\/\/yoast.com\/wordpress\/plugins\/seo\/ -->\n<title>COULEURS ! L\u2019expo des sens - In Magazines<\/title>\n<meta name=\"robots\" content=\"index, follow, max-snippet:-1, max-image-preview:large, max-video-preview:-1\" \/>\n<link rel=\"canonical\" href=\"https:\/\/www.in-magazines.com\/magazine\/sommaire\/inmagazine-41\/couleurs-lexpo-des-sens\/\" \/>\n<meta property=\"og:locale\" content=\"fr_FR\" \/>\n<meta property=\"og:type\" content=\"article\" \/>\n<meta property=\"og:title\" content=\"COULEURS ! L\u2019expo des sens - In Magazines\" \/>\n<meta property=\"og:description\" content=\"Du 8 juillet au 3 ao&ucirc;t &ndash; Grimaldi Forum &ndash; Monaco Le Grimaldi Forum d&eacute;voile sa grande exposition estivale, &agrave; partir du 8 juillet et jusqu&rsquo;au 31 ao&ucirc;t. Une histoire moderne de la couleur &agrave; travers une centaine de chefs d&rsquo;&oelig;uvres du 20e si&egrave;cle, issus du Centre Georges Pompidou. Picasso, Modigliani, Basquiat, Delaunay, Matisse, Kandinsky&hellip;&hellip; Poursuivre la lecture COULEURS ! L\u2019expo des sens\" \/>\n<meta property=\"og:url\" content=\"https:\/\/www.in-magazines.com\/magazine\/sommaire\/inmagazine-41\/couleurs-lexpo-des-sens\/\" \/>\n<meta property=\"og:site_name\" content=\"In Magazines\" \/>\n<meta property=\"article:published_time\" content=\"2025-06-16T06:10:00+00:00\" \/>\n<meta property=\"article:modified_time\" content=\"2025-06-12T10:57:57+00:00\" \/>\n<meta property=\"og:image\" content=\"https:\/\/www.in-magazines.com\/magazine\/wp-content\/uploads\/2025\/06\/COULEURS-L-expo-des-sens.jpg\" \/>\n\t<meta property=\"og:image:width\" content=\"220\" \/>\n\t<meta property=\"og:image:height\" content=\"159\" \/>\n<meta name=\"twitter:label1\" content=\"Dur\u00e9e de lecture est.\">\n\t<meta name=\"twitter:data1\" content=\"1 minute\">\n<script type=\"application\/ld+json\" class=\"yoast-schema-graph\">{\"@context\":\"https:\/\/schema.org\",\"@graph\":[{\"@type\":\"WebSite\",\"@id\":\"https:\/\/www.in-magazines.com\/magazine\/#website\",\"url\":\"https:\/\/www.in-magazines.com\/magazine\/\",\"name\":\"In Magazines\",\"description\":\"\",\"potentialAction\":[{\"@type\":\"SearchAction\",\"target\":\"https:\/\/www.in-magazines.com\/magazine\/?s={search_term_string}\",\"query-input\":\"required name=search_term_string\"}],\"inLanguage\":\"fr-FR\"},{\"@type\":\"ImageObject\",\"@id\":\"https:\/\/www.in-magazines.com\/magazine\/sommaire\/inmagazine-41\/couleurs-lexpo-des-sens\/#primaryimage\",\"inLanguage\":\"fr-FR\",\"url\":\"https:\/\/www.in-magazines.com\/magazine\/wp-content\/uploads\/2025\/06\/COULEURS-L-expo-des-sens.jpg\",\"contentUrl\":\"https:\/\/www.in-magazines.com\/magazine\/wp-content\/uploads\/2025\/06\/COULEURS-L-expo-des-sens.jpg\",\"width\":220,\"height\":159},{\"@type\":\"WebPage\",\"@id\":\"https:\/\/www.in-magazines.com\/magazine\/sommaire\/inmagazine-41\/couleurs-lexpo-des-sens\/#webpage\",\"url\":\"https:\/\/www.in-magazines.com\/magazine\/sommaire\/inmagazine-41\/couleurs-lexpo-des-sens\/\",\"name\":\"COULEURS ! L\\u2019expo des sens - In Magazines\",\"isPartOf\":{\"@id\":\"https:\/\/www.in-magazines.com\/magazine\/#website\"},\"primaryImageOfPage\":{\"@id\":\"https:\/\/www.in-magazines.com\/magazine\/sommaire\/inmagazine-41\/couleurs-lexpo-des-sens\/#primaryimage\"},\"datePublished\":\"2025-06-16T06:10:00+00:00\",\"dateModified\":\"2025-06-12T10:57:57+00:00\",\"author\":{\"@id\":\"https:\/\/www.in-magazines.com\/magazine\/#\/schema\/person\/c27e7dabb9a1ef380814bdd5636d07e3\"},\"breadcrumb\":{\"@id\":\"https:\/\/www.in-magazines.com\/magazine\/sommaire\/inmagazine-41\/couleurs-lexpo-des-sens\/#breadcrumb\"},\"inLanguage\":\"fr-FR\",\"potentialAction\":[{\"@type\":\"ReadAction\",\"target\":[\"https:\/\/www.in-magazines.com\/magazine\/sommaire\/inmagazine-41\/couleurs-lexpo-des-sens\/\"]}]},{\"@type\":\"BreadcrumbList\",\"@id\":\"https:\/\/www.in-magazines.com\/magazine\/sommaire\/inmagazine-41\/couleurs-lexpo-des-sens\/#breadcrumb\",\"itemListElement\":[{\"@type\":\"ListItem\",\"position\":1,\"item\":{\"@id\":\"https:\/\/www.in-magazines.com\/magazine\/sommaire\/inmagazine-41\/couleurs-lexpo-des-sens\/#webpage\"}}]},{\"@type\":\"Person\",\"@id\":\"https:\/\/www.in-magazines.com\/magazine\/#\/schema\/person\/c27e7dabb9a1ef380814bdd5636d07e3\",\"name\":\"backinmag\",\"image\":{\"@type\":\"ImageObject\",\"@id\":\"https:\/\/www.in-magazines.com\/magazine\/#personlogo\",\"inLanguage\":\"fr-FR\",\"url\":\"https:\/\/secure.gravatar.com\/avatar\/13a234bb19dc4fd04793d73c3472fbdb?s=96&d=mm&r=g\",\"contentUrl\":\"https:\/\/secure.gravatar.com\/avatar\/13a234bb19dc4fd04793d73c3472fbdb?s=96&d=mm&r=g\",\"caption\":\"backinmag\"},\"sameAs\":[\"http:\/\/www.in-magazines.com\/magazin\"]}]}<\/script>\n<!-- \/ Yoast SEO plugin. -->","_links":{"self":[{"href":"https:\/\/www.in-magazines.com\/magazine\/wp-json\/wp\/v2\/posts\/14075"}],"collection":[{"href":"https:\/\/www.in-magazines.com\/magazine\/wp-json\/wp\/v2\/posts"}],"about":[{"href":"https:\/\/www.in-magazines.com\/magazine\/wp-json\/wp\/v2\/types\/post"}],"author":[{"embeddable":true,"href":"https:\/\/www.in-magazines.com\/magazine\/wp-json\/wp\/v2\/users\/1"}],"replies":[{"embeddable":true,"href":"https:\/\/www.in-magazines.com\/magazine\/wp-json\/wp\/v2\/comments?post=14075"}],"version-history":[{"count":2,"href":"https:\/\/www.in-magazines.com\/magazine\/wp-json\/wp\/v2\/posts\/14075\/revisions"}],"predecessor-version":[{"id":14081,"href":"https:\/\/www.in-magazines.com\/magazine\/wp-json\/wp\/v2\/posts\/14075\/revisions\/14081"}],"wp:featuredmedia":[{"embeddable":true,"href":"https:\/\/www.in-magazines.com\/magazine\/wp-json\/wp\/v2\/media\/14079"}],"wp:attachment":[{"href":"https:\/\/www.in-magazines.com\/magazine\/wp-json\/wp\/v2\/media?parent=14075"}],"wp:term":[{"taxonomy":"category","embeddable":true,"href":"https:\/\/www.in-magazines.com\/magazine\/wp-json\/wp\/v2\/categories?post=14075"},{"taxonomy":"post_tag","embeddable":true,"href":"https:\/\/www.in-magazines.com\/magazine\/wp-json\/wp\/v2\/tags?post=14075"}],"curies":[{"name":"wp","href":"https:\/\/api.w.org\/{rel}","templated":true}]}}