

{"id":14092,"date":"2025-06-16T06:31:00","date_gmt":"2025-06-16T06:31:00","guid":{"rendered":"https:\/\/www.in-magazines.com\/magazine\/?p=14092"},"modified":"2025-06-12T12:25:08","modified_gmt":"2025-06-12T12:25:08","slug":"universite-cote-dazur-cree-son-departement-de-pharmacie","status":"publish","type":"post","link":"https:\/\/www.in-magazines.com\/magazine\/sommaire\/inmagazine-41\/universite-cote-dazur-cree-son-departement-de-pharmacie\/","title":{"rendered":"UNIVERSIT\u00c9 C\u00d4TE D\u2019AZUR cr\u00e9e son D\u00e9partement de Pharmacie"},"content":{"rendered":"\n<p>Universit\u00e9 C\u00f4te d\u2019Azur annonce la cr\u00e9ation du D\u00e9partement de Pharmacie \u00e0 Nice au sein de la Facult\u00e9 de M\u00e9decine, qui deviendra la 25e Facult\u00e9 de Pharmacie en France. Cette ouverture, pr\u00e9vue \u00e0 la rentr\u00e9e 2025, marque un tournant dans la structuration de l\u2019offre de formation en sant\u00e9 sur le territoire azur\u00e9en.<\/p>\n\n\n\n<p>N\u00e9 d\u2019un travail collaboratif entre les acteurs universitaires (Facult\u00e9 de M\u00e9decine d\u2019Universit\u00e9 C\u00f4te d\u2019Azur), hospitaliers (CHU de Nice), officinaux (Syndicats pharmaceutiques, URPS PACA Est), \u00e9tudiants (ANEPF), industriels (LEEM), et avec le soutien de la M\u00e9tropole Nice C\u00f4te d\u2019Azur, ce projet s\u2019inscrit dans une dynamique interprofessionnelle forte.<\/p>\n\n\n\n<p><strong>P\u00e9dagogie novatrice<\/strong><br>Pens\u00e9 comme un mod\u00e8le pilote, ce d\u00e9partement portera une p\u00e9dagogie novatrice, centr\u00e9e sur les soins pharmaceutiques et adoss\u00e9e \u00e0 des domaines strat\u00e9giques tels que la sant\u00e9 environnementale, les sciences du num\u00e9rique et de l\u2019intelligence artificielle (en lien avec le cluster 3IA C\u00f4te d\u2019Azur). Une r\u00e9f\u00e9rence en mati\u00e8re de formation, d\u2019innovation p\u00e9dagogique et d\u2019ancrage territorial La formation adopte une approche modulaire par blocs de comp\u00e9tences, incluant des m\u00e9thodes actives : simulation, immersion clinique, analyse de donn\u00e9es de vie r\u00e9elle, tutorat renforc\u00e9. L\u2019effectif initial de 42 \u00e9tudiants augmentera progressivement jusqu\u2019\u00e0 70-80 \u00e9tudiants, afin d\u2019offrir un accompagnement de qualit\u00e9.<\/p>\n\n\n\n<p>Le D\u00e9partement de Pharmacie de Nice a pour ambition de devenir une r\u00e9f\u00e9rence en mati\u00e8re de formation, d\u2019innovation p\u00e9dagogique et d\u2019ancrage territorial et int\u00e9grera le futur Campus Sant\u00e9 d\u2019Universit\u00e9 C\u00f4te d\u2019Azur.<\/p>\n\n\n<a href=\"#\" class=\"_3d-flip-book  fb3d-link-lightbox-mode\" data-id=\"13874\" data-mode=\"link-lightbox\" data-title=\"false\" data-template=\"short-white-book-view\" data-lightbox=\"dark\" data-urlparam=\"fb3d-page\" data-page-n=\"0\" data-pdf=\"\" data-tax=\"null\" data-thumbnail=\"\" data-cols=\"3\" data-query=\"\"><img decoding=\"async\" src=\"http:\/\/www.in-magazines.com\/magazine\/wp-content\/uploads\/2021\/05\/btn.jpg\"><\/a>\n","protected":false},"excerpt":{"rendered":"<p>Universit&eacute; C&ocirc;te d&rsquo;Azur annonce la cr&eacute;ation du D&eacute;partement de Pharmacie &agrave; Nice au sein de la Facult&eacute; de M&eacute;decine, qui deviendra la 25e Facult&eacute; de Pharmacie en France. Cette ouverture, pr&eacute;vue &agrave; la rentr&eacute;e 2025, marque un tournant dans la structuration de l&rsquo;offre de formation en sant&eacute; sur le territoire azur&eacute;en. N&eacute; d&rsquo;un travail collaboratif&hellip; <a class=\"more-link\" href=\"https:\/\/www.in-magazines.com\/magazine\/sommaire\/inmagazine-41\/universite-cote-dazur-cree-son-departement-de-pharmacie\/\">Poursuivre la lecture <span class=\"screen-reader-text\">UNIVERSIT\u00c9 C\u00d4TE D\u2019AZUR cr\u00e9e son D\u00e9partement de Pharmacie<\/span><\/a><\/p>\n","protected":false},"author":1,"featured_media":14102,"comment_status":"open","ping_status":"open","sticky":false,"template":"","format":"standard","meta":{"footnotes":""},"categories":[8,2590,1695],"tags":[74,2653],"yoast_head":"<!-- This site is optimized with the Yoast SEO plugin v16.2 - https:\/\/yoast.com\/wordpress\/plugins\/seo\/ -->\n<title>UNIVERSIT\u00c9 C\u00d4TE D\u2019AZUR cr\u00e9e son D\u00e9partement de Pharmacie - In Magazines<\/title>\n<meta name=\"robots\" content=\"index, follow, max-snippet:-1, max-image-preview:large, max-video-preview:-1\" \/>\n<link rel=\"canonical\" href=\"https:\/\/www.in-magazines.com\/magazine\/sommaire\/inmagazine-41\/universite-cote-dazur-cree-son-departement-de-pharmacie\/\" \/>\n<meta property=\"og:locale\" content=\"fr_FR\" \/>\n<meta property=\"og:type\" content=\"article\" \/>\n<meta property=\"og:title\" content=\"UNIVERSIT\u00c9 C\u00d4TE D\u2019AZUR cr\u00e9e son D\u00e9partement de Pharmacie - In Magazines\" \/>\n<meta property=\"og:description\" content=\"Universit&eacute; C&ocirc;te d&rsquo;Azur annonce la cr&eacute;ation du D&eacute;partement de Pharmacie &agrave; Nice au sein de la Facult&eacute; de M&eacute;decine, qui deviendra la 25e Facult&eacute; de Pharmacie en France. Cette ouverture, pr&eacute;vue &agrave; la rentr&eacute;e 2025, marque un tournant dans la structuration de l&rsquo;offre de formation en sant&eacute; sur le territoire azur&eacute;en. N&eacute; d&rsquo;un travail collaboratif&hellip; Poursuivre la lecture UNIVERSIT\u00c9 C\u00d4TE D\u2019AZUR cr\u00e9e son D\u00e9partement de Pharmacie\" \/>\n<meta property=\"og:url\" content=\"https:\/\/www.in-magazines.com\/magazine\/sommaire\/inmagazine-41\/universite-cote-dazur-cree-son-departement-de-pharmacie\/\" \/>\n<meta property=\"og:site_name\" content=\"In Magazines\" \/>\n<meta property=\"article:published_time\" content=\"2025-06-16T06:31:00+00:00\" \/>\n<meta property=\"article:modified_time\" content=\"2025-06-12T12:25:08+00:00\" \/>\n<meta property=\"og:image\" content=\"https:\/\/www.in-magazines.com\/magazine\/wp-content\/uploads\/2025\/06\/UNIVERSITE-COTE-D-AZUR-cree-son-Departement-de-Pharmacie-b.jpg\" \/>\n\t<meta property=\"og:image:width\" content=\"500\" \/>\n\t<meta property=\"og:image:height\" content=\"227\" \/>\n<meta name=\"twitter:label1\" content=\"Dur\u00e9e de lecture est.\">\n\t<meta name=\"twitter:data1\" content=\"2 minutes\">\n<script type=\"application\/ld+json\" class=\"yoast-schema-graph\">{\"@context\":\"https:\/\/schema.org\",\"@graph\":[{\"@type\":\"WebSite\",\"@id\":\"https:\/\/www.in-magazines.com\/magazine\/#website\",\"url\":\"https:\/\/www.in-magazines.com\/magazine\/\",\"name\":\"In Magazines\",\"description\":\"\",\"potentialAction\":[{\"@type\":\"SearchAction\",\"target\":\"https:\/\/www.in-magazines.com\/magazine\/?s={search_term_string}\",\"query-input\":\"required name=search_term_string\"}],\"inLanguage\":\"fr-FR\"},{\"@type\":\"ImageObject\",\"@id\":\"https:\/\/www.in-magazines.com\/magazine\/sommaire\/inmagazine-41\/universite-cote-dazur-cree-son-departement-de-pharmacie\/#primaryimage\",\"inLanguage\":\"fr-FR\",\"url\":\"https:\/\/www.in-magazines.com\/magazine\/wp-content\/uploads\/2025\/06\/UNIVERSITE-COTE-D-AZUR-cree-son-Departement-de-Pharmacie-b.jpg\",\"contentUrl\":\"https:\/\/www.in-magazines.com\/magazine\/wp-content\/uploads\/2025\/06\/UNIVERSITE-COTE-D-AZUR-cree-son-Departement-de-Pharmacie-b.jpg\",\"width\":500,\"height\":227},{\"@type\":\"WebPage\",\"@id\":\"https:\/\/www.in-magazines.com\/magazine\/sommaire\/inmagazine-41\/universite-cote-dazur-cree-son-departement-de-pharmacie\/#webpage\",\"url\":\"https:\/\/www.in-magazines.com\/magazine\/sommaire\/inmagazine-41\/universite-cote-dazur-cree-son-departement-de-pharmacie\/\",\"name\":\"UNIVERSIT\\u00c9 C\\u00d4TE D\\u2019AZUR cr\\u00e9e son D\\u00e9partement de Pharmacie - In Magazines\",\"isPartOf\":{\"@id\":\"https:\/\/www.in-magazines.com\/magazine\/#website\"},\"primaryImageOfPage\":{\"@id\":\"https:\/\/www.in-magazines.com\/magazine\/sommaire\/inmagazine-41\/universite-cote-dazur-cree-son-departement-de-pharmacie\/#primaryimage\"},\"datePublished\":\"2025-06-16T06:31:00+00:00\",\"dateModified\":\"2025-06-12T12:25:08+00:00\",\"author\":{\"@id\":\"https:\/\/www.in-magazines.com\/magazine\/#\/schema\/person\/c27e7dabb9a1ef380814bdd5636d07e3\"},\"breadcrumb\":{\"@id\":\"https:\/\/www.in-magazines.com\/magazine\/sommaire\/inmagazine-41\/universite-cote-dazur-cree-son-departement-de-pharmacie\/#breadcrumb\"},\"inLanguage\":\"fr-FR\",\"potentialAction\":[{\"@type\":\"ReadAction\",\"target\":[\"https:\/\/www.in-magazines.com\/magazine\/sommaire\/inmagazine-41\/universite-cote-dazur-cree-son-departement-de-pharmacie\/\"]}]},{\"@type\":\"BreadcrumbList\",\"@id\":\"https:\/\/www.in-magazines.com\/magazine\/sommaire\/inmagazine-41\/universite-cote-dazur-cree-son-departement-de-pharmacie\/#breadcrumb\",\"itemListElement\":[{\"@type\":\"ListItem\",\"position\":1,\"item\":{\"@id\":\"https:\/\/www.in-magazines.com\/magazine\/sommaire\/inmagazine-41\/universite-cote-dazur-cree-son-departement-de-pharmacie\/#webpage\"}}]},{\"@type\":\"Person\",\"@id\":\"https:\/\/www.in-magazines.com\/magazine\/#\/schema\/person\/c27e7dabb9a1ef380814bdd5636d07e3\",\"name\":\"backinmag\",\"image\":{\"@type\":\"ImageObject\",\"@id\":\"https:\/\/www.in-magazines.com\/magazine\/#personlogo\",\"inLanguage\":\"fr-FR\",\"url\":\"https:\/\/secure.gravatar.com\/avatar\/13a234bb19dc4fd04793d73c3472fbdb?s=96&d=mm&r=g\",\"contentUrl\":\"https:\/\/secure.gravatar.com\/avatar\/13a234bb19dc4fd04793d73c3472fbdb?s=96&d=mm&r=g\",\"caption\":\"backinmag\"},\"sameAs\":[\"http:\/\/www.in-magazines.com\/magazin\"]}]}<\/script>\n<!-- \/ Yoast SEO plugin. -->","_links":{"self":[{"href":"https:\/\/www.in-magazines.com\/magazine\/wp-json\/wp\/v2\/posts\/14092"}],"collection":[{"href":"https:\/\/www.in-magazines.com\/magazine\/wp-json\/wp\/v2\/posts"}],"about":[{"href":"https:\/\/www.in-magazines.com\/magazine\/wp-json\/wp\/v2\/types\/post"}],"author":[{"embeddable":true,"href":"https:\/\/www.in-magazines.com\/magazine\/wp-json\/wp\/v2\/users\/1"}],"replies":[{"embeddable":true,"href":"https:\/\/www.in-magazines.com\/magazine\/wp-json\/wp\/v2\/comments?post=14092"}],"version-history":[{"count":4,"href":"https:\/\/www.in-magazines.com\/magazine\/wp-json\/wp\/v2\/posts\/14092\/revisions"}],"predecessor-version":[{"id":14193,"href":"https:\/\/www.in-magazines.com\/magazine\/wp-json\/wp\/v2\/posts\/14092\/revisions\/14193"}],"wp:featuredmedia":[{"embeddable":true,"href":"https:\/\/www.in-magazines.com\/magazine\/wp-json\/wp\/v2\/media\/14102"}],"wp:attachment":[{"href":"https:\/\/www.in-magazines.com\/magazine\/wp-json\/wp\/v2\/media?parent=14092"}],"wp:term":[{"taxonomy":"category","embeddable":true,"href":"https:\/\/www.in-magazines.com\/magazine\/wp-json\/wp\/v2\/categories?post=14092"},{"taxonomy":"post_tag","embeddable":true,"href":"https:\/\/www.in-magazines.com\/magazine\/wp-json\/wp\/v2\/tags?post=14092"}],"curies":[{"name":"wp","href":"https:\/\/api.w.org\/{rel}","templated":true}]}}