

{"id":14120,"date":"2025-06-16T06:04:00","date_gmt":"2025-06-16T06:04:00","guid":{"rendered":"https:\/\/www.in-magazines.com\/magazine\/?p=14120"},"modified":"2025-06-12T11:32:09","modified_gmt":"2025-06-12T11:32:09","slug":"maison-de-bacon-rooftop-leclat-de-bacon","status":"publish","type":"post","link":"https:\/\/www.in-magazines.com\/magazine\/sommaire\/inmagazine-41\/maison-de-bacon-rooftop-leclat-de-bacon\/","title":{"rendered":"MAISON DE BACON : ROOFTOP, l\u2019\u00e9clat de Bacon"},"content":{"rendered":"\n<p>Dominant les vagues du Cap d\u2019Antibes, dans un panorama somptueux, la Maison de Bacon relance une saison sous les \u00e9toiles, avec la r\u00e9ouverture de son rooftop.<\/p>\n\n\n\n<p>Il d\u00e9voile ses incroyables couchers de soleil dans sa version estivale. Et pour vivre l\u2019exclusif \u00e0 son z\u00e9nith, c\u2019est Victor Delpierre, champion du monde cocktails et baristas, qui signe la carte des cocktails et vous invite \u00e0 prendre de la hauteur et prolonger vos journ\u00e9es de farniente, dans un panorama ouvert \u00e0 360 \u00b0 sur la mer. Une carte de tapas tout en l\u00e9g\u00e8ret\u00e9 accompagnera votre visite tandis que les volutes d\u2019exception de la cave \u00e0 cigares de la Maison sauront s\u2019accorder \u00e0 une fin de soir\u00e9e en majest\u00e9.<\/p>\n\n\n\n<p>Design et modulable, dot\u00e9 des derni\u00e8res technologies de communication, cet espace lounge de la Maison de Bacon accueille en semi-privatisation vos \u00e9v\u00e9nements et cocktails jusqu\u2019\u00e0 120 invit\u00e9s. \u00c0 d\u00e9couvrir du mercredi soir au dimanche soir, de 18 h \u00e0 Minuit et le dimanche \u00e0 midi.<\/p>\n\n\n\n<h2 class=\"wp-block-heading\">L\u2019appartement de Victor, en toute intimit\u00e9<\/h2>\n\n\n\n<p>\u00c0 l\u2019\u00e9tage du restaurant, parenth\u00e8se intimiste et haut de gamme de la Maison de Bacon, l\u2019appartement de Victor constitue la r\u00e9ponse \u00e0 la volont\u00e9 d\u2019organiser des r\u00e9unions en petit format (20 personnes \u00e0 d\u00e9jeuner ou diner, 40 en formule cocktail) dans un environnement et un cadre privatif feutr\u00e9s de superbe facture, sur 100 m\u00b2, avec un fumoir et deux terrasses dominant la mer.<\/p>\n\n\n<a href=\"#\" class=\"_3d-flip-book  fb3d-link-lightbox-mode\" data-id=\"13897\" data-mode=\"link-lightbox\" data-title=\"false\" data-template=\"short-white-book-view\" data-lightbox=\"dark\" data-urlparam=\"fb3d-page\" data-page-n=\"0\" data-pdf=\"\" data-tax=\"null\" data-thumbnail=\"\" data-cols=\"3\" data-query=\"\"><img decoding=\"async\" src=\"http:\/\/www.in-magazines.com\/magazine\/wp-content\/uploads\/2021\/05\/btn.jpg\"><\/a>\n","protected":false},"excerpt":{"rendered":"<p>Dominant les vagues du Cap d&rsquo;Antibes, dans un panorama somptueux, la Maison de Bacon relance une saison sous les &eacute;toiles, avec la r&eacute;ouverture de son rooftop. Il d&eacute;voile ses incroyables couchers de soleil dans sa version estivale. Et pour vivre l&rsquo;exclusif &agrave; son z&eacute;nith, c&rsquo;est Victor Delpierre, champion du monde cocktails et baristas, qui signe&hellip; <a class=\"more-link\" href=\"https:\/\/www.in-magazines.com\/magazine\/sommaire\/inmagazine-41\/maison-de-bacon-rooftop-leclat-de-bacon\/\">Poursuivre la lecture <span class=\"screen-reader-text\">MAISON DE BACON : ROOFTOP, l\u2019\u00e9clat de Bacon<\/span><\/a><\/p>\n","protected":false},"author":1,"featured_media":14123,"comment_status":"open","ping_status":"open","sticky":false,"template":"","format":"standard","meta":{"footnotes":""},"categories":[2590,1700],"tags":[1645,2663],"yoast_head":"<!-- This site is optimized with the Yoast SEO plugin v16.2 - https:\/\/yoast.com\/wordpress\/plugins\/seo\/ -->\n<title>MAISON DE BACON : ROOFTOP, l\u2019\u00e9clat de Bacon - In Magazines<\/title>\n<meta name=\"robots\" content=\"index, follow, max-snippet:-1, max-image-preview:large, max-video-preview:-1\" \/>\n<link rel=\"canonical\" href=\"https:\/\/www.in-magazines.com\/magazine\/sommaire\/inmagazine-41\/maison-de-bacon-rooftop-leclat-de-bacon\/\" \/>\n<meta property=\"og:locale\" content=\"fr_FR\" \/>\n<meta property=\"og:type\" content=\"article\" \/>\n<meta property=\"og:title\" content=\"MAISON DE BACON : ROOFTOP, l\u2019\u00e9clat de Bacon - In Magazines\" \/>\n<meta property=\"og:description\" content=\"Dominant les vagues du Cap d&rsquo;Antibes, dans un panorama somptueux, la Maison de Bacon relance une saison sous les &eacute;toiles, avec la r&eacute;ouverture de son rooftop. Il d&eacute;voile ses incroyables couchers de soleil dans sa version estivale. Et pour vivre l&rsquo;exclusif &agrave; son z&eacute;nith, c&rsquo;est Victor Delpierre, champion du monde cocktails et baristas, qui signe&hellip; Poursuivre la lecture MAISON DE BACON : ROOFTOP, l\u2019\u00e9clat de Bacon\" \/>\n<meta property=\"og:url\" content=\"https:\/\/www.in-magazines.com\/magazine\/sommaire\/inmagazine-41\/maison-de-bacon-rooftop-leclat-de-bacon\/\" \/>\n<meta property=\"og:site_name\" content=\"In Magazines\" \/>\n<meta property=\"article:published_time\" content=\"2025-06-16T06:04:00+00:00\" \/>\n<meta property=\"article:modified_time\" content=\"2025-06-12T11:32:09+00:00\" \/>\n<meta property=\"og:image\" content=\"https:\/\/www.in-magazines.com\/magazine\/wp-content\/uploads\/2025\/06\/MAISON-DE-BACON-ROOFTOP-l-eclat-de-Bacon.jpg\" \/>\n\t<meta property=\"og:image:width\" content=\"500\" \/>\n\t<meta property=\"og:image:height\" content=\"333\" \/>\n<meta name=\"twitter:label1\" content=\"Dur\u00e9e de lecture est.\">\n\t<meta name=\"twitter:data1\" content=\"2 minutes\">\n<script type=\"application\/ld+json\" class=\"yoast-schema-graph\">{\"@context\":\"https:\/\/schema.org\",\"@graph\":[{\"@type\":\"WebSite\",\"@id\":\"https:\/\/www.in-magazines.com\/magazine\/#website\",\"url\":\"https:\/\/www.in-magazines.com\/magazine\/\",\"name\":\"In Magazines\",\"description\":\"\",\"potentialAction\":[{\"@type\":\"SearchAction\",\"target\":\"https:\/\/www.in-magazines.com\/magazine\/?s={search_term_string}\",\"query-input\":\"required name=search_term_string\"}],\"inLanguage\":\"fr-FR\"},{\"@type\":\"ImageObject\",\"@id\":\"https:\/\/www.in-magazines.com\/magazine\/sommaire\/inmagazine-41\/maison-de-bacon-rooftop-leclat-de-bacon\/#primaryimage\",\"inLanguage\":\"fr-FR\",\"url\":\"https:\/\/www.in-magazines.com\/magazine\/wp-content\/uploads\/2025\/06\/MAISON-DE-BACON-ROOFTOP-l-eclat-de-Bacon.jpg\",\"contentUrl\":\"https:\/\/www.in-magazines.com\/magazine\/wp-content\/uploads\/2025\/06\/MAISON-DE-BACON-ROOFTOP-l-eclat-de-Bacon.jpg\",\"width\":500,\"height\":333},{\"@type\":\"WebPage\",\"@id\":\"https:\/\/www.in-magazines.com\/magazine\/sommaire\/inmagazine-41\/maison-de-bacon-rooftop-leclat-de-bacon\/#webpage\",\"url\":\"https:\/\/www.in-magazines.com\/magazine\/sommaire\/inmagazine-41\/maison-de-bacon-rooftop-leclat-de-bacon\/\",\"name\":\"MAISON DE BACON : ROOFTOP, l\\u2019\\u00e9clat de Bacon - In Magazines\",\"isPartOf\":{\"@id\":\"https:\/\/www.in-magazines.com\/magazine\/#website\"},\"primaryImageOfPage\":{\"@id\":\"https:\/\/www.in-magazines.com\/magazine\/sommaire\/inmagazine-41\/maison-de-bacon-rooftop-leclat-de-bacon\/#primaryimage\"},\"datePublished\":\"2025-06-16T06:04:00+00:00\",\"dateModified\":\"2025-06-12T11:32:09+00:00\",\"author\":{\"@id\":\"https:\/\/www.in-magazines.com\/magazine\/#\/schema\/person\/c27e7dabb9a1ef380814bdd5636d07e3\"},\"breadcrumb\":{\"@id\":\"https:\/\/www.in-magazines.com\/magazine\/sommaire\/inmagazine-41\/maison-de-bacon-rooftop-leclat-de-bacon\/#breadcrumb\"},\"inLanguage\":\"fr-FR\",\"potentialAction\":[{\"@type\":\"ReadAction\",\"target\":[\"https:\/\/www.in-magazines.com\/magazine\/sommaire\/inmagazine-41\/maison-de-bacon-rooftop-leclat-de-bacon\/\"]}]},{\"@type\":\"BreadcrumbList\",\"@id\":\"https:\/\/www.in-magazines.com\/magazine\/sommaire\/inmagazine-41\/maison-de-bacon-rooftop-leclat-de-bacon\/#breadcrumb\",\"itemListElement\":[{\"@type\":\"ListItem\",\"position\":1,\"item\":{\"@id\":\"https:\/\/www.in-magazines.com\/magazine\/sommaire\/inmagazine-41\/maison-de-bacon-rooftop-leclat-de-bacon\/#webpage\"}}]},{\"@type\":\"Person\",\"@id\":\"https:\/\/www.in-magazines.com\/magazine\/#\/schema\/person\/c27e7dabb9a1ef380814bdd5636d07e3\",\"name\":\"backinmag\",\"image\":{\"@type\":\"ImageObject\",\"@id\":\"https:\/\/www.in-magazines.com\/magazine\/#personlogo\",\"inLanguage\":\"fr-FR\",\"url\":\"https:\/\/secure.gravatar.com\/avatar\/13a234bb19dc4fd04793d73c3472fbdb?s=96&d=mm&r=g\",\"contentUrl\":\"https:\/\/secure.gravatar.com\/avatar\/13a234bb19dc4fd04793d73c3472fbdb?s=96&d=mm&r=g\",\"caption\":\"backinmag\"},\"sameAs\":[\"http:\/\/www.in-magazines.com\/magazin\"]}]}<\/script>\n<!-- \/ Yoast SEO plugin. -->","_links":{"self":[{"href":"https:\/\/www.in-magazines.com\/magazine\/wp-json\/wp\/v2\/posts\/14120"}],"collection":[{"href":"https:\/\/www.in-magazines.com\/magazine\/wp-json\/wp\/v2\/posts"}],"about":[{"href":"https:\/\/www.in-magazines.com\/magazine\/wp-json\/wp\/v2\/types\/post"}],"author":[{"embeddable":true,"href":"https:\/\/www.in-magazines.com\/magazine\/wp-json\/wp\/v2\/users\/1"}],"replies":[{"embeddable":true,"href":"https:\/\/www.in-magazines.com\/magazine\/wp-json\/wp\/v2\/comments?post=14120"}],"version-history":[{"count":2,"href":"https:\/\/www.in-magazines.com\/magazine\/wp-json\/wp\/v2\/posts\/14120\/revisions"}],"predecessor-version":[{"id":14125,"href":"https:\/\/www.in-magazines.com\/magazine\/wp-json\/wp\/v2\/posts\/14120\/revisions\/14125"}],"wp:featuredmedia":[{"embeddable":true,"href":"https:\/\/www.in-magazines.com\/magazine\/wp-json\/wp\/v2\/media\/14123"}],"wp:attachment":[{"href":"https:\/\/www.in-magazines.com\/magazine\/wp-json\/wp\/v2\/media?parent=14120"}],"wp:term":[{"taxonomy":"category","embeddable":true,"href":"https:\/\/www.in-magazines.com\/magazine\/wp-json\/wp\/v2\/categories?post=14120"},{"taxonomy":"post_tag","embeddable":true,"href":"https:\/\/www.in-magazines.com\/magazine\/wp-json\/wp\/v2\/tags?post=14120"}],"curies":[{"name":"wp","href":"https:\/\/api.w.org\/{rel}","templated":true}]}}