

{"id":14129,"date":"2025-06-16T06:28:00","date_gmt":"2025-06-16T06:28:00","guid":{"rendered":"https:\/\/www.in-magazines.com\/magazine\/?p=14129"},"modified":"2025-06-12T11:39:10","modified_gmt":"2025-06-12T11:39:10","slug":"petite-embellie-au-1er-trimestre-2025","status":"publish","type":"post","link":"https:\/\/www.in-magazines.com\/magazine\/sommaire\/inmagazine-41\/petite-embellie-au-1er-trimestre-2025\/","title":{"rendered":"PETITE EMBELLIE au 1er trimestre 2025"},"content":{"rendered":"\n<p>L\u2019Observatoire Immobilier d\u2019Habitat (OIH) de la CCI Nice C\u00f4te d\u2019Azur vient de livrer son analyse du march\u00e9 azur\u00e9en sur le premier trimestre de l\u2019ann\u00e9e 2025. A cette occasion et parce que le logement reste un enjeu majeur pour l\u2019ensemble de l\u2019\u00e9conomie azur\u00e9enne, l\u2019OIH accueille un nouveau partenaire avec l\u2019arriv\u00e9e de l\u2019UPE06.<\/p>\n\n\n\n<p>L\u2019expertise de l\u2019Observatoire Immobilier d\u2019Habitat se voit ainsi renforc\u00e9e par l\u2019arriv\u00e9e du syndicat patronal, qui compl\u00e8te ainsi un large panel d\u2019acteurs de l\u2019immobilier sur la C\u00f4te d\u2019Azur avec la F\u00e9d\u00e9ration Nationale de l\u2019Immobilier C\u00f4te d\u2019Azur, la F\u00e9d\u00e9ration des Promoteurs Immobiliers de la C\u00f4te d\u2019Azur et de Corse, la F\u00e9d\u00e9ration du B\u00e2timent et des Travaux Publics des Alpes-Maritimes, la Chambre des Notaires 06, In\u2019li Paca Groupe Action Logement, la Banque des Territoires Groupe Caisse des D\u00e9p\u00f4ts, EDF, GRDF et la Caisse d\u2019Epargne.<br>A l\u2019occasion de l\u2019arriv\u00e9e de ce nouveau partenaire \u00e9tait pr\u00e9sent\u00e9e les r\u00e9sultats de l\u2019analyse du march\u00e9 en mars 2025. Ainsi, sur une ann\u00e9e, le march\u00e9 de l\u2019existant accuse une baisse de \u20133 %, pour les appartements anciens, et jusqu\u2019\u00e0 &#8211; 4,8 % pour les maisons anciennes, avec des prix qui semblent se stabiliser mais \u00e0 des niveaux toujours \u00e9lev\u00e9s. Si pour les actifs et primo acc\u00e9dant, les conditions d\u2019acquisition restent tendues, l\u2019activit\u00e9 est soutenue par les march\u00e9s de la r\u00e9sidence secondaire, des retrait\u00e9s et de la client\u00e8le internationale. Sur le march\u00e9 du neuf, le niveau du prix des logements, qui enregistre une tr\u00e8s l\u00e9g\u00e8re baisse (- 2 %) apr\u00e8s des mois de hausse, reste \u00e9lev\u00e9 (6 628 \u20ac le m\u00b2), la conjoncture \u00e9conomique et la situation politique continuent \u00e0 peser sur les d\u00e9cisions d\u2019acquisition, notamment pour les actifs.<\/p>\n\n\n<a href=\"#\" class=\"_3d-flip-book  fb3d-link-lightbox-mode\" data-id=\"13876\" data-mode=\"link-lightbox\" data-title=\"false\" data-template=\"short-white-book-view\" data-lightbox=\"dark\" data-urlparam=\"fb3d-page\" data-page-n=\"0\" data-pdf=\"\" data-tax=\"null\" data-thumbnail=\"\" data-cols=\"3\" data-query=\"\"><img decoding=\"async\" src=\"http:\/\/www.in-magazines.com\/magazine\/wp-content\/uploads\/2021\/05\/btn.jpg\"><\/a>\n","protected":false},"excerpt":{"rendered":"<p>L&rsquo;Observatoire Immobilier d&rsquo;Habitat (OIH) de la CCI Nice C&ocirc;te d&rsquo;Azur vient de livrer son analyse du march&eacute; azur&eacute;en sur le premier trimestre de l&rsquo;ann&eacute;e 2025. A cette occasion et parce que le logement reste un enjeu majeur pour l&rsquo;ensemble de l&rsquo;&eacute;conomie azur&eacute;enne, l&rsquo;OIH accueille un nouveau partenaire avec l&rsquo;arriv&eacute;e de l&rsquo;UPE06. L&rsquo;expertise de l&rsquo;Observatoire Immobilier&hellip; <a class=\"more-link\" href=\"https:\/\/www.in-magazines.com\/magazine\/sommaire\/inmagazine-41\/petite-embellie-au-1er-trimestre-2025\/\">Poursuivre la lecture <span class=\"screen-reader-text\">PETITE EMBELLIE au 1er trimestre 2025<\/span><\/a><\/p>\n","protected":false},"author":1,"featured_media":14130,"comment_status":"open","ping_status":"open","sticky":false,"template":"","format":"standard","meta":{"footnotes":""},"categories":[8,2590,1698],"tags":[2664,2665],"yoast_head":"<!-- This site is optimized with the Yoast SEO plugin v16.2 - https:\/\/yoast.com\/wordpress\/plugins\/seo\/ -->\n<title>PETITE EMBELLIE au 1er trimestre 2025 - In Magazines<\/title>\n<meta name=\"robots\" content=\"index, follow, max-snippet:-1, max-image-preview:large, max-video-preview:-1\" \/>\n<link rel=\"canonical\" href=\"https:\/\/www.in-magazines.com\/magazine\/sommaire\/inmagazine-41\/petite-embellie-au-1er-trimestre-2025\/\" \/>\n<meta property=\"og:locale\" content=\"fr_FR\" \/>\n<meta property=\"og:type\" content=\"article\" \/>\n<meta property=\"og:title\" content=\"PETITE EMBELLIE au 1er trimestre 2025 - In Magazines\" \/>\n<meta property=\"og:description\" content=\"L&rsquo;Observatoire Immobilier d&rsquo;Habitat (OIH) de la CCI Nice C&ocirc;te d&rsquo;Azur vient de livrer son analyse du march&eacute; azur&eacute;en sur le premier trimestre de l&rsquo;ann&eacute;e 2025. A cette occasion et parce que le logement reste un enjeu majeur pour l&rsquo;ensemble de l&rsquo;&eacute;conomie azur&eacute;enne, l&rsquo;OIH accueille un nouveau partenaire avec l&rsquo;arriv&eacute;e de l&rsquo;UPE06. L&rsquo;expertise de l&rsquo;Observatoire Immobilier&hellip; Poursuivre la lecture PETITE EMBELLIE au 1er trimestre 2025\" \/>\n<meta property=\"og:url\" content=\"https:\/\/www.in-magazines.com\/magazine\/sommaire\/inmagazine-41\/petite-embellie-au-1er-trimestre-2025\/\" \/>\n<meta property=\"og:site_name\" content=\"In Magazines\" \/>\n<meta property=\"article:published_time\" content=\"2025-06-16T06:28:00+00:00\" \/>\n<meta property=\"article:modified_time\" content=\"2025-06-12T11:39:10+00:00\" \/>\n<meta property=\"og:image\" content=\"https:\/\/www.in-magazines.com\/magazine\/wp-content\/uploads\/2025\/06\/PETITE-EMBELLIE-au-1er-trimestre-2025.jpg\" \/>\n\t<meta property=\"og:image:width\" content=\"500\" \/>\n\t<meta property=\"og:image:height\" content=\"282\" \/>\n<meta name=\"twitter:label1\" content=\"Dur\u00e9e de lecture est.\">\n\t<meta name=\"twitter:data1\" content=\"2 minutes\">\n<script type=\"application\/ld+json\" class=\"yoast-schema-graph\">{\"@context\":\"https:\/\/schema.org\",\"@graph\":[{\"@type\":\"WebSite\",\"@id\":\"https:\/\/www.in-magazines.com\/magazine\/#website\",\"url\":\"https:\/\/www.in-magazines.com\/magazine\/\",\"name\":\"In Magazines\",\"description\":\"\",\"potentialAction\":[{\"@type\":\"SearchAction\",\"target\":\"https:\/\/www.in-magazines.com\/magazine\/?s={search_term_string}\",\"query-input\":\"required name=search_term_string\"}],\"inLanguage\":\"fr-FR\"},{\"@type\":\"ImageObject\",\"@id\":\"https:\/\/www.in-magazines.com\/magazine\/sommaire\/inmagazine-41\/petite-embellie-au-1er-trimestre-2025\/#primaryimage\",\"inLanguage\":\"fr-FR\",\"url\":\"https:\/\/www.in-magazines.com\/magazine\/wp-content\/uploads\/2025\/06\/PETITE-EMBELLIE-au-1er-trimestre-2025.jpg\",\"contentUrl\":\"https:\/\/www.in-magazines.com\/magazine\/wp-content\/uploads\/2025\/06\/PETITE-EMBELLIE-au-1er-trimestre-2025.jpg\",\"width\":500,\"height\":282},{\"@type\":\"WebPage\",\"@id\":\"https:\/\/www.in-magazines.com\/magazine\/sommaire\/inmagazine-41\/petite-embellie-au-1er-trimestre-2025\/#webpage\",\"url\":\"https:\/\/www.in-magazines.com\/magazine\/sommaire\/inmagazine-41\/petite-embellie-au-1er-trimestre-2025\/\",\"name\":\"PETITE EMBELLIE au 1er trimestre 2025 - In Magazines\",\"isPartOf\":{\"@id\":\"https:\/\/www.in-magazines.com\/magazine\/#website\"},\"primaryImageOfPage\":{\"@id\":\"https:\/\/www.in-magazines.com\/magazine\/sommaire\/inmagazine-41\/petite-embellie-au-1er-trimestre-2025\/#primaryimage\"},\"datePublished\":\"2025-06-16T06:28:00+00:00\",\"dateModified\":\"2025-06-12T11:39:10+00:00\",\"author\":{\"@id\":\"https:\/\/www.in-magazines.com\/magazine\/#\/schema\/person\/c27e7dabb9a1ef380814bdd5636d07e3\"},\"breadcrumb\":{\"@id\":\"https:\/\/www.in-magazines.com\/magazine\/sommaire\/inmagazine-41\/petite-embellie-au-1er-trimestre-2025\/#breadcrumb\"},\"inLanguage\":\"fr-FR\",\"potentialAction\":[{\"@type\":\"ReadAction\",\"target\":[\"https:\/\/www.in-magazines.com\/magazine\/sommaire\/inmagazine-41\/petite-embellie-au-1er-trimestre-2025\/\"]}]},{\"@type\":\"BreadcrumbList\",\"@id\":\"https:\/\/www.in-magazines.com\/magazine\/sommaire\/inmagazine-41\/petite-embellie-au-1er-trimestre-2025\/#breadcrumb\",\"itemListElement\":[{\"@type\":\"ListItem\",\"position\":1,\"item\":{\"@id\":\"https:\/\/www.in-magazines.com\/magazine\/sommaire\/inmagazine-41\/petite-embellie-au-1er-trimestre-2025\/#webpage\"}}]},{\"@type\":\"Person\",\"@id\":\"https:\/\/www.in-magazines.com\/magazine\/#\/schema\/person\/c27e7dabb9a1ef380814bdd5636d07e3\",\"name\":\"backinmag\",\"image\":{\"@type\":\"ImageObject\",\"@id\":\"https:\/\/www.in-magazines.com\/magazine\/#personlogo\",\"inLanguage\":\"fr-FR\",\"url\":\"https:\/\/secure.gravatar.com\/avatar\/13a234bb19dc4fd04793d73c3472fbdb?s=96&d=mm&r=g\",\"contentUrl\":\"https:\/\/secure.gravatar.com\/avatar\/13a234bb19dc4fd04793d73c3472fbdb?s=96&d=mm&r=g\",\"caption\":\"backinmag\"},\"sameAs\":[\"http:\/\/www.in-magazines.com\/magazin\"]}]}<\/script>\n<!-- \/ Yoast SEO plugin. -->","_links":{"self":[{"href":"https:\/\/www.in-magazines.com\/magazine\/wp-json\/wp\/v2\/posts\/14129"}],"collection":[{"href":"https:\/\/www.in-magazines.com\/magazine\/wp-json\/wp\/v2\/posts"}],"about":[{"href":"https:\/\/www.in-magazines.com\/magazine\/wp-json\/wp\/v2\/types\/post"}],"author":[{"embeddable":true,"href":"https:\/\/www.in-magazines.com\/magazine\/wp-json\/wp\/v2\/users\/1"}],"replies":[{"embeddable":true,"href":"https:\/\/www.in-magazines.com\/magazine\/wp-json\/wp\/v2\/comments?post=14129"}],"version-history":[{"count":2,"href":"https:\/\/www.in-magazines.com\/magazine\/wp-json\/wp\/v2\/posts\/14129\/revisions"}],"predecessor-version":[{"id":14132,"href":"https:\/\/www.in-magazines.com\/magazine\/wp-json\/wp\/v2\/posts\/14129\/revisions\/14132"}],"wp:featuredmedia":[{"embeddable":true,"href":"https:\/\/www.in-magazines.com\/magazine\/wp-json\/wp\/v2\/media\/14130"}],"wp:attachment":[{"href":"https:\/\/www.in-magazines.com\/magazine\/wp-json\/wp\/v2\/media?parent=14129"}],"wp:term":[{"taxonomy":"category","embeddable":true,"href":"https:\/\/www.in-magazines.com\/magazine\/wp-json\/wp\/v2\/categories?post=14129"},{"taxonomy":"post_tag","embeddable":true,"href":"https:\/\/www.in-magazines.com\/magazine\/wp-json\/wp\/v2\/tags?post=14129"}],"curies":[{"name":"wp","href":"https:\/\/api.w.org\/{rel}","templated":true}]}}