

{"id":14149,"date":"2025-06-16T06:00:00","date_gmt":"2025-06-16T06:00:00","guid":{"rendered":"https:\/\/www.in-magazines.com\/magazine\/?p=14149"},"modified":"2025-06-12T11:55:31","modified_gmt":"2025-06-12T11:55:31","slug":"padel-fauteuil-dorian-navarro-ambassadeur-de-la-discipline-et-n1-francais","status":"publish","type":"post","link":"https:\/\/www.in-magazines.com\/magazine\/sommaire\/inmagazine-41\/padel-fauteuil-dorian-navarro-ambassadeur-de-la-discipline-et-n1-francais\/","title":{"rendered":"PADEL FAUTEUIL : DORIAN NAVARRO, ambassadeur de la discipline et N\u00b01 fran\u00e7ais !"},"content":{"rendered":"\n<p>Depuis 2017, Dorian Navarro vit en fauteuil roulant. Avant l\u2019accident qui l\u2019a handicap\u00e9, le jeune cagnois jouait un tennis de bon niveau, en simple comme en double. Aujourd\u2019hui, c\u2019est en Padel fauteuil qu\u2019il se distingue : Dorian est m\u00eame devenu num\u00e9ro 1 fran\u00e7ais de la discipline\u2026 Rencontre.<\/p>\n\n\n\n<p><strong>Comment avez-vous commenc\u00e9 \u00e0 jouer au padel ?<\/strong><\/p>\n\n\n\n<p>Dorian Navarro : apr\u00e8s l\u2019accident, j\u2019ai d\u00e9but\u00e9 par des sports en centre de r\u00e9\u00e9ducation, tels que le tir \u00e0 l\u2019arc, le tennis de table et la natation. Les sports propos\u00e9s le sont en fonction de votre capacit\u00e9 \u00e0 les pratiquer. Lorsque je suis sorti de centre de r\u00e9\u00e9ducation, j\u2019ai commenc\u00e9 par le tennis, que j\u2019avais d\u00e9j\u00e0 pratiqu\u00e9 \u00e0 haut niveau, depuis mon plus jeune \u00e2ge.<\/p>\n\n\n\n<p><strong>Vous \u00e9tiez dans le Top 100 mondial du Tennis fauteuil. Vous en viviez ?<\/strong><\/p>\n\n\n\n<p>Non, pas vraiment, m\u00eame si je comptabilisais autour de 30 tournois annuels ! Apr\u00e8s les centres de r\u00e9\u00e9ducation, j\u2019y ai donc jou\u00e9 quatre ans en fauteuil, de 2018 \u00e0 2022, j\u2019avais atteint un bon niveau. C\u2019est en 2022 que je me suis lanc\u00e9 dans le padel. Au tennis, je pr\u00e9f\u00e9rais le double, j\u2019ai donc tout de suite adh\u00e9r\u00e9 : les \u00e9changes sont plus longs, c\u2019est plus strat\u00e9gique, moins \u00ab violent \u00bb et exp\u00e9ditif qu\u2019au tennis.<\/p>\n\n\n\n<p><strong>Quel est votre classement au Padel fauteuil\u00a0? comment avez-vous progress\u00e9 ?<\/strong><\/p>\n\n\n\n<p>Je suis Num\u00e9ro 1 au ranking fran\u00e7ais depuis mai 2023. L\u2019officialisation des comp\u00e9titions de padel fauteuil a eu lieu en f\u00e9vrier 2022 et le premier classement national est sorti en septembre 2022. Nous sommes 70 inscrits au classement r\u00e9gulier en France. Pour \u00e9viter de figer la comp\u00e9tition, nous essayons de ne pas cr\u00e9er de paires fixes, pour plus de diversit\u00e9, plus d\u2019enjeu. Et lorsque je me d\u00e9place \u00e0 l\u2019\u00e9tranger, je suis principalement ax\u00e9 sur le circuit espagnol.<\/p>\n\n\n<a href=\"#\" class=\"_3d-flip-book  fb3d-link-lightbox-mode\" data-id=\"13901\" data-mode=\"link-lightbox\" data-title=\"false\" data-template=\"short-white-book-view\" data-lightbox=\"dark\" data-urlparam=\"fb3d-page\" data-page-n=\"0\" data-pdf=\"\" data-tax=\"null\" data-thumbnail=\"\" data-cols=\"3\" data-query=\"\"><img decoding=\"async\" src=\"http:\/\/www.in-magazines.com\/magazine\/wp-content\/uploads\/2021\/05\/btn.jpg\"><\/a>\n","protected":false},"excerpt":{"rendered":"<p>Depuis 2017, Dorian Navarro vit en fauteuil roulant. Avant l&rsquo;accident qui l&rsquo;a handicap&eacute;, le jeune cagnois jouait un tennis de bon niveau, en simple comme en double. Aujourd&rsquo;hui, c&rsquo;est en Padel fauteuil qu&rsquo;il se distingue : Dorian est m&ecirc;me devenu num&eacute;ro 1 fran&ccedil;ais de la discipline&hellip; Rencontre. Comment avez-vous commenc&eacute; &agrave; jouer au padel ?&hellip; <a class=\"more-link\" href=\"https:\/\/www.in-magazines.com\/magazine\/sommaire\/inmagazine-41\/padel-fauteuil-dorian-navarro-ambassadeur-de-la-discipline-et-n1-francais\/\">Poursuivre la lecture <span class=\"screen-reader-text\">PADEL FAUTEUIL : DORIAN NAVARRO, ambassadeur de la discipline et N\u00b01 fran\u00e7ais !<\/span><\/a><\/p>\n","protected":false},"author":1,"featured_media":14151,"comment_status":"open","ping_status":"open","sticky":false,"template":"","format":"standard","meta":{"footnotes":""},"categories":[2590,1700],"tags":[2675,2677],"yoast_head":"<!-- This site is optimized with the Yoast SEO plugin v16.2 - https:\/\/yoast.com\/wordpress\/plugins\/seo\/ -->\n<title>PADEL FAUTEUIL : DORIAN NAVARRO, ambassadeur de la discipline et N\u00b01 fran\u00e7ais ! - In Magazines<\/title>\n<meta name=\"robots\" content=\"index, follow, max-snippet:-1, max-image-preview:large, max-video-preview:-1\" \/>\n<link rel=\"canonical\" href=\"https:\/\/www.in-magazines.com\/magazine\/sommaire\/inmagazine-41\/padel-fauteuil-dorian-navarro-ambassadeur-de-la-discipline-et-n1-francais\/\" \/>\n<meta property=\"og:locale\" content=\"fr_FR\" \/>\n<meta property=\"og:type\" content=\"article\" \/>\n<meta property=\"og:title\" content=\"PADEL FAUTEUIL : DORIAN NAVARRO, ambassadeur de la discipline et N\u00b01 fran\u00e7ais ! - In Magazines\" \/>\n<meta property=\"og:description\" content=\"Depuis 2017, Dorian Navarro vit en fauteuil roulant. Avant l&rsquo;accident qui l&rsquo;a handicap&eacute;, le jeune cagnois jouait un tennis de bon niveau, en simple comme en double. Aujourd&rsquo;hui, c&rsquo;est en Padel fauteuil qu&rsquo;il se distingue : Dorian est m&ecirc;me devenu num&eacute;ro 1 fran&ccedil;ais de la discipline&hellip; Rencontre. Comment avez-vous commenc&eacute; &agrave; jouer au padel ?&hellip; Poursuivre la lecture PADEL FAUTEUIL : DORIAN NAVARRO, ambassadeur de la discipline et N\u00b01 fran\u00e7ais !\" \/>\n<meta property=\"og:url\" content=\"https:\/\/www.in-magazines.com\/magazine\/sommaire\/inmagazine-41\/padel-fauteuil-dorian-navarro-ambassadeur-de-la-discipline-et-n1-francais\/\" \/>\n<meta property=\"og:site_name\" content=\"In Magazines\" \/>\n<meta property=\"article:published_time\" content=\"2025-06-16T06:00:00+00:00\" \/>\n<meta property=\"article:modified_time\" content=\"2025-06-12T11:55:31+00:00\" \/>\n<meta property=\"og:image\" content=\"https:\/\/www.in-magazines.com\/magazine\/wp-content\/uploads\/2025\/06\/PADEL-FAUTEUIL-DORIAN-NAVARRO-ambassadeur-de-la-discipline-et-N-1-francais.jpg\" \/>\n\t<meta property=\"og:image:width\" content=\"500\" \/>\n\t<meta property=\"og:image:height\" content=\"500\" \/>\n<meta name=\"twitter:label1\" content=\"Dur\u00e9e de lecture est.\">\n\t<meta name=\"twitter:data1\" content=\"2 minutes\">\n<script type=\"application\/ld+json\" class=\"yoast-schema-graph\">{\"@context\":\"https:\/\/schema.org\",\"@graph\":[{\"@type\":\"WebSite\",\"@id\":\"https:\/\/www.in-magazines.com\/magazine\/#website\",\"url\":\"https:\/\/www.in-magazines.com\/magazine\/\",\"name\":\"In Magazines\",\"description\":\"\",\"potentialAction\":[{\"@type\":\"SearchAction\",\"target\":\"https:\/\/www.in-magazines.com\/magazine\/?s={search_term_string}\",\"query-input\":\"required name=search_term_string\"}],\"inLanguage\":\"fr-FR\"},{\"@type\":\"ImageObject\",\"@id\":\"https:\/\/www.in-magazines.com\/magazine\/sommaire\/inmagazine-41\/padel-fauteuil-dorian-navarro-ambassadeur-de-la-discipline-et-n1-francais\/#primaryimage\",\"inLanguage\":\"fr-FR\",\"url\":\"https:\/\/www.in-magazines.com\/magazine\/wp-content\/uploads\/2025\/06\/PADEL-FAUTEUIL-DORIAN-NAVARRO-ambassadeur-de-la-discipline-et-N-1-francais.jpg\",\"contentUrl\":\"https:\/\/www.in-magazines.com\/magazine\/wp-content\/uploads\/2025\/06\/PADEL-FAUTEUIL-DORIAN-NAVARRO-ambassadeur-de-la-discipline-et-N-1-francais.jpg\",\"width\":500,\"height\":500},{\"@type\":\"WebPage\",\"@id\":\"https:\/\/www.in-magazines.com\/magazine\/sommaire\/inmagazine-41\/padel-fauteuil-dorian-navarro-ambassadeur-de-la-discipline-et-n1-francais\/#webpage\",\"url\":\"https:\/\/www.in-magazines.com\/magazine\/sommaire\/inmagazine-41\/padel-fauteuil-dorian-navarro-ambassadeur-de-la-discipline-et-n1-francais\/\",\"name\":\"PADEL FAUTEUIL : DORIAN NAVARRO, ambassadeur de la discipline et N\\u00b01 fran\\u00e7ais ! - In Magazines\",\"isPartOf\":{\"@id\":\"https:\/\/www.in-magazines.com\/magazine\/#website\"},\"primaryImageOfPage\":{\"@id\":\"https:\/\/www.in-magazines.com\/magazine\/sommaire\/inmagazine-41\/padel-fauteuil-dorian-navarro-ambassadeur-de-la-discipline-et-n1-francais\/#primaryimage\"},\"datePublished\":\"2025-06-16T06:00:00+00:00\",\"dateModified\":\"2025-06-12T11:55:31+00:00\",\"author\":{\"@id\":\"https:\/\/www.in-magazines.com\/magazine\/#\/schema\/person\/c27e7dabb9a1ef380814bdd5636d07e3\"},\"breadcrumb\":{\"@id\":\"https:\/\/www.in-magazines.com\/magazine\/sommaire\/inmagazine-41\/padel-fauteuil-dorian-navarro-ambassadeur-de-la-discipline-et-n1-francais\/#breadcrumb\"},\"inLanguage\":\"fr-FR\",\"potentialAction\":[{\"@type\":\"ReadAction\",\"target\":[\"https:\/\/www.in-magazines.com\/magazine\/sommaire\/inmagazine-41\/padel-fauteuil-dorian-navarro-ambassadeur-de-la-discipline-et-n1-francais\/\"]}]},{\"@type\":\"BreadcrumbList\",\"@id\":\"https:\/\/www.in-magazines.com\/magazine\/sommaire\/inmagazine-41\/padel-fauteuil-dorian-navarro-ambassadeur-de-la-discipline-et-n1-francais\/#breadcrumb\",\"itemListElement\":[{\"@type\":\"ListItem\",\"position\":1,\"item\":{\"@id\":\"https:\/\/www.in-magazines.com\/magazine\/sommaire\/inmagazine-41\/padel-fauteuil-dorian-navarro-ambassadeur-de-la-discipline-et-n1-francais\/#webpage\"}}]},{\"@type\":\"Person\",\"@id\":\"https:\/\/www.in-magazines.com\/magazine\/#\/schema\/person\/c27e7dabb9a1ef380814bdd5636d07e3\",\"name\":\"backinmag\",\"image\":{\"@type\":\"ImageObject\",\"@id\":\"https:\/\/www.in-magazines.com\/magazine\/#personlogo\",\"inLanguage\":\"fr-FR\",\"url\":\"https:\/\/secure.gravatar.com\/avatar\/13a234bb19dc4fd04793d73c3472fbdb?s=96&d=mm&r=g\",\"contentUrl\":\"https:\/\/secure.gravatar.com\/avatar\/13a234bb19dc4fd04793d73c3472fbdb?s=96&d=mm&r=g\",\"caption\":\"backinmag\"},\"sameAs\":[\"http:\/\/www.in-magazines.com\/magazin\"]}]}<\/script>\n<!-- \/ Yoast SEO plugin. -->","_links":{"self":[{"href":"https:\/\/www.in-magazines.com\/magazine\/wp-json\/wp\/v2\/posts\/14149"}],"collection":[{"href":"https:\/\/www.in-magazines.com\/magazine\/wp-json\/wp\/v2\/posts"}],"about":[{"href":"https:\/\/www.in-magazines.com\/magazine\/wp-json\/wp\/v2\/types\/post"}],"author":[{"embeddable":true,"href":"https:\/\/www.in-magazines.com\/magazine\/wp-json\/wp\/v2\/users\/1"}],"replies":[{"embeddable":true,"href":"https:\/\/www.in-magazines.com\/magazine\/wp-json\/wp\/v2\/comments?post=14149"}],"version-history":[{"count":2,"href":"https:\/\/www.in-magazines.com\/magazine\/wp-json\/wp\/v2\/posts\/14149\/revisions"}],"predecessor-version":[{"id":14153,"href":"https:\/\/www.in-magazines.com\/magazine\/wp-json\/wp\/v2\/posts\/14149\/revisions\/14153"}],"wp:featuredmedia":[{"embeddable":true,"href":"https:\/\/www.in-magazines.com\/magazine\/wp-json\/wp\/v2\/media\/14151"}],"wp:attachment":[{"href":"https:\/\/www.in-magazines.com\/magazine\/wp-json\/wp\/v2\/media?parent=14149"}],"wp:term":[{"taxonomy":"category","embeddable":true,"href":"https:\/\/www.in-magazines.com\/magazine\/wp-json\/wp\/v2\/categories?post=14149"},{"taxonomy":"post_tag","embeddable":true,"href":"https:\/\/www.in-magazines.com\/magazine\/wp-json\/wp\/v2\/tags?post=14149"}],"curies":[{"name":"wp","href":"https:\/\/api.w.org\/{rel}","templated":true}]}}