

{"id":14377,"date":"2025-09-24T06:37:00","date_gmt":"2025-09-24T06:37:00","guid":{"rendered":"https:\/\/www.in-magazines.com\/magazine\/?p=14377"},"modified":"2025-09-22T12:20:41","modified_gmt":"2025-09-22T12:20:41","slug":"environnement-reutilisation-des-eaux-usees-traitees-une-premiere-nationale-pour-les-ports-dantibes","status":"publish","type":"post","link":"https:\/\/www.in-magazines.com\/magazine\/sommaire\/inmagazine-42\/environnement-reutilisation-des-eaux-usees-traitees-une-premiere-nationale-pour-les-ports-dantibes\/","title":{"rendered":"ENVIRONNEMENT &#8211; R\u00c9UTILISATION DES EAUX US\u00c9ES TRAIT\u00c9ES : une premi\u00e8re nationale pour les ports d\u2019Antibes"},"content":{"rendered":"\n<p>Au d\u00e9but du mois d\u2019ao\u00fbt, un arr\u00eat\u00e9 pr\u00e9fectoral a autoris\u00e9 pour la premi\u00e8re fois en France une exp\u00e9rimentation de six mois de r\u00e9utilisation des eaux us\u00e9es trait\u00e9es (REUT) \u00e0 usage portuaire, dans les ports d\u2019Antibes.<\/p>\n\n\n\n<p>Une initiative qui r\u00e9pond directement aux restrictions d\u2019eau en vigueur depuis le 14 ao\u00fbt 2025. Elle permet de pr\u00e9server les ressources en eau potable tout en maintenant les activit\u00e9s portuaires essentielles.<\/p>\n\n\n\n<p>Au-del\u00e0 des ports, les perspectives sont ambitieuses : arrosage des terrains sportifs d\u2019Antibes (36 m\u00b3\/jour), irrigation d\u2019un golf \u00e0 Ch\u00e2teauneuf-Grasse, puis extension progressive \u00e0 d\u2019autres communes de la CASA. Le dispositif repose sur une \u00ab REUT Box \u00bb qui associe filtration physico-chimique, ultrafiltration membranaire, d\u00e9sinfection UV et chloration. La capacit\u00e9 de stockage atteint 50 m\u00b3. L\u2019exp\u00e9rimentation porte sur un volume global de 10 m\u00b3\/jour (objectif 50 m\u00b3\/jour), r\u00e9parti entre le Port Vauban avec environ 5 m\u00b3\/jour, pour le lavage des quais, le nettoyage du mat\u00e9riel et des v\u00e9hicules du port. L\u2019approvisionnement se fait par camion-citerne (6 m\u00b3), le stockage dans des cuves IBC (1 \u00e0 2 m\u00b3) et l\u2019utilisation par lances \u00e0 basse pression et brosses manuelles. Le Port Gallice r\u00e9utilisera 5 m\u00b3\/jour, affect\u00e9s au quai Nord et au point propre. Enfin, le Port de la Salis pr\u00e9voit de r\u00e9utiliser 0,35 m\u00b3\/jour, en alimentation directe par canalisation, r\u00e9serv\u00e9 \u00e0 l\u2019aire de car\u00e9nage cl\u00f4tur\u00e9e. Un projet port\u00e9 conjointement par la CASA et la Ville d\u2019Antibes, avec le soutien de Veolia, la DDTM, l\u2019ARS, l\u2019Agence de l\u2019eau, Gaxieu et les repr\u00e9sentants des ports Gallice, Vauban et Salis, qui illustre la capacit\u00e9 du territoire \u00e0 innover pour conjuguer transition \u00e9cologique, adaptation au changement climatique et valorisation de la ressource en eau.<\/p>\n\n\n<a href=\"#\" class=\"_3d-flip-book  fb3d-link-lightbox-mode\" data-id=\"14267\" data-mode=\"link-lightbox\" data-title=\"false\" data-template=\"short-white-book-view\" data-lightbox=\"dark\" data-urlparam=\"fb3d-page\" data-page-n=\"0\" data-pdf=\"\" data-tax=\"null\" data-thumbnail=\"\" data-cols=\"3\" data-query=\"\"><img decoding=\"async\" src=\"http:\/\/www.in-magazines.com\/magazine\/wp-content\/uploads\/2021\/05\/btn.jpg\"><\/a>\n","protected":false},"excerpt":{"rendered":"<p>Au d&eacute;but du mois d&rsquo;ao&ucirc;t, un arr&ecirc;t&eacute; pr&eacute;fectoral a autoris&eacute; pour la premi&egrave;re fois en France une exp&eacute;rimentation de six mois de r&eacute;utilisation des eaux us&eacute;es trait&eacute;es (REUT) &agrave; usage portuaire, dans les ports d&rsquo;Antibes. Une initiative qui r&eacute;pond directement aux restrictions d&rsquo;eau en vigueur depuis le 14 ao&ucirc;t 2025. Elle permet de pr&eacute;server les&hellip; <a class=\"more-link\" href=\"https:\/\/www.in-magazines.com\/magazine\/sommaire\/inmagazine-42\/environnement-reutilisation-des-eaux-usees-traitees-une-premiere-nationale-pour-les-ports-dantibes\/\">Poursuivre la lecture <span class=\"screen-reader-text\">ENVIRONNEMENT &#8211; R\u00c9UTILISATION DES EAUX US\u00c9ES TRAIT\u00c9ES : une premi\u00e8re nationale pour les ports d\u2019Antibes<\/span><\/a><\/p>\n","protected":false},"author":1,"featured_media":14378,"comment_status":"open","ping_status":"open","sticky":false,"template":"","format":"standard","meta":{"footnotes":""},"categories":[2687,1697],"tags":[],"yoast_head":"<!-- This site is optimized with the Yoast SEO plugin v16.2 - https:\/\/yoast.com\/wordpress\/plugins\/seo\/ -->\n<title>ENVIRONNEMENT - R\u00c9UTILISATION DES EAUX US\u00c9ES TRAIT\u00c9ES : une premi\u00e8re nationale pour les ports d\u2019Antibes - In Magazines<\/title>\n<meta name=\"robots\" content=\"index, follow, max-snippet:-1, max-image-preview:large, max-video-preview:-1\" \/>\n<link rel=\"canonical\" href=\"https:\/\/www.in-magazines.com\/magazine\/sommaire\/inmagazine-42\/environnement-reutilisation-des-eaux-usees-traitees-une-premiere-nationale-pour-les-ports-dantibes\/\" \/>\n<meta property=\"og:locale\" content=\"fr_FR\" \/>\n<meta property=\"og:type\" content=\"article\" \/>\n<meta property=\"og:title\" content=\"ENVIRONNEMENT - R\u00c9UTILISATION DES EAUX US\u00c9ES TRAIT\u00c9ES : une premi\u00e8re nationale pour les ports d\u2019Antibes - In Magazines\" \/>\n<meta property=\"og:description\" content=\"Au d&eacute;but du mois d&rsquo;ao&ucirc;t, un arr&ecirc;t&eacute; pr&eacute;fectoral a autoris&eacute; pour la premi&egrave;re fois en France une exp&eacute;rimentation de six mois de r&eacute;utilisation des eaux us&eacute;es trait&eacute;es (REUT) &agrave; usage portuaire, dans les ports d&rsquo;Antibes. Une initiative qui r&eacute;pond directement aux restrictions d&rsquo;eau en vigueur depuis le 14 ao&ucirc;t 2025. Elle permet de pr&eacute;server les&hellip; Poursuivre la lecture ENVIRONNEMENT &#8211; R\u00c9UTILISATION DES EAUX US\u00c9ES TRAIT\u00c9ES : une premi\u00e8re nationale pour les ports d\u2019Antibes\" \/>\n<meta property=\"og:url\" content=\"https:\/\/www.in-magazines.com\/magazine\/sommaire\/inmagazine-42\/environnement-reutilisation-des-eaux-usees-traitees-une-premiere-nationale-pour-les-ports-dantibes\/\" \/>\n<meta property=\"og:site_name\" content=\"In Magazines\" \/>\n<meta property=\"article:published_time\" content=\"2025-09-24T06:37:00+00:00\" \/>\n<meta property=\"article:modified_time\" content=\"2025-09-22T12:20:41+00:00\" \/>\n<meta property=\"og:image\" content=\"https:\/\/www.in-magazines.com\/magazine\/wp-content\/uploads\/2025\/09\/ENVIRONNEMENT-REUTILISATION-DES-EAUX-USEES-TRAITEES-une-premiere-nationale-pour-les-ports-d-Antibes.jpg\" \/>\n\t<meta property=\"og:image:width\" content=\"600\" \/>\n\t<meta property=\"og:image:height\" content=\"300\" \/>\n<meta name=\"twitter:label1\" content=\"Dur\u00e9e de lecture est.\">\n\t<meta name=\"twitter:data1\" content=\"2 minutes\">\n<script type=\"application\/ld+json\" class=\"yoast-schema-graph\">{\"@context\":\"https:\/\/schema.org\",\"@graph\":[{\"@type\":\"WebSite\",\"@id\":\"https:\/\/www.in-magazines.com\/magazine\/#website\",\"url\":\"https:\/\/www.in-magazines.com\/magazine\/\",\"name\":\"In Magazines\",\"description\":\"\",\"potentialAction\":[{\"@type\":\"SearchAction\",\"target\":\"https:\/\/www.in-magazines.com\/magazine\/?s={search_term_string}\",\"query-input\":\"required name=search_term_string\"}],\"inLanguage\":\"fr-FR\"},{\"@type\":\"ImageObject\",\"@id\":\"https:\/\/www.in-magazines.com\/magazine\/sommaire\/inmagazine-42\/environnement-reutilisation-des-eaux-usees-traitees-une-premiere-nationale-pour-les-ports-dantibes\/#primaryimage\",\"inLanguage\":\"fr-FR\",\"url\":\"https:\/\/www.in-magazines.com\/magazine\/wp-content\/uploads\/2025\/09\/ENVIRONNEMENT-REUTILISATION-DES-EAUX-USEES-TRAITEES-une-premiere-nationale-pour-les-ports-d-Antibes.jpg\",\"contentUrl\":\"https:\/\/www.in-magazines.com\/magazine\/wp-content\/uploads\/2025\/09\/ENVIRONNEMENT-REUTILISATION-DES-EAUX-USEES-TRAITEES-une-premiere-nationale-pour-les-ports-d-Antibes.jpg\",\"width\":600,\"height\":300},{\"@type\":\"WebPage\",\"@id\":\"https:\/\/www.in-magazines.com\/magazine\/sommaire\/inmagazine-42\/environnement-reutilisation-des-eaux-usees-traitees-une-premiere-nationale-pour-les-ports-dantibes\/#webpage\",\"url\":\"https:\/\/www.in-magazines.com\/magazine\/sommaire\/inmagazine-42\/environnement-reutilisation-des-eaux-usees-traitees-une-premiere-nationale-pour-les-ports-dantibes\/\",\"name\":\"ENVIRONNEMENT - R\\u00c9UTILISATION DES EAUX US\\u00c9ES TRAIT\\u00c9ES : une premi\\u00e8re nationale pour les ports d\\u2019Antibes - In Magazines\",\"isPartOf\":{\"@id\":\"https:\/\/www.in-magazines.com\/magazine\/#website\"},\"primaryImageOfPage\":{\"@id\":\"https:\/\/www.in-magazines.com\/magazine\/sommaire\/inmagazine-42\/environnement-reutilisation-des-eaux-usees-traitees-une-premiere-nationale-pour-les-ports-dantibes\/#primaryimage\"},\"datePublished\":\"2025-09-24T06:37:00+00:00\",\"dateModified\":\"2025-09-22T12:20:41+00:00\",\"author\":{\"@id\":\"https:\/\/www.in-magazines.com\/magazine\/#\/schema\/person\/c27e7dabb9a1ef380814bdd5636d07e3\"},\"breadcrumb\":{\"@id\":\"https:\/\/www.in-magazines.com\/magazine\/sommaire\/inmagazine-42\/environnement-reutilisation-des-eaux-usees-traitees-une-premiere-nationale-pour-les-ports-dantibes\/#breadcrumb\"},\"inLanguage\":\"fr-FR\",\"potentialAction\":[{\"@type\":\"ReadAction\",\"target\":[\"https:\/\/www.in-magazines.com\/magazine\/sommaire\/inmagazine-42\/environnement-reutilisation-des-eaux-usees-traitees-une-premiere-nationale-pour-les-ports-dantibes\/\"]}]},{\"@type\":\"BreadcrumbList\",\"@id\":\"https:\/\/www.in-magazines.com\/magazine\/sommaire\/inmagazine-42\/environnement-reutilisation-des-eaux-usees-traitees-une-premiere-nationale-pour-les-ports-dantibes\/#breadcrumb\",\"itemListElement\":[{\"@type\":\"ListItem\",\"position\":1,\"item\":{\"@id\":\"https:\/\/www.in-magazines.com\/magazine\/sommaire\/inmagazine-42\/environnement-reutilisation-des-eaux-usees-traitees-une-premiere-nationale-pour-les-ports-dantibes\/#webpage\"}}]},{\"@type\":\"Person\",\"@id\":\"https:\/\/www.in-magazines.com\/magazine\/#\/schema\/person\/c27e7dabb9a1ef380814bdd5636d07e3\",\"name\":\"backinmag\",\"image\":{\"@type\":\"ImageObject\",\"@id\":\"https:\/\/www.in-magazines.com\/magazine\/#personlogo\",\"inLanguage\":\"fr-FR\",\"url\":\"https:\/\/secure.gravatar.com\/avatar\/13a234bb19dc4fd04793d73c3472fbdb?s=96&d=mm&r=g\",\"contentUrl\":\"https:\/\/secure.gravatar.com\/avatar\/13a234bb19dc4fd04793d73c3472fbdb?s=96&d=mm&r=g\",\"caption\":\"backinmag\"},\"sameAs\":[\"http:\/\/www.in-magazines.com\/magazin\"]}]}<\/script>\n<!-- \/ Yoast SEO plugin. -->","_links":{"self":[{"href":"https:\/\/www.in-magazines.com\/magazine\/wp-json\/wp\/v2\/posts\/14377"}],"collection":[{"href":"https:\/\/www.in-magazines.com\/magazine\/wp-json\/wp\/v2\/posts"}],"about":[{"href":"https:\/\/www.in-magazines.com\/magazine\/wp-json\/wp\/v2\/types\/post"}],"author":[{"embeddable":true,"href":"https:\/\/www.in-magazines.com\/magazine\/wp-json\/wp\/v2\/users\/1"}],"replies":[{"embeddable":true,"href":"https:\/\/www.in-magazines.com\/magazine\/wp-json\/wp\/v2\/comments?post=14377"}],"version-history":[{"count":3,"href":"https:\/\/www.in-magazines.com\/magazine\/wp-json\/wp\/v2\/posts\/14377\/revisions"}],"predecessor-version":[{"id":14504,"href":"https:\/\/www.in-magazines.com\/magazine\/wp-json\/wp\/v2\/posts\/14377\/revisions\/14504"}],"wp:featuredmedia":[{"embeddable":true,"href":"https:\/\/www.in-magazines.com\/magazine\/wp-json\/wp\/v2\/media\/14378"}],"wp:attachment":[{"href":"https:\/\/www.in-magazines.com\/magazine\/wp-json\/wp\/v2\/media?parent=14377"}],"wp:term":[{"taxonomy":"category","embeddable":true,"href":"https:\/\/www.in-magazines.com\/magazine\/wp-json\/wp\/v2\/categories?post=14377"},{"taxonomy":"post_tag","embeddable":true,"href":"https:\/\/www.in-magazines.com\/magazine\/wp-json\/wp\/v2\/tags?post=14377"}],"curies":[{"name":"wp","href":"https:\/\/api.w.org\/{rel}","templated":true}]}}