

{"id":14401,"date":"2025-09-24T06:31:00","date_gmt":"2025-09-24T06:31:00","guid":{"rendered":"https:\/\/www.in-magazines.com\/magazine\/?p=14401"},"modified":"2025-09-22T08:34:46","modified_gmt":"2025-09-22T08:34:46","slug":"patrimoine-azureen-le-provencal-renaissance","status":"publish","type":"post","link":"https:\/\/www.in-magazines.com\/magazine\/sommaire\/inmagazine-42\/patrimoine-azureen-le-provencal-renaissance\/","title":{"rendered":"PATRIMOINE AZUREEN LE PROVEN\u00c7AL : RENAISSANCE"},"content":{"rendered":"\n<p>Les propri\u00e9taires des \u00e9l\u00e9gants appartements du Proven\u00e7al \u00e0 Juan-les-Pins, vont tr\u00e8s prochainement pouvoir r\u00e9cup\u00e9rer leurs cl\u00e9s et s\u2019installer.<\/p>\n\n\n\n<p>Sept boutiques et un restaurant, ouverts au public, viendront compl\u00e9ter l\u2019ensemble au printemps 2026. Construit en 1927, le mythique h\u00f4tel Art d\u00e9co a ferm\u00e9 ses portes en 1976. Et il a fallu attendre son rachat par John Caudwell en 2014 pour imaginer un tr\u00e8s ambitieux projet de r\u00e9habilitation de l\u2019\u00e9difice pour en faire en une r\u00e9sidence priv\u00e9e haut de gamme.<\/p>\n\n\n\n<p>C\u2019est Arcadis, leader mondial de l\u2019ing\u00e9nierie et du conseil, qui a accompagn\u00e9 le Groupe immobilier britannique Caudwell, en tant qu\u2019Assistant \u00e0 Ma\u00eetrise d\u2019Ouvrage (AMO), dans la conduite du projet de r\u00e9novation et de transformation de l\u2019h\u00f4tel \u00ab Le Proven\u00e7al \u00bb en une r\u00e9sidence ultra-luxe. D\u00e9sormais, l\u2019ancien palace abrite 35 appartements de luxe d\u2019une superficie de 100 \u00e0 1000 m\u00b2 sur une dizaine d\u2019\u00e9tages. Face \u00e0 la mer et entour\u00e9 de grands jardins, l\u2019\u00e9difice d&rsquo;une surface de 23 000 m\u00b2 offre des services priv\u00e9s haut de gamme dont une conciergerie, un spa, une salle de cin\u00e9ma, une salle de fitness, une salle de jeux, un service de s\u00e9curit\u00e9 et une piscine ext\u00e9rieure de 30 m.<\/p>\n\n\n<a href=\"#\" class=\"_3d-flip-book  fb3d-link-lightbox-mode\" data-id=\"14273\" data-mode=\"link-lightbox\" data-title=\"false\" data-template=\"short-white-book-view\" data-lightbox=\"dark\" data-urlparam=\"fb3d-page\" data-page-n=\"0\" data-pdf=\"\" data-tax=\"null\" data-thumbnail=\"\" data-cols=\"3\" data-query=\"\"><img decoding=\"async\" src=\"http:\/\/www.in-magazines.com\/magazine\/wp-content\/uploads\/2021\/05\/btn.jpg\"><\/a>\n","protected":false},"excerpt":{"rendered":"<p>Les propri&eacute;taires des &eacute;l&eacute;gants appartements du Proven&ccedil;al &agrave; Juan-les-Pins, vont tr&egrave;s prochainement pouvoir r&eacute;cup&eacute;rer leurs cl&eacute;s et s&rsquo;installer. Sept boutiques et un restaurant, ouverts au public, viendront compl&eacute;ter l&rsquo;ensemble au printemps 2026. Construit en 1927, le mythique h&ocirc;tel Art d&eacute;co a ferm&eacute; ses portes en 1976. Et il a fallu attendre son rachat par John&hellip; <a class=\"more-link\" href=\"https:\/\/www.in-magazines.com\/magazine\/sommaire\/inmagazine-42\/patrimoine-azureen-le-provencal-renaissance\/\">Poursuivre la lecture <span class=\"screen-reader-text\">PATRIMOINE AZUREEN LE PROVEN\u00c7AL : RENAISSANCE<\/span><\/a><\/p>\n","protected":false},"author":1,"featured_media":14402,"comment_status":"open","ping_status":"open","sticky":false,"template":"","format":"standard","meta":{"footnotes":""},"categories":[2687,1697],"tags":[2722,2723],"yoast_head":"<!-- This site is optimized with the Yoast SEO plugin v16.2 - https:\/\/yoast.com\/wordpress\/plugins\/seo\/ -->\n<title>PATRIMOINE AZUREEN LE PROVEN\u00c7AL : RENAISSANCE - In Magazines<\/title>\n<meta name=\"robots\" content=\"index, follow, max-snippet:-1, max-image-preview:large, max-video-preview:-1\" \/>\n<link rel=\"canonical\" href=\"https:\/\/www.in-magazines.com\/magazine\/sommaire\/inmagazine-42\/patrimoine-azureen-le-provencal-renaissance\/\" \/>\n<meta property=\"og:locale\" content=\"fr_FR\" \/>\n<meta property=\"og:type\" content=\"article\" \/>\n<meta property=\"og:title\" content=\"PATRIMOINE AZUREEN LE PROVEN\u00c7AL : RENAISSANCE - In Magazines\" \/>\n<meta property=\"og:description\" content=\"Les propri&eacute;taires des &eacute;l&eacute;gants appartements du Proven&ccedil;al &agrave; Juan-les-Pins, vont tr&egrave;s prochainement pouvoir r&eacute;cup&eacute;rer leurs cl&eacute;s et s&rsquo;installer. Sept boutiques et un restaurant, ouverts au public, viendront compl&eacute;ter l&rsquo;ensemble au printemps 2026. Construit en 1927, le mythique h&ocirc;tel Art d&eacute;co a ferm&eacute; ses portes en 1976. Et il a fallu attendre son rachat par John&hellip; Poursuivre la lecture PATRIMOINE AZUREEN LE PROVEN\u00c7AL : RENAISSANCE\" \/>\n<meta property=\"og:url\" content=\"https:\/\/www.in-magazines.com\/magazine\/sommaire\/inmagazine-42\/patrimoine-azureen-le-provencal-renaissance\/\" \/>\n<meta property=\"og:site_name\" content=\"In Magazines\" \/>\n<meta property=\"article:published_time\" content=\"2025-09-24T06:31:00+00:00\" \/>\n<meta property=\"article:modified_time\" content=\"2025-09-22T08:34:46+00:00\" \/>\n<meta property=\"og:image\" content=\"https:\/\/www.in-magazines.com\/magazine\/wp-content\/uploads\/2025\/09\/PATRIMOINE-AZUREEN-LE-PROVENCAL-RENAISSANCE.jpg\" \/>\n\t<meta property=\"og:image:width\" content=\"600\" \/>\n\t<meta property=\"og:image:height\" content=\"300\" \/>\n<meta name=\"twitter:label1\" content=\"Dur\u00e9e de lecture est.\">\n\t<meta name=\"twitter:data1\" content=\"2 minutes\">\n<script type=\"application\/ld+json\" class=\"yoast-schema-graph\">{\"@context\":\"https:\/\/schema.org\",\"@graph\":[{\"@type\":\"WebSite\",\"@id\":\"https:\/\/www.in-magazines.com\/magazine\/#website\",\"url\":\"https:\/\/www.in-magazines.com\/magazine\/\",\"name\":\"In Magazines\",\"description\":\"\",\"potentialAction\":[{\"@type\":\"SearchAction\",\"target\":\"https:\/\/www.in-magazines.com\/magazine\/?s={search_term_string}\",\"query-input\":\"required name=search_term_string\"}],\"inLanguage\":\"fr-FR\"},{\"@type\":\"ImageObject\",\"@id\":\"https:\/\/www.in-magazines.com\/magazine\/sommaire\/inmagazine-42\/patrimoine-azureen-le-provencal-renaissance\/#primaryimage\",\"inLanguage\":\"fr-FR\",\"url\":\"https:\/\/www.in-magazines.com\/magazine\/wp-content\/uploads\/2025\/09\/PATRIMOINE-AZUREEN-LE-PROVENCAL-RENAISSANCE.jpg\",\"contentUrl\":\"https:\/\/www.in-magazines.com\/magazine\/wp-content\/uploads\/2025\/09\/PATRIMOINE-AZUREEN-LE-PROVENCAL-RENAISSANCE.jpg\",\"width\":600,\"height\":300},{\"@type\":\"WebPage\",\"@id\":\"https:\/\/www.in-magazines.com\/magazine\/sommaire\/inmagazine-42\/patrimoine-azureen-le-provencal-renaissance\/#webpage\",\"url\":\"https:\/\/www.in-magazines.com\/magazine\/sommaire\/inmagazine-42\/patrimoine-azureen-le-provencal-renaissance\/\",\"name\":\"PATRIMOINE AZUREEN LE PROVEN\\u00c7AL : RENAISSANCE - In Magazines\",\"isPartOf\":{\"@id\":\"https:\/\/www.in-magazines.com\/magazine\/#website\"},\"primaryImageOfPage\":{\"@id\":\"https:\/\/www.in-magazines.com\/magazine\/sommaire\/inmagazine-42\/patrimoine-azureen-le-provencal-renaissance\/#primaryimage\"},\"datePublished\":\"2025-09-24T06:31:00+00:00\",\"dateModified\":\"2025-09-22T08:34:46+00:00\",\"author\":{\"@id\":\"https:\/\/www.in-magazines.com\/magazine\/#\/schema\/person\/c27e7dabb9a1ef380814bdd5636d07e3\"},\"breadcrumb\":{\"@id\":\"https:\/\/www.in-magazines.com\/magazine\/sommaire\/inmagazine-42\/patrimoine-azureen-le-provencal-renaissance\/#breadcrumb\"},\"inLanguage\":\"fr-FR\",\"potentialAction\":[{\"@type\":\"ReadAction\",\"target\":[\"https:\/\/www.in-magazines.com\/magazine\/sommaire\/inmagazine-42\/patrimoine-azureen-le-provencal-renaissance\/\"]}]},{\"@type\":\"BreadcrumbList\",\"@id\":\"https:\/\/www.in-magazines.com\/magazine\/sommaire\/inmagazine-42\/patrimoine-azureen-le-provencal-renaissance\/#breadcrumb\",\"itemListElement\":[{\"@type\":\"ListItem\",\"position\":1,\"item\":{\"@id\":\"https:\/\/www.in-magazines.com\/magazine\/sommaire\/inmagazine-42\/patrimoine-azureen-le-provencal-renaissance\/#webpage\"}}]},{\"@type\":\"Person\",\"@id\":\"https:\/\/www.in-magazines.com\/magazine\/#\/schema\/person\/c27e7dabb9a1ef380814bdd5636d07e3\",\"name\":\"backinmag\",\"image\":{\"@type\":\"ImageObject\",\"@id\":\"https:\/\/www.in-magazines.com\/magazine\/#personlogo\",\"inLanguage\":\"fr-FR\",\"url\":\"https:\/\/secure.gravatar.com\/avatar\/13a234bb19dc4fd04793d73c3472fbdb?s=96&d=mm&r=g\",\"contentUrl\":\"https:\/\/secure.gravatar.com\/avatar\/13a234bb19dc4fd04793d73c3472fbdb?s=96&d=mm&r=g\",\"caption\":\"backinmag\"},\"sameAs\":[\"http:\/\/www.in-magazines.com\/magazin\"]}]}<\/script>\n<!-- \/ Yoast SEO plugin. -->","_links":{"self":[{"href":"https:\/\/www.in-magazines.com\/magazine\/wp-json\/wp\/v2\/posts\/14401"}],"collection":[{"href":"https:\/\/www.in-magazines.com\/magazine\/wp-json\/wp\/v2\/posts"}],"about":[{"href":"https:\/\/www.in-magazines.com\/magazine\/wp-json\/wp\/v2\/types\/post"}],"author":[{"embeddable":true,"href":"https:\/\/www.in-magazines.com\/magazine\/wp-json\/wp\/v2\/users\/1"}],"replies":[{"embeddable":true,"href":"https:\/\/www.in-magazines.com\/magazine\/wp-json\/wp\/v2\/comments?post=14401"}],"version-history":[{"count":2,"href":"https:\/\/www.in-magazines.com\/magazine\/wp-json\/wp\/v2\/posts\/14401\/revisions"}],"predecessor-version":[{"id":14404,"href":"https:\/\/www.in-magazines.com\/magazine\/wp-json\/wp\/v2\/posts\/14401\/revisions\/14404"}],"wp:featuredmedia":[{"embeddable":true,"href":"https:\/\/www.in-magazines.com\/magazine\/wp-json\/wp\/v2\/media\/14402"}],"wp:attachment":[{"href":"https:\/\/www.in-magazines.com\/magazine\/wp-json\/wp\/v2\/media?parent=14401"}],"wp:term":[{"taxonomy":"category","embeddable":true,"href":"https:\/\/www.in-magazines.com\/magazine\/wp-json\/wp\/v2\/categories?post=14401"},{"taxonomy":"post_tag","embeddable":true,"href":"https:\/\/www.in-magazines.com\/magazine\/wp-json\/wp\/v2\/tags?post=14401"}],"curies":[{"name":"wp","href":"https:\/\/api.w.org\/{rel}","templated":true}]}}