

{"id":14422,"date":"2025-09-24T06:26:00","date_gmt":"2025-09-24T06:26:00","guid":{"rendered":"https:\/\/www.in-magazines.com\/magazine\/?p=14422"},"modified":"2025-09-22T09:51:31","modified_gmt":"2025-09-22T09:51:31","slug":"exposition-derniere-minute-a-la-villa-paloma","status":"publish","type":"post","link":"https:\/\/www.in-magazines.com\/magazine\/sommaire\/inmagazine-42\/exposition-derniere-minute-a-la-villa-paloma\/","title":{"rendered":"EXPOSITION : DERNI\u00c8RE MINUTE \u00c0 LA VILLA PALOMA\u2026"},"content":{"rendered":"\n<p>Une exposition qui s\u2019articule autour de trois grands axes th\u00e9matiques : la vie en plein air et l\u2019essor des loisirs baln\u00e9aires, les Ballets russes et l\u2019influence des cultures slaves, l\u2019invention du \u00ab style Riviera \u00bb. En s\u2019appuyant sur une s\u00e9lection de cr\u00e9ations textiles et d\u2019\u0153uvres d\u2019art embl\u00e9matiques de cette d\u00e9cennie, elle entend rendre hommage au caract\u00e8re r\u00e9solument visionnaire de l\u2019approche de Chanel dans son invention de la \u00ab femme nouvelle \u00bb.<\/p>\n\n\n\n<h2 class=\"wp-block-heading\">Un dialogue artistique in\u00e9dit<\/h2>\n\n\n\n<p>R\u00e9unissant plus de deux cents objets, elle met en sc\u00e8ne un dialogue in\u00e9dit entre trente mod\u00e8les et accessoires de Gabrielle Chanel et quarante \u0153uvres d\u2019artistes modernes, de Kees Van Dongen, \u00e0 Pablo Picasso, en passant par Sonia Delaunay.<\/p>\n\n\n\n<p>Dans un prolongement de ce dialogue fertile entre mode et arts plastiques, l\u2019artiste Chlo\u00e9 Royer (n\u00e9e en 1989) a \u00e9t\u00e9 invit\u00e9e \u00e0 produire un ensemble d\u2019\u0153uvres sp\u00e9cialement con\u00e7ues pour l\u2019exposition. En r\u00e9sonance avec les cr\u00e9ations de Chanel, ses sculptures r\u00e9alis\u00e9es en bronze, verre et c\u00e9ramique interrogent les repr\u00e9sentations contemporaines du corps f\u00e9minin.<\/p>\n\n\n<a href=\"#\" class=\"_3d-flip-book  fb3d-link-lightbox-mode\" data-id=\"14278\" data-mode=\"link-lightbox\" data-title=\"false\" data-template=\"short-white-book-view\" data-lightbox=\"dark\" data-urlparam=\"fb3d-page\" data-page-n=\"0\" data-pdf=\"\" data-tax=\"null\" data-thumbnail=\"\" data-cols=\"3\" data-query=\"\"><img decoding=\"async\" src=\"http:\/\/www.in-magazines.com\/magazine\/wp-content\/uploads\/2021\/05\/btn.jpg\"><\/a>\n","protected":false},"excerpt":{"rendered":"<p>Une exposition qui s&rsquo;articule autour de trois grands axes th&eacute;matiques : la vie en plein air et l&rsquo;essor des loisirs baln&eacute;aires, les Ballets russes et l&rsquo;influence des cultures slaves, l&rsquo;invention du &laquo; style Riviera &raquo;. En s&rsquo;appuyant sur une s&eacute;lection de cr&eacute;ations textiles et d&rsquo;&oelig;uvres d&rsquo;art embl&eacute;matiques de cette d&eacute;cennie, elle entend rendre hommage au&hellip; <a class=\"more-link\" href=\"https:\/\/www.in-magazines.com\/magazine\/sommaire\/inmagazine-42\/exposition-derniere-minute-a-la-villa-paloma\/\">Poursuivre la lecture <span class=\"screen-reader-text\">EXPOSITION : DERNI\u00c8RE MINUTE \u00c0 LA VILLA PALOMA\u2026<\/span><\/a><\/p>\n","protected":false},"author":1,"featured_media":14423,"comment_status":"open","ping_status":"open","sticky":false,"template":"","format":"standard","meta":{"footnotes":""},"categories":[2687,1700],"tags":[2730],"yoast_head":"<!-- This site is optimized with the Yoast SEO plugin v16.2 - https:\/\/yoast.com\/wordpress\/plugins\/seo\/ -->\n<title>EXPOSITION : DERNI\u00c8RE MINUTE \u00c0 LA VILLA PALOMA\u2026 - In Magazines<\/title>\n<meta name=\"robots\" content=\"index, follow, max-snippet:-1, max-image-preview:large, max-video-preview:-1\" \/>\n<link rel=\"canonical\" href=\"https:\/\/www.in-magazines.com\/magazine\/sommaire\/inmagazine-42\/exposition-derniere-minute-a-la-villa-paloma\/\" \/>\n<meta property=\"og:locale\" content=\"fr_FR\" \/>\n<meta property=\"og:type\" content=\"article\" \/>\n<meta property=\"og:title\" content=\"EXPOSITION : DERNI\u00c8RE MINUTE \u00c0 LA VILLA PALOMA\u2026 - In Magazines\" \/>\n<meta property=\"og:description\" content=\"Une exposition qui s&rsquo;articule autour de trois grands axes th&eacute;matiques : la vie en plein air et l&rsquo;essor des loisirs baln&eacute;aires, les Ballets russes et l&rsquo;influence des cultures slaves, l&rsquo;invention du &laquo; style Riviera &raquo;. En s&rsquo;appuyant sur une s&eacute;lection de cr&eacute;ations textiles et d&rsquo;&oelig;uvres d&rsquo;art embl&eacute;matiques de cette d&eacute;cennie, elle entend rendre hommage au&hellip; Poursuivre la lecture EXPOSITION : DERNI\u00c8RE MINUTE \u00c0 LA VILLA PALOMA\u2026\" \/>\n<meta property=\"og:url\" content=\"https:\/\/www.in-magazines.com\/magazine\/sommaire\/inmagazine-42\/exposition-derniere-minute-a-la-villa-paloma\/\" \/>\n<meta property=\"og:site_name\" content=\"In Magazines\" \/>\n<meta property=\"article:published_time\" content=\"2025-09-24T06:26:00+00:00\" \/>\n<meta property=\"article:modified_time\" content=\"2025-09-22T09:51:31+00:00\" \/>\n<meta property=\"og:image\" content=\"https:\/\/www.in-magazines.com\/magazine\/wp-content\/uploads\/2025\/09\/EXPOSITION-DERNIERE-MINUTE-A-LA-VILLA-PALOMA\u2026.jpg\" \/>\n\t<meta property=\"og:image:width\" content=\"600\" \/>\n\t<meta property=\"og:image:height\" content=\"250\" \/>\n<meta name=\"twitter:label1\" content=\"Dur\u00e9e de lecture est.\">\n\t<meta name=\"twitter:data1\" content=\"1 minute\">\n<script type=\"application\/ld+json\" class=\"yoast-schema-graph\">{\"@context\":\"https:\/\/schema.org\",\"@graph\":[{\"@type\":\"WebSite\",\"@id\":\"https:\/\/www.in-magazines.com\/magazine\/#website\",\"url\":\"https:\/\/www.in-magazines.com\/magazine\/\",\"name\":\"In Magazines\",\"description\":\"\",\"potentialAction\":[{\"@type\":\"SearchAction\",\"target\":\"https:\/\/www.in-magazines.com\/magazine\/?s={search_term_string}\",\"query-input\":\"required name=search_term_string\"}],\"inLanguage\":\"fr-FR\"},{\"@type\":\"ImageObject\",\"@id\":\"https:\/\/www.in-magazines.com\/magazine\/sommaire\/inmagazine-42\/exposition-derniere-minute-a-la-villa-paloma\/#primaryimage\",\"inLanguage\":\"fr-FR\",\"url\":\"https:\/\/www.in-magazines.com\/magazine\/wp-content\/uploads\/2025\/09\/EXPOSITION-DERNIERE-MINUTE-A-LA-VILLA-PALOMA\\u2026.jpg\",\"contentUrl\":\"https:\/\/www.in-magazines.com\/magazine\/wp-content\/uploads\/2025\/09\/EXPOSITION-DERNIERE-MINUTE-A-LA-VILLA-PALOMA\\u2026.jpg\",\"width\":600,\"height\":250},{\"@type\":\"WebPage\",\"@id\":\"https:\/\/www.in-magazines.com\/magazine\/sommaire\/inmagazine-42\/exposition-derniere-minute-a-la-villa-paloma\/#webpage\",\"url\":\"https:\/\/www.in-magazines.com\/magazine\/sommaire\/inmagazine-42\/exposition-derniere-minute-a-la-villa-paloma\/\",\"name\":\"EXPOSITION : DERNI\\u00c8RE MINUTE \\u00c0 LA VILLA PALOMA\\u2026 - In Magazines\",\"isPartOf\":{\"@id\":\"https:\/\/www.in-magazines.com\/magazine\/#website\"},\"primaryImageOfPage\":{\"@id\":\"https:\/\/www.in-magazines.com\/magazine\/sommaire\/inmagazine-42\/exposition-derniere-minute-a-la-villa-paloma\/#primaryimage\"},\"datePublished\":\"2025-09-24T06:26:00+00:00\",\"dateModified\":\"2025-09-22T09:51:31+00:00\",\"author\":{\"@id\":\"https:\/\/www.in-magazines.com\/magazine\/#\/schema\/person\/c27e7dabb9a1ef380814bdd5636d07e3\"},\"breadcrumb\":{\"@id\":\"https:\/\/www.in-magazines.com\/magazine\/sommaire\/inmagazine-42\/exposition-derniere-minute-a-la-villa-paloma\/#breadcrumb\"},\"inLanguage\":\"fr-FR\",\"potentialAction\":[{\"@type\":\"ReadAction\",\"target\":[\"https:\/\/www.in-magazines.com\/magazine\/sommaire\/inmagazine-42\/exposition-derniere-minute-a-la-villa-paloma\/\"]}]},{\"@type\":\"BreadcrumbList\",\"@id\":\"https:\/\/www.in-magazines.com\/magazine\/sommaire\/inmagazine-42\/exposition-derniere-minute-a-la-villa-paloma\/#breadcrumb\",\"itemListElement\":[{\"@type\":\"ListItem\",\"position\":1,\"item\":{\"@id\":\"https:\/\/www.in-magazines.com\/magazine\/sommaire\/inmagazine-42\/exposition-derniere-minute-a-la-villa-paloma\/#webpage\"}}]},{\"@type\":\"Person\",\"@id\":\"https:\/\/www.in-magazines.com\/magazine\/#\/schema\/person\/c27e7dabb9a1ef380814bdd5636d07e3\",\"name\":\"backinmag\",\"image\":{\"@type\":\"ImageObject\",\"@id\":\"https:\/\/www.in-magazines.com\/magazine\/#personlogo\",\"inLanguage\":\"fr-FR\",\"url\":\"https:\/\/secure.gravatar.com\/avatar\/13a234bb19dc4fd04793d73c3472fbdb?s=96&d=mm&r=g\",\"contentUrl\":\"https:\/\/secure.gravatar.com\/avatar\/13a234bb19dc4fd04793d73c3472fbdb?s=96&d=mm&r=g\",\"caption\":\"backinmag\"},\"sameAs\":[\"http:\/\/www.in-magazines.com\/magazin\"]}]}<\/script>\n<!-- \/ Yoast SEO plugin. -->","_links":{"self":[{"href":"https:\/\/www.in-magazines.com\/magazine\/wp-json\/wp\/v2\/posts\/14422"}],"collection":[{"href":"https:\/\/www.in-magazines.com\/magazine\/wp-json\/wp\/v2\/posts"}],"about":[{"href":"https:\/\/www.in-magazines.com\/magazine\/wp-json\/wp\/v2\/types\/post"}],"author":[{"embeddable":true,"href":"https:\/\/www.in-magazines.com\/magazine\/wp-json\/wp\/v2\/users\/1"}],"replies":[{"embeddable":true,"href":"https:\/\/www.in-magazines.com\/magazine\/wp-json\/wp\/v2\/comments?post=14422"}],"version-history":[{"count":2,"href":"https:\/\/www.in-magazines.com\/magazine\/wp-json\/wp\/v2\/posts\/14422\/revisions"}],"predecessor-version":[{"id":14425,"href":"https:\/\/www.in-magazines.com\/magazine\/wp-json\/wp\/v2\/posts\/14422\/revisions\/14425"}],"wp:featuredmedia":[{"embeddable":true,"href":"https:\/\/www.in-magazines.com\/magazine\/wp-json\/wp\/v2\/media\/14423"}],"wp:attachment":[{"href":"https:\/\/www.in-magazines.com\/magazine\/wp-json\/wp\/v2\/media?parent=14422"}],"wp:term":[{"taxonomy":"category","embeddable":true,"href":"https:\/\/www.in-magazines.com\/magazine\/wp-json\/wp\/v2\/categories?post=14422"},{"taxonomy":"post_tag","embeddable":true,"href":"https:\/\/www.in-magazines.com\/magazine\/wp-json\/wp\/v2\/tags?post=14422"}],"curies":[{"name":"wp","href":"https:\/\/api.w.org\/{rel}","templated":true}]}}