

{"id":14426,"date":"2025-09-24T06:25:00","date_gmt":"2025-09-24T06:25:00","guid":{"rendered":"https:\/\/www.in-magazines.com\/magazine\/?p=14426"},"modified":"2025-09-22T09:58:09","modified_gmt":"2025-09-22T09:58:09","slug":"antibes-juan-les-pins-sciences-et-intelligences-en-fete-au-palais-des-congres","status":"publish","type":"post","link":"https:\/\/www.in-magazines.com\/magazine\/sommaire\/inmagazine-42\/antibes-juan-les-pins-sciences-et-intelligences-en-fete-au-palais-des-congres\/","title":{"rendered":"ANTIBES \u2013 JUAN LES PINS : SCIENCES ET INTELLIGENCE(S) en f\u00eate au Palais des Congr\u00e8s"},"content":{"rendered":"\n<p>Curieux, amateurs de d\u00e9couvertes, passionn\u00e9s par les sciences, venez participer \u00e0 la F\u00eate de la science, au Village des sciences et de l\u2019innovation, au Palais des Congr\u00e8s d\u2019Antibes \u2013 Juan les Pins ! Th\u00e9matique annuelle : \u00ab Intelligence (s) \u00bb.<\/p>\n\n\n\n<p>Au programme des exposants cette ann\u00e9e, le stand de l\u2019INRAE (Institut national de recherche pour l&rsquo;agriculture, l&rsquo;alimentation et l&rsquo;environnement) qui proposera diff\u00e9rentes animations autour des travaux de recherche men\u00e9s sur les pathog\u00e8nes des plantes pour une agriculture plus respectueuse de l\u2019environnement. Avec l\u2019association Pobot, vous plongerez dans des d\u00e9monstrations interactives et ludiques de syst\u00e8mes robotiques et des technologies qui les composent : \u00e9lectronique, m\u00e9canique, informatique\u2026 Autre domaine de r\u00e9f\u00e9rence, l\u2019IA, avec les chercheurs du groupe eBRAIN du LEAT (Laboratoire d&rsquo;Electronique, Antennes et T\u00e9l\u00e9communications) qui pr\u00e9senteront sur leur stand certains de leurs r\u00e9sultats sur la conception de puces neuromorphiques faible consommation dans diff\u00e9rents contextes applicatifs. La soci\u00e9t\u00e9 Arm invite cette ann\u00e9e les enfants \u00e0 d\u00e9passer la simple programmation logicielle pour explorer l\u2019intelligence embarqu\u00e9e dans le mat\u00e9riel. Qu\u2019ils d\u00e9couvrent pour la premi\u00e8re fois les bases de la programmation ou qu\u2019ils aient d\u00e9j\u00e0 suivi des cours \u00e0 l\u2019\u00e9cole, chacun trouvera un atelier \u00e0 son niveau : de l\u2019initiation ludique \u00e0 la mise en \u0153uvre de projets plus sophistiqu\u00e9s. Le Gapra (Groupement d\u2019Astronomie Populaire de la R\u00e9gion d\u2019Antibes) proposera aux enfants de se mettre la t\u00eate dans les \u00e9toiles, comme Air France \u2013 KLM et son atelier intitul\u00e9 \u00ab L\u2019intelligence au service de votre voyage \u00bb.<br>SAP Labs proposera enfin une initiation au codage avec des robots programmables et la r\u00e9alisation de jeux\/animations ainsi que la d\u00e9couverte de la r\u00e9alit\u00e9 virtuelle et de l&rsquo;intelligence artificielle.<\/p>\n\n\n<a href=\"#\" class=\"_3d-flip-book  fb3d-link-lightbox-mode\" data-id=\"14279\" data-mode=\"link-lightbox\" data-title=\"false\" data-template=\"short-white-book-view\" data-lightbox=\"dark\" data-urlparam=\"fb3d-page\" data-page-n=\"0\" data-pdf=\"\" data-tax=\"null\" data-thumbnail=\"\" data-cols=\"3\" data-query=\"\"><img decoding=\"async\" src=\"http:\/\/www.in-magazines.com\/magazine\/wp-content\/uploads\/2021\/05\/btn.jpg\"><\/a>\n","protected":false},"excerpt":{"rendered":"<p>Curieux, amateurs de d&eacute;couvertes, passionn&eacute;s par les sciences, venez participer &agrave; la F&ecirc;te de la science, au Village des sciences et de l&rsquo;innovation, au Palais des Congr&egrave;s d&rsquo;Antibes &ndash; Juan les Pins ! Th&eacute;matique annuelle : &laquo; Intelligence (s) &raquo;. Au programme des exposants cette ann&eacute;e, le stand de l&rsquo;INRAE (Institut national de recherche pour&hellip; <a class=\"more-link\" href=\"https:\/\/www.in-magazines.com\/magazine\/sommaire\/inmagazine-42\/antibes-juan-les-pins-sciences-et-intelligences-en-fete-au-palais-des-congres\/\">Poursuivre la lecture <span class=\"screen-reader-text\">ANTIBES \u2013 JUAN LES PINS : SCIENCES ET INTELLIGENCE(S) en f\u00eate au Palais des Congr\u00e8s<\/span><\/a><\/p>\n","protected":false},"author":1,"featured_media":14427,"comment_status":"open","ping_status":"open","sticky":false,"template":"","format":"standard","meta":{"footnotes":""},"categories":[2687,1700],"tags":[2731,2732,2733],"yoast_head":"<!-- This site is optimized with the Yoast SEO plugin v16.2 - https:\/\/yoast.com\/wordpress\/plugins\/seo\/ -->\n<title>ANTIBES \u2013 JUAN LES PINS : SCIENCES ET INTELLIGENCE(S) en f\u00eate au Palais des Congr\u00e8s - In Magazines<\/title>\n<meta name=\"robots\" content=\"index, follow, max-snippet:-1, max-image-preview:large, max-video-preview:-1\" \/>\n<link rel=\"canonical\" href=\"https:\/\/www.in-magazines.com\/magazine\/sommaire\/inmagazine-42\/antibes-juan-les-pins-sciences-et-intelligences-en-fete-au-palais-des-congres\/\" \/>\n<meta property=\"og:locale\" content=\"fr_FR\" \/>\n<meta property=\"og:type\" content=\"article\" \/>\n<meta property=\"og:title\" content=\"ANTIBES \u2013 JUAN LES PINS : SCIENCES ET INTELLIGENCE(S) en f\u00eate au Palais des Congr\u00e8s - In Magazines\" \/>\n<meta property=\"og:description\" content=\"Curieux, amateurs de d&eacute;couvertes, passionn&eacute;s par les sciences, venez participer &agrave; la F&ecirc;te de la science, au Village des sciences et de l&rsquo;innovation, au Palais des Congr&egrave;s d&rsquo;Antibes &ndash; Juan les Pins ! Th&eacute;matique annuelle : &laquo; Intelligence (s) &raquo;. Au programme des exposants cette ann&eacute;e, le stand de l&rsquo;INRAE (Institut national de recherche pour&hellip; Poursuivre la lecture ANTIBES \u2013 JUAN LES PINS : SCIENCES ET INTELLIGENCE(S) en f\u00eate au Palais des Congr\u00e8s\" \/>\n<meta property=\"og:url\" content=\"https:\/\/www.in-magazines.com\/magazine\/sommaire\/inmagazine-42\/antibes-juan-les-pins-sciences-et-intelligences-en-fete-au-palais-des-congres\/\" \/>\n<meta property=\"og:site_name\" content=\"In Magazines\" \/>\n<meta property=\"article:published_time\" content=\"2025-09-24T06:25:00+00:00\" \/>\n<meta property=\"article:modified_time\" content=\"2025-09-22T09:58:09+00:00\" \/>\n<meta property=\"og:image\" content=\"https:\/\/www.in-magazines.com\/magazine\/wp-content\/uploads\/2025\/09\/ANTIBES-JUAN-LES-PINS-SCIENCES-ET-INTELLIGENCES-en-fete-au-Palais-des-Congres.jpg\" \/>\n\t<meta property=\"og:image:width\" content=\"600\" \/>\n\t<meta property=\"og:image:height\" content=\"262\" \/>\n<meta name=\"twitter:label1\" content=\"Dur\u00e9e de lecture est.\">\n\t<meta name=\"twitter:data1\" content=\"2 minutes\">\n<script type=\"application\/ld+json\" class=\"yoast-schema-graph\">{\"@context\":\"https:\/\/schema.org\",\"@graph\":[{\"@type\":\"WebSite\",\"@id\":\"https:\/\/www.in-magazines.com\/magazine\/#website\",\"url\":\"https:\/\/www.in-magazines.com\/magazine\/\",\"name\":\"In Magazines\",\"description\":\"\",\"potentialAction\":[{\"@type\":\"SearchAction\",\"target\":\"https:\/\/www.in-magazines.com\/magazine\/?s={search_term_string}\",\"query-input\":\"required name=search_term_string\"}],\"inLanguage\":\"fr-FR\"},{\"@type\":\"ImageObject\",\"@id\":\"https:\/\/www.in-magazines.com\/magazine\/sommaire\/inmagazine-42\/antibes-juan-les-pins-sciences-et-intelligences-en-fete-au-palais-des-congres\/#primaryimage\",\"inLanguage\":\"fr-FR\",\"url\":\"https:\/\/www.in-magazines.com\/magazine\/wp-content\/uploads\/2025\/09\/ANTIBES-JUAN-LES-PINS-SCIENCES-ET-INTELLIGENCES-en-fete-au-Palais-des-Congres.jpg\",\"contentUrl\":\"https:\/\/www.in-magazines.com\/magazine\/wp-content\/uploads\/2025\/09\/ANTIBES-JUAN-LES-PINS-SCIENCES-ET-INTELLIGENCES-en-fete-au-Palais-des-Congres.jpg\",\"width\":600,\"height\":262},{\"@type\":\"WebPage\",\"@id\":\"https:\/\/www.in-magazines.com\/magazine\/sommaire\/inmagazine-42\/antibes-juan-les-pins-sciences-et-intelligences-en-fete-au-palais-des-congres\/#webpage\",\"url\":\"https:\/\/www.in-magazines.com\/magazine\/sommaire\/inmagazine-42\/antibes-juan-les-pins-sciences-et-intelligences-en-fete-au-palais-des-congres\/\",\"name\":\"ANTIBES \\u2013 JUAN LES PINS : SCIENCES ET INTELLIGENCE(S) en f\\u00eate au Palais des Congr\\u00e8s - In Magazines\",\"isPartOf\":{\"@id\":\"https:\/\/www.in-magazines.com\/magazine\/#website\"},\"primaryImageOfPage\":{\"@id\":\"https:\/\/www.in-magazines.com\/magazine\/sommaire\/inmagazine-42\/antibes-juan-les-pins-sciences-et-intelligences-en-fete-au-palais-des-congres\/#primaryimage\"},\"datePublished\":\"2025-09-24T06:25:00+00:00\",\"dateModified\":\"2025-09-22T09:58:09+00:00\",\"author\":{\"@id\":\"https:\/\/www.in-magazines.com\/magazine\/#\/schema\/person\/c27e7dabb9a1ef380814bdd5636d07e3\"},\"breadcrumb\":{\"@id\":\"https:\/\/www.in-magazines.com\/magazine\/sommaire\/inmagazine-42\/antibes-juan-les-pins-sciences-et-intelligences-en-fete-au-palais-des-congres\/#breadcrumb\"},\"inLanguage\":\"fr-FR\",\"potentialAction\":[{\"@type\":\"ReadAction\",\"target\":[\"https:\/\/www.in-magazines.com\/magazine\/sommaire\/inmagazine-42\/antibes-juan-les-pins-sciences-et-intelligences-en-fete-au-palais-des-congres\/\"]}]},{\"@type\":\"BreadcrumbList\",\"@id\":\"https:\/\/www.in-magazines.com\/magazine\/sommaire\/inmagazine-42\/antibes-juan-les-pins-sciences-et-intelligences-en-fete-au-palais-des-congres\/#breadcrumb\",\"itemListElement\":[{\"@type\":\"ListItem\",\"position\":1,\"item\":{\"@id\":\"https:\/\/www.in-magazines.com\/magazine\/sommaire\/inmagazine-42\/antibes-juan-les-pins-sciences-et-intelligences-en-fete-au-palais-des-congres\/#webpage\"}}]},{\"@type\":\"Person\",\"@id\":\"https:\/\/www.in-magazines.com\/magazine\/#\/schema\/person\/c27e7dabb9a1ef380814bdd5636d07e3\",\"name\":\"backinmag\",\"image\":{\"@type\":\"ImageObject\",\"@id\":\"https:\/\/www.in-magazines.com\/magazine\/#personlogo\",\"inLanguage\":\"fr-FR\",\"url\":\"https:\/\/secure.gravatar.com\/avatar\/13a234bb19dc4fd04793d73c3472fbdb?s=96&d=mm&r=g\",\"contentUrl\":\"https:\/\/secure.gravatar.com\/avatar\/13a234bb19dc4fd04793d73c3472fbdb?s=96&d=mm&r=g\",\"caption\":\"backinmag\"},\"sameAs\":[\"http:\/\/www.in-magazines.com\/magazin\"]}]}<\/script>\n<!-- \/ Yoast SEO plugin. -->","_links":{"self":[{"href":"https:\/\/www.in-magazines.com\/magazine\/wp-json\/wp\/v2\/posts\/14426"}],"collection":[{"href":"https:\/\/www.in-magazines.com\/magazine\/wp-json\/wp\/v2\/posts"}],"about":[{"href":"https:\/\/www.in-magazines.com\/magazine\/wp-json\/wp\/v2\/types\/post"}],"author":[{"embeddable":true,"href":"https:\/\/www.in-magazines.com\/magazine\/wp-json\/wp\/v2\/users\/1"}],"replies":[{"embeddable":true,"href":"https:\/\/www.in-magazines.com\/magazine\/wp-json\/wp\/v2\/comments?post=14426"}],"version-history":[{"count":2,"href":"https:\/\/www.in-magazines.com\/magazine\/wp-json\/wp\/v2\/posts\/14426\/revisions"}],"predecessor-version":[{"id":14429,"href":"https:\/\/www.in-magazines.com\/magazine\/wp-json\/wp\/v2\/posts\/14426\/revisions\/14429"}],"wp:featuredmedia":[{"embeddable":true,"href":"https:\/\/www.in-magazines.com\/magazine\/wp-json\/wp\/v2\/media\/14427"}],"wp:attachment":[{"href":"https:\/\/www.in-magazines.com\/magazine\/wp-json\/wp\/v2\/media?parent=14426"}],"wp:term":[{"taxonomy":"category","embeddable":true,"href":"https:\/\/www.in-magazines.com\/magazine\/wp-json\/wp\/v2\/categories?post=14426"},{"taxonomy":"post_tag","embeddable":true,"href":"https:\/\/www.in-magazines.com\/magazine\/wp-json\/wp\/v2\/tags?post=14426"}],"curies":[{"name":"wp","href":"https:\/\/api.w.org\/{rel}","templated":true}]}}