

{"id":14430,"date":"2025-09-24T06:24:00","date_gmt":"2025-09-24T06:24:00","guid":{"rendered":"https:\/\/www.in-magazines.com\/magazine\/?p=14430"},"modified":"2025-09-22T10:00:54","modified_gmt":"2025-09-22T10:00:54","slug":"saint-paul-pionnier-des-territoires-labellises-pays-dart-et-dhistoire","status":"publish","type":"post","link":"https:\/\/www.in-magazines.com\/magazine\/sommaire\/inmagazine-42\/saint-paul-pionnier-des-territoires-labellises-pays-dart-et-dhistoire\/","title":{"rendered":"SAINT-PAUL, PIONNIER DES TERRITOIRES labellis\u00e9s Pays d\u2019Art et d\u2019Histoire"},"content":{"rendered":"\n<p>Saint-Paul-de-Vence vient d\u2019inaugurer le label \u00ab Pays d\u2019Art et d\u2019Histoire \u00bb, r\u00e9cemment attribu\u00e9 au Syndicat Intercommunal du Pays de Vence, compos\u00e9 des communes de Coursegoules, Gatti\u00e8res, La Gaude, Saint-Jeannet, Saint-Paul-de-Vence, Tourrettes-sur-Loup et Vence. Ce label d\u2019excellence, d\u00e9cern\u00e9 par le minist\u00e8re de la Culture, r\u00e9compense les territoires engag\u00e9s dans la valorisation et la pr\u00e9servation de leur patrimoine et de leur cadre de vie. Avec cette reconnaissance, le SIVOM rejoint le cercle des 205 territoires labellis\u00e9s \u00ab Villes et Pays d\u2019Art et d\u2019Histoire \u00bb en France et devient ainsi le tout premier territoire des Alpes-Maritimes \u00e0 obtenir cette distinction !<\/p>\n\n\n<a href=\"#\" class=\"_3d-flip-book  fb3d-link-lightbox-mode\" data-id=\"14280\" data-mode=\"link-lightbox\" data-title=\"false\" data-template=\"short-white-book-view\" data-lightbox=\"dark\" data-urlparam=\"fb3d-page\" data-page-n=\"0\" data-pdf=\"\" data-tax=\"null\" data-thumbnail=\"\" data-cols=\"3\" data-query=\"\"><img decoding=\"async\" src=\"http:\/\/www.in-magazines.com\/magazine\/wp-content\/uploads\/2021\/05\/btn.jpg\"><\/a>\n","protected":false},"excerpt":{"rendered":"<p>Saint-Paul-de-Vence vient d&rsquo;inaugurer le label &laquo; Pays d&rsquo;Art et d&rsquo;Histoire &raquo;, r&eacute;cemment attribu&eacute; au Syndicat Intercommunal du Pays de Vence, compos&eacute; des communes de Coursegoules, Gatti&egrave;res, La Gaude, Saint-Jeannet, Saint-Paul-de-Vence, Tourrettes-sur-Loup et Vence. Ce label d&rsquo;excellence, d&eacute;cern&eacute; par le minist&egrave;re de la Culture, r&eacute;compense les territoires engag&eacute;s dans la valorisation et la pr&eacute;servation de leur&hellip; <a class=\"more-link\" href=\"https:\/\/www.in-magazines.com\/magazine\/sommaire\/inmagazine-42\/saint-paul-pionnier-des-territoires-labellises-pays-dart-et-dhistoire\/\">Poursuivre la lecture <span class=\"screen-reader-text\">SAINT-PAUL, PIONNIER DES TERRITOIRES labellis\u00e9s Pays d\u2019Art et d\u2019Histoire<\/span><\/a><\/p>\n","protected":false},"author":1,"featured_media":14434,"comment_status":"open","ping_status":"open","sticky":false,"template":"","format":"standard","meta":{"footnotes":""},"categories":[2687,1700],"tags":[],"yoast_head":"<!-- This site is optimized with the Yoast SEO plugin v16.2 - https:\/\/yoast.com\/wordpress\/plugins\/seo\/ -->\n<title>SAINT-PAUL, PIONNIER DES TERRITOIRES labellis\u00e9s Pays d\u2019Art et d\u2019Histoire - In Magazines<\/title>\n<meta name=\"robots\" content=\"index, follow, max-snippet:-1, max-image-preview:large, max-video-preview:-1\" \/>\n<link rel=\"canonical\" href=\"https:\/\/www.in-magazines.com\/magazine\/sommaire\/inmagazine-42\/saint-paul-pionnier-des-territoires-labellises-pays-dart-et-dhistoire\/\" \/>\n<meta property=\"og:locale\" content=\"fr_FR\" \/>\n<meta property=\"og:type\" content=\"article\" \/>\n<meta property=\"og:title\" content=\"SAINT-PAUL, PIONNIER DES TERRITOIRES labellis\u00e9s Pays d\u2019Art et d\u2019Histoire - In Magazines\" \/>\n<meta property=\"og:description\" content=\"Saint-Paul-de-Vence vient d&rsquo;inaugurer le label &laquo; Pays d&rsquo;Art et d&rsquo;Histoire &raquo;, r&eacute;cemment attribu&eacute; au Syndicat Intercommunal du Pays de Vence, compos&eacute; des communes de Coursegoules, Gatti&egrave;res, La Gaude, Saint-Jeannet, Saint-Paul-de-Vence, Tourrettes-sur-Loup et Vence. Ce label d&rsquo;excellence, d&eacute;cern&eacute; par le minist&egrave;re de la Culture, r&eacute;compense les territoires engag&eacute;s dans la valorisation et la pr&eacute;servation de leur&hellip; Poursuivre la lecture SAINT-PAUL, PIONNIER DES TERRITOIRES labellis\u00e9s Pays d\u2019Art et d\u2019Histoire\" \/>\n<meta property=\"og:url\" content=\"https:\/\/www.in-magazines.com\/magazine\/sommaire\/inmagazine-42\/saint-paul-pionnier-des-territoires-labellises-pays-dart-et-dhistoire\/\" \/>\n<meta property=\"og:site_name\" content=\"In Magazines\" \/>\n<meta property=\"article:published_time\" content=\"2025-09-24T06:24:00+00:00\" \/>\n<meta property=\"article:modified_time\" content=\"2025-09-22T10:00:54+00:00\" \/>\n<meta property=\"og:image\" content=\"https:\/\/www.in-magazines.com\/magazine\/wp-content\/uploads\/2025\/09\/SAINT-PAUL-PIONNIER-DES-TERRITOIRES-labellises-Pays-d-Art-et-d-Histoire.jpg\" \/>\n\t<meta property=\"og:image:width\" content=\"600\" \/>\n\t<meta property=\"og:image:height\" content=\"250\" \/>\n<meta name=\"twitter:label1\" content=\"Dur\u00e9e de lecture est.\">\n\t<meta name=\"twitter:data1\" content=\"1 minute\">\n<script type=\"application\/ld+json\" class=\"yoast-schema-graph\">{\"@context\":\"https:\/\/schema.org\",\"@graph\":[{\"@type\":\"WebSite\",\"@id\":\"https:\/\/www.in-magazines.com\/magazine\/#website\",\"url\":\"https:\/\/www.in-magazines.com\/magazine\/\",\"name\":\"In Magazines\",\"description\":\"\",\"potentialAction\":[{\"@type\":\"SearchAction\",\"target\":\"https:\/\/www.in-magazines.com\/magazine\/?s={search_term_string}\",\"query-input\":\"required name=search_term_string\"}],\"inLanguage\":\"fr-FR\"},{\"@type\":\"ImageObject\",\"@id\":\"https:\/\/www.in-magazines.com\/magazine\/sommaire\/inmagazine-42\/saint-paul-pionnier-des-territoires-labellises-pays-dart-et-dhistoire\/#primaryimage\",\"inLanguage\":\"fr-FR\",\"url\":\"https:\/\/www.in-magazines.com\/magazine\/wp-content\/uploads\/2025\/09\/SAINT-PAUL-PIONNIER-DES-TERRITOIRES-labellises-Pays-d-Art-et-d-Histoire.jpg\",\"contentUrl\":\"https:\/\/www.in-magazines.com\/magazine\/wp-content\/uploads\/2025\/09\/SAINT-PAUL-PIONNIER-DES-TERRITOIRES-labellises-Pays-d-Art-et-d-Histoire.jpg\",\"width\":600,\"height\":250},{\"@type\":\"WebPage\",\"@id\":\"https:\/\/www.in-magazines.com\/magazine\/sommaire\/inmagazine-42\/saint-paul-pionnier-des-territoires-labellises-pays-dart-et-dhistoire\/#webpage\",\"url\":\"https:\/\/www.in-magazines.com\/magazine\/sommaire\/inmagazine-42\/saint-paul-pionnier-des-territoires-labellises-pays-dart-et-dhistoire\/\",\"name\":\"SAINT-PAUL, PIONNIER DES TERRITOIRES labellis\\u00e9s Pays d\\u2019Art et d\\u2019Histoire - In Magazines\",\"isPartOf\":{\"@id\":\"https:\/\/www.in-magazines.com\/magazine\/#website\"},\"primaryImageOfPage\":{\"@id\":\"https:\/\/www.in-magazines.com\/magazine\/sommaire\/inmagazine-42\/saint-paul-pionnier-des-territoires-labellises-pays-dart-et-dhistoire\/#primaryimage\"},\"datePublished\":\"2025-09-24T06:24:00+00:00\",\"dateModified\":\"2025-09-22T10:00:54+00:00\",\"author\":{\"@id\":\"https:\/\/www.in-magazines.com\/magazine\/#\/schema\/person\/c27e7dabb9a1ef380814bdd5636d07e3\"},\"breadcrumb\":{\"@id\":\"https:\/\/www.in-magazines.com\/magazine\/sommaire\/inmagazine-42\/saint-paul-pionnier-des-territoires-labellises-pays-dart-et-dhistoire\/#breadcrumb\"},\"inLanguage\":\"fr-FR\",\"potentialAction\":[{\"@type\":\"ReadAction\",\"target\":[\"https:\/\/www.in-magazines.com\/magazine\/sommaire\/inmagazine-42\/saint-paul-pionnier-des-territoires-labellises-pays-dart-et-dhistoire\/\"]}]},{\"@type\":\"BreadcrumbList\",\"@id\":\"https:\/\/www.in-magazines.com\/magazine\/sommaire\/inmagazine-42\/saint-paul-pionnier-des-territoires-labellises-pays-dart-et-dhistoire\/#breadcrumb\",\"itemListElement\":[{\"@type\":\"ListItem\",\"position\":1,\"item\":{\"@id\":\"https:\/\/www.in-magazines.com\/magazine\/sommaire\/inmagazine-42\/saint-paul-pionnier-des-territoires-labellises-pays-dart-et-dhistoire\/#webpage\"}}]},{\"@type\":\"Person\",\"@id\":\"https:\/\/www.in-magazines.com\/magazine\/#\/schema\/person\/c27e7dabb9a1ef380814bdd5636d07e3\",\"name\":\"backinmag\",\"image\":{\"@type\":\"ImageObject\",\"@id\":\"https:\/\/www.in-magazines.com\/magazine\/#personlogo\",\"inLanguage\":\"fr-FR\",\"url\":\"https:\/\/secure.gravatar.com\/avatar\/13a234bb19dc4fd04793d73c3472fbdb?s=96&d=mm&r=g\",\"contentUrl\":\"https:\/\/secure.gravatar.com\/avatar\/13a234bb19dc4fd04793d73c3472fbdb?s=96&d=mm&r=g\",\"caption\":\"backinmag\"},\"sameAs\":[\"http:\/\/www.in-magazines.com\/magazin\"]}]}<\/script>\n<!-- \/ Yoast SEO plugin. -->","_links":{"self":[{"href":"https:\/\/www.in-magazines.com\/magazine\/wp-json\/wp\/v2\/posts\/14430"}],"collection":[{"href":"https:\/\/www.in-magazines.com\/magazine\/wp-json\/wp\/v2\/posts"}],"about":[{"href":"https:\/\/www.in-magazines.com\/magazine\/wp-json\/wp\/v2\/types\/post"}],"author":[{"embeddable":true,"href":"https:\/\/www.in-magazines.com\/magazine\/wp-json\/wp\/v2\/users\/1"}],"replies":[{"embeddable":true,"href":"https:\/\/www.in-magazines.com\/magazine\/wp-json\/wp\/v2\/comments?post=14430"}],"version-history":[{"count":3,"href":"https:\/\/www.in-magazines.com\/magazine\/wp-json\/wp\/v2\/posts\/14430\/revisions"}],"predecessor-version":[{"id":14435,"href":"https:\/\/www.in-magazines.com\/magazine\/wp-json\/wp\/v2\/posts\/14430\/revisions\/14435"}],"wp:featuredmedia":[{"embeddable":true,"href":"https:\/\/www.in-magazines.com\/magazine\/wp-json\/wp\/v2\/media\/14434"}],"wp:attachment":[{"href":"https:\/\/www.in-magazines.com\/magazine\/wp-json\/wp\/v2\/media?parent=14430"}],"wp:term":[{"taxonomy":"category","embeddable":true,"href":"https:\/\/www.in-magazines.com\/magazine\/wp-json\/wp\/v2\/categories?post=14430"},{"taxonomy":"post_tag","embeddable":true,"href":"https:\/\/www.in-magazines.com\/magazine\/wp-json\/wp\/v2\/tags?post=14430"}],"curies":[{"name":"wp","href":"https:\/\/api.w.org\/{rel}","templated":true}]}}