

{"id":14439,"date":"2025-09-24T06:22:00","date_gmt":"2025-09-24T06:22:00","guid":{"rendered":"https:\/\/www.in-magazines.com\/magazine\/?p=14439"},"modified":"2025-09-22T10:25:06","modified_gmt":"2025-09-22T10:25:06","slug":"a-mouans-sartoux-le-livre-en-fete","status":"publish","type":"post","link":"https:\/\/www.in-magazines.com\/magazine\/sommaire\/a-mouans-sartoux-le-livre-en-fete\/","title":{"rendered":"A Mouans-Sartoux, le livre en f\u00eate"},"content":{"rendered":"\n<p>Vibrant, bouillonnant : la 38\u1d49 \u00e9dition du festival du livre de Mouans-Sartoux se veut puissante, engag\u00e9e, avec 300 auteurs et autrices qui participeront aux d\u00e9bats et rencontres, aux lectures, aux spectacles et films\u2026 3 jours \u00e9bouriffants sur le th\u00e8me \u00ab Quel monde demain ? \u00bb L\u2019entr\u00e9e est gratuite, ainsi que les d\u00e9bats et rencontres et la plupart des films et spectacles.<\/p>\n\n\n<a href=\"#\" class=\"_3d-flip-book  fb3d-link-lightbox-mode\" data-id=\"14282\" data-mode=\"link-lightbox\" data-title=\"false\" data-template=\"short-white-book-view\" data-lightbox=\"dark\" data-urlparam=\"fb3d-page\" data-page-n=\"0\" data-pdf=\"\" data-tax=\"null\" data-thumbnail=\"\" data-cols=\"3\" data-query=\"\"><img decoding=\"async\" src=\"http:\/\/www.in-magazines.com\/magazine\/wp-content\/uploads\/2021\/05\/btn.jpg\"><\/a>\n","protected":false},"excerpt":{"rendered":"<p>Vibrant, bouillonnant : la 38&#7497; &eacute;dition du festival du livre de Mouans-Sartoux se veut puissante, engag&eacute;e, avec 300 auteurs et autrices qui participeront aux d&eacute;bats et rencontres, aux lectures, aux spectacles et films&hellip; 3 jours &eacute;bouriffants sur le th&egrave;me &laquo; Quel monde demain ? &raquo; L&rsquo;entr&eacute;e est gratuite, ainsi que les d&eacute;bats et rencontres et&hellip; <a class=\"more-link\" href=\"https:\/\/www.in-magazines.com\/magazine\/sommaire\/a-mouans-sartoux-le-livre-en-fete\/\">Poursuivre la lecture <span class=\"screen-reader-text\">A Mouans-Sartoux, le livre en f\u00eate<\/span><\/a><\/p>\n","protected":false},"author":1,"featured_media":14444,"comment_status":"open","ping_status":"open","sticky":false,"template":"","format":"standard","meta":{"footnotes":""},"categories":[2,1700],"tags":[2585],"yoast_head":"<!-- This site is optimized with the Yoast SEO plugin v16.2 - https:\/\/yoast.com\/wordpress\/plugins\/seo\/ -->\n<title>A Mouans-Sartoux, le livre en f\u00eate - In Magazines<\/title>\n<meta name=\"robots\" content=\"index, follow, max-snippet:-1, max-image-preview:large, max-video-preview:-1\" \/>\n<link rel=\"canonical\" href=\"https:\/\/www.in-magazines.com\/magazine\/sommaire\/a-mouans-sartoux-le-livre-en-fete\/\" \/>\n<meta property=\"og:locale\" content=\"fr_FR\" \/>\n<meta property=\"og:type\" content=\"article\" \/>\n<meta property=\"og:title\" content=\"A Mouans-Sartoux, le livre en f\u00eate - In Magazines\" \/>\n<meta property=\"og:description\" content=\"Vibrant, bouillonnant : la 38&#7497; &eacute;dition du festival du livre de Mouans-Sartoux se veut puissante, engag&eacute;e, avec 300 auteurs et autrices qui participeront aux d&eacute;bats et rencontres, aux lectures, aux spectacles et films&hellip; 3 jours &eacute;bouriffants sur le th&egrave;me &laquo; Quel monde demain ? &raquo; L&rsquo;entr&eacute;e est gratuite, ainsi que les d&eacute;bats et rencontres et&hellip; Poursuivre la lecture A Mouans-Sartoux, le livre en f\u00eate\" \/>\n<meta property=\"og:url\" content=\"https:\/\/www.in-magazines.com\/magazine\/sommaire\/a-mouans-sartoux-le-livre-en-fete\/\" \/>\n<meta property=\"og:site_name\" content=\"In Magazines\" \/>\n<meta property=\"article:published_time\" content=\"2025-09-24T06:22:00+00:00\" \/>\n<meta property=\"article:modified_time\" content=\"2025-09-22T10:25:06+00:00\" \/>\n<meta property=\"og:image\" content=\"https:\/\/www.in-magazines.com\/magazine\/wp-content\/uploads\/2025\/09\/A-Mouans-Sartoux-le-livre-en-fete-3.jpg\" \/>\n\t<meta property=\"og:image:width\" content=\"600\" \/>\n\t<meta property=\"og:image:height\" content=\"195\" \/>\n<meta name=\"twitter:label1\" content=\"Dur\u00e9e de lecture est.\">\n\t<meta name=\"twitter:data1\" content=\"1 minute\">\n<script type=\"application\/ld+json\" class=\"yoast-schema-graph\">{\"@context\":\"https:\/\/schema.org\",\"@graph\":[{\"@type\":\"WebSite\",\"@id\":\"https:\/\/www.in-magazines.com\/magazine\/#website\",\"url\":\"https:\/\/www.in-magazines.com\/magazine\/\",\"name\":\"In Magazines\",\"description\":\"\",\"potentialAction\":[{\"@type\":\"SearchAction\",\"target\":\"https:\/\/www.in-magazines.com\/magazine\/?s={search_term_string}\",\"query-input\":\"required name=search_term_string\"}],\"inLanguage\":\"fr-FR\"},{\"@type\":\"ImageObject\",\"@id\":\"https:\/\/www.in-magazines.com\/magazine\/sommaire\/a-mouans-sartoux-le-livre-en-fete\/#primaryimage\",\"inLanguage\":\"fr-FR\",\"url\":\"https:\/\/www.in-magazines.com\/magazine\/wp-content\/uploads\/2025\/09\/A-Mouans-Sartoux-le-livre-en-fete-3.jpg\",\"contentUrl\":\"https:\/\/www.in-magazines.com\/magazine\/wp-content\/uploads\/2025\/09\/A-Mouans-Sartoux-le-livre-en-fete-3.jpg\",\"width\":600,\"height\":195},{\"@type\":\"WebPage\",\"@id\":\"https:\/\/www.in-magazines.com\/magazine\/sommaire\/a-mouans-sartoux-le-livre-en-fete\/#webpage\",\"url\":\"https:\/\/www.in-magazines.com\/magazine\/sommaire\/a-mouans-sartoux-le-livre-en-fete\/\",\"name\":\"A Mouans-Sartoux, le livre en f\\u00eate - In Magazines\",\"isPartOf\":{\"@id\":\"https:\/\/www.in-magazines.com\/magazine\/#website\"},\"primaryImageOfPage\":{\"@id\":\"https:\/\/www.in-magazines.com\/magazine\/sommaire\/a-mouans-sartoux-le-livre-en-fete\/#primaryimage\"},\"datePublished\":\"2025-09-24T06:22:00+00:00\",\"dateModified\":\"2025-09-22T10:25:06+00:00\",\"author\":{\"@id\":\"https:\/\/www.in-magazines.com\/magazine\/#\/schema\/person\/c27e7dabb9a1ef380814bdd5636d07e3\"},\"breadcrumb\":{\"@id\":\"https:\/\/www.in-magazines.com\/magazine\/sommaire\/a-mouans-sartoux-le-livre-en-fete\/#breadcrumb\"},\"inLanguage\":\"fr-FR\",\"potentialAction\":[{\"@type\":\"ReadAction\",\"target\":[\"https:\/\/www.in-magazines.com\/magazine\/sommaire\/a-mouans-sartoux-le-livre-en-fete\/\"]}]},{\"@type\":\"BreadcrumbList\",\"@id\":\"https:\/\/www.in-magazines.com\/magazine\/sommaire\/a-mouans-sartoux-le-livre-en-fete\/#breadcrumb\",\"itemListElement\":[{\"@type\":\"ListItem\",\"position\":1,\"item\":{\"@id\":\"https:\/\/www.in-magazines.com\/magazine\/sommaire\/a-mouans-sartoux-le-livre-en-fete\/#webpage\"}}]},{\"@type\":\"Person\",\"@id\":\"https:\/\/www.in-magazines.com\/magazine\/#\/schema\/person\/c27e7dabb9a1ef380814bdd5636d07e3\",\"name\":\"backinmag\",\"image\":{\"@type\":\"ImageObject\",\"@id\":\"https:\/\/www.in-magazines.com\/magazine\/#personlogo\",\"inLanguage\":\"fr-FR\",\"url\":\"https:\/\/secure.gravatar.com\/avatar\/13a234bb19dc4fd04793d73c3472fbdb?s=96&d=mm&r=g\",\"contentUrl\":\"https:\/\/secure.gravatar.com\/avatar\/13a234bb19dc4fd04793d73c3472fbdb?s=96&d=mm&r=g\",\"caption\":\"backinmag\"},\"sameAs\":[\"http:\/\/www.in-magazines.com\/magazin\"]}]}<\/script>\n<!-- \/ Yoast SEO plugin. -->","_links":{"self":[{"href":"https:\/\/www.in-magazines.com\/magazine\/wp-json\/wp\/v2\/posts\/14439"}],"collection":[{"href":"https:\/\/www.in-magazines.com\/magazine\/wp-json\/wp\/v2\/posts"}],"about":[{"href":"https:\/\/www.in-magazines.com\/magazine\/wp-json\/wp\/v2\/types\/post"}],"author":[{"embeddable":true,"href":"https:\/\/www.in-magazines.com\/magazine\/wp-json\/wp\/v2\/users\/1"}],"replies":[{"embeddable":true,"href":"https:\/\/www.in-magazines.com\/magazine\/wp-json\/wp\/v2\/comments?post=14439"}],"version-history":[{"count":1,"href":"https:\/\/www.in-magazines.com\/magazine\/wp-json\/wp\/v2\/posts\/14439\/revisions"}],"predecessor-version":[{"id":14441,"href":"https:\/\/www.in-magazines.com\/magazine\/wp-json\/wp\/v2\/posts\/14439\/revisions\/14441"}],"wp:featuredmedia":[{"embeddable":true,"href":"https:\/\/www.in-magazines.com\/magazine\/wp-json\/wp\/v2\/media\/14444"}],"wp:attachment":[{"href":"https:\/\/www.in-magazines.com\/magazine\/wp-json\/wp\/v2\/media?parent=14439"}],"wp:term":[{"taxonomy":"category","embeddable":true,"href":"https:\/\/www.in-magazines.com\/magazine\/wp-json\/wp\/v2\/categories?post=14439"},{"taxonomy":"post_tag","embeddable":true,"href":"https:\/\/www.in-magazines.com\/magazine\/wp-json\/wp\/v2\/tags?post=14439"}],"curies":[{"name":"wp","href":"https:\/\/api.w.org\/{rel}","templated":true}]}}