

{"id":14442,"date":"2025-09-24T06:21:00","date_gmt":"2025-09-24T06:21:00","guid":{"rendered":"https:\/\/www.in-magazines.com\/magazine\/?p=14442"},"modified":"2025-09-22T10:26:25","modified_gmt":"2025-09-22T10:26:25","slug":"du-court-metrage-a-nice","status":"publish","type":"post","link":"https:\/\/www.in-magazines.com\/magazine\/sommaire\/inmagazine-42\/du-court-metrage-a-nice\/","title":{"rendered":"Du court-m\u00e9trage \u00e0 Nice"},"content":{"rendered":"\n<p>D\u00e9di\u00e9 \u00e0 la jeune cr\u00e9ation cin\u00e9matographique, le Festival Europ\u00e9en du Court M\u00e9trage de Nice \u00ab Un Festival C\u2019est Trop Court ! \u00bb est un \u00e9v\u00e9nement annonciateur de nouvelles tendances. Il r\u00e9unit tous les ans pendant une semaine, films et public venus des quatre coins de l\u2019Europe, formant \u00e0 chaque \u00e9dition une effervescence culturelle fra\u00eeche et in\u00e9dite \u00e0 Nice.<\/p>\n\n\n<a href=\"#\" class=\"_3d-flip-book  fb3d-link-lightbox-mode\" data-id=\"14283\" data-mode=\"link-lightbox\" data-title=\"false\" data-template=\"short-white-book-view\" data-lightbox=\"dark\" data-urlparam=\"fb3d-page\" data-page-n=\"0\" data-pdf=\"\" data-tax=\"null\" data-thumbnail=\"\" data-cols=\"3\" data-query=\"\"><img decoding=\"async\" src=\"http:\/\/www.in-magazines.com\/magazine\/wp-content\/uploads\/2021\/05\/btn.jpg\"><\/a>\n","protected":false},"excerpt":{"rendered":"<p>D&eacute;di&eacute; &agrave; la jeune cr&eacute;ation cin&eacute;matographique, le Festival Europ&eacute;en du Court M&eacute;trage de Nice &laquo; Un Festival C&rsquo;est Trop Court ! &raquo; est un &eacute;v&eacute;nement annonciateur de nouvelles tendances. Il r&eacute;unit tous les ans pendant une semaine, films et public venus des quatre coins de l&rsquo;Europe, formant &agrave; chaque &eacute;dition une effervescence culturelle fra&icirc;che et&hellip; <a class=\"more-link\" href=\"https:\/\/www.in-magazines.com\/magazine\/sommaire\/inmagazine-42\/du-court-metrage-a-nice\/\">Poursuivre la lecture <span class=\"screen-reader-text\">Du court-m\u00e9trage \u00e0 Nice<\/span><\/a><\/p>\n","protected":false},"author":1,"featured_media":14446,"comment_status":"open","ping_status":"open","sticky":false,"template":"","format":"standard","meta":{"footnotes":""},"categories":[2687,1700],"tags":[2735],"yoast_head":"<!-- This site is optimized with the Yoast SEO plugin v16.2 - https:\/\/yoast.com\/wordpress\/plugins\/seo\/ -->\n<title>Du court-m\u00e9trage \u00e0 Nice - In Magazines<\/title>\n<meta name=\"robots\" content=\"index, follow, max-snippet:-1, max-image-preview:large, max-video-preview:-1\" \/>\n<link rel=\"canonical\" href=\"https:\/\/www.in-magazines.com\/magazine\/sommaire\/inmagazine-42\/du-court-metrage-a-nice\/\" \/>\n<meta property=\"og:locale\" content=\"fr_FR\" \/>\n<meta property=\"og:type\" content=\"article\" \/>\n<meta property=\"og:title\" content=\"Du court-m\u00e9trage \u00e0 Nice - In Magazines\" \/>\n<meta property=\"og:description\" content=\"D&eacute;di&eacute; &agrave; la jeune cr&eacute;ation cin&eacute;matographique, le Festival Europ&eacute;en du Court M&eacute;trage de Nice &laquo; Un Festival C&rsquo;est Trop Court ! &raquo; est un &eacute;v&eacute;nement annonciateur de nouvelles tendances. Il r&eacute;unit tous les ans pendant une semaine, films et public venus des quatre coins de l&rsquo;Europe, formant &agrave; chaque &eacute;dition une effervescence culturelle fra&icirc;che et&hellip; Poursuivre la lecture Du court-m\u00e9trage \u00e0 Nice\" \/>\n<meta property=\"og:url\" content=\"https:\/\/www.in-magazines.com\/magazine\/sommaire\/inmagazine-42\/du-court-metrage-a-nice\/\" \/>\n<meta property=\"og:site_name\" content=\"In Magazines\" \/>\n<meta property=\"article:published_time\" content=\"2025-09-24T06:21:00+00:00\" \/>\n<meta property=\"article:modified_time\" content=\"2025-09-22T10:26:25+00:00\" \/>\n<meta property=\"og:image\" content=\"https:\/\/www.in-magazines.com\/magazine\/wp-content\/uploads\/2025\/09\/Du-court-metrage-a-Nice.jpg\" \/>\n\t<meta property=\"og:image:width\" content=\"600\" \/>\n\t<meta property=\"og:image:height\" content=\"195\" \/>\n<meta name=\"twitter:label1\" content=\"Dur\u00e9e de lecture est.\">\n\t<meta name=\"twitter:data1\" content=\"1 minute\">\n<script type=\"application\/ld+json\" class=\"yoast-schema-graph\">{\"@context\":\"https:\/\/schema.org\",\"@graph\":[{\"@type\":\"WebSite\",\"@id\":\"https:\/\/www.in-magazines.com\/magazine\/#website\",\"url\":\"https:\/\/www.in-magazines.com\/magazine\/\",\"name\":\"In Magazines\",\"description\":\"\",\"potentialAction\":[{\"@type\":\"SearchAction\",\"target\":\"https:\/\/www.in-magazines.com\/magazine\/?s={search_term_string}\",\"query-input\":\"required name=search_term_string\"}],\"inLanguage\":\"fr-FR\"},{\"@type\":\"ImageObject\",\"@id\":\"https:\/\/www.in-magazines.com\/magazine\/sommaire\/inmagazine-42\/du-court-metrage-a-nice\/#primaryimage\",\"inLanguage\":\"fr-FR\",\"url\":\"https:\/\/www.in-magazines.com\/magazine\/wp-content\/uploads\/2025\/09\/Du-court-metrage-a-Nice.jpg\",\"contentUrl\":\"https:\/\/www.in-magazines.com\/magazine\/wp-content\/uploads\/2025\/09\/Du-court-metrage-a-Nice.jpg\",\"width\":600,\"height\":195},{\"@type\":\"WebPage\",\"@id\":\"https:\/\/www.in-magazines.com\/magazine\/sommaire\/inmagazine-42\/du-court-metrage-a-nice\/#webpage\",\"url\":\"https:\/\/www.in-magazines.com\/magazine\/sommaire\/inmagazine-42\/du-court-metrage-a-nice\/\",\"name\":\"Du court-m\\u00e9trage \\u00e0 Nice - In Magazines\",\"isPartOf\":{\"@id\":\"https:\/\/www.in-magazines.com\/magazine\/#website\"},\"primaryImageOfPage\":{\"@id\":\"https:\/\/www.in-magazines.com\/magazine\/sommaire\/inmagazine-42\/du-court-metrage-a-nice\/#primaryimage\"},\"datePublished\":\"2025-09-24T06:21:00+00:00\",\"dateModified\":\"2025-09-22T10:26:25+00:00\",\"author\":{\"@id\":\"https:\/\/www.in-magazines.com\/magazine\/#\/schema\/person\/c27e7dabb9a1ef380814bdd5636d07e3\"},\"breadcrumb\":{\"@id\":\"https:\/\/www.in-magazines.com\/magazine\/sommaire\/inmagazine-42\/du-court-metrage-a-nice\/#breadcrumb\"},\"inLanguage\":\"fr-FR\",\"potentialAction\":[{\"@type\":\"ReadAction\",\"target\":[\"https:\/\/www.in-magazines.com\/magazine\/sommaire\/inmagazine-42\/du-court-metrage-a-nice\/\"]}]},{\"@type\":\"BreadcrumbList\",\"@id\":\"https:\/\/www.in-magazines.com\/magazine\/sommaire\/inmagazine-42\/du-court-metrage-a-nice\/#breadcrumb\",\"itemListElement\":[{\"@type\":\"ListItem\",\"position\":1,\"item\":{\"@id\":\"https:\/\/www.in-magazines.com\/magazine\/sommaire\/inmagazine-42\/du-court-metrage-a-nice\/#webpage\"}}]},{\"@type\":\"Person\",\"@id\":\"https:\/\/www.in-magazines.com\/magazine\/#\/schema\/person\/c27e7dabb9a1ef380814bdd5636d07e3\",\"name\":\"backinmag\",\"image\":{\"@type\":\"ImageObject\",\"@id\":\"https:\/\/www.in-magazines.com\/magazine\/#personlogo\",\"inLanguage\":\"fr-FR\",\"url\":\"https:\/\/secure.gravatar.com\/avatar\/13a234bb19dc4fd04793d73c3472fbdb?s=96&d=mm&r=g\",\"contentUrl\":\"https:\/\/secure.gravatar.com\/avatar\/13a234bb19dc4fd04793d73c3472fbdb?s=96&d=mm&r=g\",\"caption\":\"backinmag\"},\"sameAs\":[\"http:\/\/www.in-magazines.com\/magazin\"]}]}<\/script>\n<!-- \/ Yoast SEO plugin. -->","_links":{"self":[{"href":"https:\/\/www.in-magazines.com\/magazine\/wp-json\/wp\/v2\/posts\/14442"}],"collection":[{"href":"https:\/\/www.in-magazines.com\/magazine\/wp-json\/wp\/v2\/posts"}],"about":[{"href":"https:\/\/www.in-magazines.com\/magazine\/wp-json\/wp\/v2\/types\/post"}],"author":[{"embeddable":true,"href":"https:\/\/www.in-magazines.com\/magazine\/wp-json\/wp\/v2\/users\/1"}],"replies":[{"embeddable":true,"href":"https:\/\/www.in-magazines.com\/magazine\/wp-json\/wp\/v2\/comments?post=14442"}],"version-history":[{"count":2,"href":"https:\/\/www.in-magazines.com\/magazine\/wp-json\/wp\/v2\/posts\/14442\/revisions"}],"predecessor-version":[{"id":14448,"href":"https:\/\/www.in-magazines.com\/magazine\/wp-json\/wp\/v2\/posts\/14442\/revisions\/14448"}],"wp:featuredmedia":[{"embeddable":true,"href":"https:\/\/www.in-magazines.com\/magazine\/wp-json\/wp\/v2\/media\/14446"}],"wp:attachment":[{"href":"https:\/\/www.in-magazines.com\/magazine\/wp-json\/wp\/v2\/media?parent=14442"}],"wp:term":[{"taxonomy":"category","embeddable":true,"href":"https:\/\/www.in-magazines.com\/magazine\/wp-json\/wp\/v2\/categories?post=14442"},{"taxonomy":"post_tag","embeddable":true,"href":"https:\/\/www.in-magazines.com\/magazine\/wp-json\/wp\/v2\/tags?post=14442"}],"curies":[{"name":"wp","href":"https:\/\/api.w.org\/{rel}","templated":true}]}}