

{"id":14453,"date":"2025-09-24T06:18:00","date_gmt":"2025-09-24T06:18:00","guid":{"rendered":"https:\/\/www.in-magazines.com\/magazine\/?p=14453"},"modified":"2025-09-22T10:35:16","modified_gmt":"2025-09-22T10:35:16","slug":"10%e1%b5%89-salon-du-livre-dhistoire","status":"publish","type":"post","link":"https:\/\/www.in-magazines.com\/magazine\/sommaire\/inmagazine-42\/10%e1%b5%89-salon-du-livre-dhistoire\/","title":{"rendered":"10\u1d49 Salon du livre d\u2019histoire"},"content":{"rendered":"\n<p>Projections, conf\u00e9rences, expositions et d\u00e9bats rythmeront cette dixi\u00e8me \u00e9dition du Salon du livre d\u2019histoire de Villeneuve-Loubet. Deux jours de festivit\u00e9s qui donneront l\u2019occasion aux passionn\u00e9s comme aux n\u00e9ophytes et aux curieux de pouvoir rencontrer 31 auteurs et historiens, avec en invit\u00e9 d\u2019honneur, Camille Pascal, agr\u00e9g\u00e9 d\u2019histoire, collaborateur de plusieurs ministres, membre du Conseil d\u2019Etat, qui fut \u00e9galement la plume de Nicolas Sarkozy \u00e0 l\u2019Elys\u00e9e et de Jean Castex \u00e0 Matignon, auteur de plusieurs romans consacr\u00e9s \u00e0 l\u2019histoire de la monarchie.<\/p>\n\n\n<a href=\"#\" class=\"_3d-flip-book  fb3d-link-lightbox-mode\" data-id=\"14285\" data-mode=\"link-lightbox\" data-title=\"false\" data-template=\"short-white-book-view\" data-lightbox=\"dark\" data-urlparam=\"fb3d-page\" data-page-n=\"0\" data-pdf=\"\" data-tax=\"null\" data-thumbnail=\"\" data-cols=\"3\" data-query=\"\"><img decoding=\"async\" src=\"http:\/\/www.in-magazines.com\/magazine\/wp-content\/uploads\/2021\/05\/btn.jpg\"><\/a>\n","protected":false},"excerpt":{"rendered":"<p>Projections, conf&eacute;rences, expositions et d&eacute;bats rythmeront cette dixi&egrave;me &eacute;dition du Salon du livre d&rsquo;histoire de Villeneuve-Loubet. Deux jours de festivit&eacute;s qui donneront l&rsquo;occasion aux passionn&eacute;s comme aux n&eacute;ophytes et aux curieux de pouvoir rencontrer 31 auteurs et historiens, avec en invit&eacute; d&rsquo;honneur, Camille Pascal, agr&eacute;g&eacute; d&rsquo;histoire, collaborateur de plusieurs ministres, membre du Conseil d&rsquo;Etat, qui&hellip; <a class=\"more-link\" href=\"https:\/\/www.in-magazines.com\/magazine\/sommaire\/inmagazine-42\/10%e1%b5%89-salon-du-livre-dhistoire\/\">Poursuivre la lecture <span class=\"screen-reader-text\">10\u1d49 Salon du livre d\u2019histoire<\/span><\/a><\/p>\n","protected":false},"author":1,"featured_media":14454,"comment_status":"open","ping_status":"open","sticky":false,"template":"","format":"standard","meta":{"footnotes":""},"categories":[2687,1700],"tags":[2738,2739],"yoast_head":"<!-- This site is optimized with the Yoast SEO plugin v16.2 - https:\/\/yoast.com\/wordpress\/plugins\/seo\/ -->\n<title>10\u1d49 Salon du livre d\u2019histoire - In Magazines<\/title>\n<meta name=\"robots\" content=\"index, follow, max-snippet:-1, max-image-preview:large, max-video-preview:-1\" \/>\n<link rel=\"canonical\" href=\"https:\/\/www.in-magazines.com\/magazine\/sommaire\/inmagazine-42\/10\u1d49-salon-du-livre-dhistoire\/\" \/>\n<meta property=\"og:locale\" content=\"fr_FR\" \/>\n<meta property=\"og:type\" content=\"article\" \/>\n<meta property=\"og:title\" content=\"10\u1d49 Salon du livre d\u2019histoire - In Magazines\" \/>\n<meta property=\"og:description\" content=\"Projections, conf&eacute;rences, expositions et d&eacute;bats rythmeront cette dixi&egrave;me &eacute;dition du Salon du livre d&rsquo;histoire de Villeneuve-Loubet. Deux jours de festivit&eacute;s qui donneront l&rsquo;occasion aux passionn&eacute;s comme aux n&eacute;ophytes et aux curieux de pouvoir rencontrer 31 auteurs et historiens, avec en invit&eacute; d&rsquo;honneur, Camille Pascal, agr&eacute;g&eacute; d&rsquo;histoire, collaborateur de plusieurs ministres, membre du Conseil d&rsquo;Etat, qui&hellip; Poursuivre la lecture 10\u1d49 Salon du livre d\u2019histoire\" \/>\n<meta property=\"og:url\" content=\"https:\/\/www.in-magazines.com\/magazine\/sommaire\/inmagazine-42\/10\u1d49-salon-du-livre-dhistoire\/\" \/>\n<meta property=\"og:site_name\" content=\"In Magazines\" \/>\n<meta property=\"article:published_time\" content=\"2025-09-24T06:18:00+00:00\" \/>\n<meta property=\"article:modified_time\" content=\"2025-09-22T10:35:16+00:00\" \/>\n<meta property=\"og:image\" content=\"https:\/\/www.in-magazines.com\/magazine\/wp-content\/uploads\/2025\/09\/10e-Salon-du-livre-d-histoire.jpg\" \/>\n\t<meta property=\"og:image:width\" content=\"600\" \/>\n\t<meta property=\"og:image:height\" content=\"195\" \/>\n<meta name=\"twitter:label1\" content=\"Dur\u00e9e de lecture est.\">\n\t<meta name=\"twitter:data1\" content=\"1 minute\">\n<script type=\"application\/ld+json\" class=\"yoast-schema-graph\">{\"@context\":\"https:\/\/schema.org\",\"@graph\":[{\"@type\":\"WebSite\",\"@id\":\"https:\/\/www.in-magazines.com\/magazine\/#website\",\"url\":\"https:\/\/www.in-magazines.com\/magazine\/\",\"name\":\"In Magazines\",\"description\":\"\",\"potentialAction\":[{\"@type\":\"SearchAction\",\"target\":\"https:\/\/www.in-magazines.com\/magazine\/?s={search_term_string}\",\"query-input\":\"required name=search_term_string\"}],\"inLanguage\":\"fr-FR\"},{\"@type\":\"ImageObject\",\"@id\":\"https:\/\/www.in-magazines.com\/magazine\/sommaire\/inmagazine-42\/10%e1%b5%89-salon-du-livre-dhistoire\/#primaryimage\",\"inLanguage\":\"fr-FR\",\"url\":\"https:\/\/www.in-magazines.com\/magazine\/wp-content\/uploads\/2025\/09\/10e-Salon-du-livre-d-histoire.jpg\",\"contentUrl\":\"https:\/\/www.in-magazines.com\/magazine\/wp-content\/uploads\/2025\/09\/10e-Salon-du-livre-d-histoire.jpg\",\"width\":600,\"height\":195},{\"@type\":\"WebPage\",\"@id\":\"https:\/\/www.in-magazines.com\/magazine\/sommaire\/inmagazine-42\/10%e1%b5%89-salon-du-livre-dhistoire\/#webpage\",\"url\":\"https:\/\/www.in-magazines.com\/magazine\/sommaire\/inmagazine-42\/10%e1%b5%89-salon-du-livre-dhistoire\/\",\"name\":\"10\\u1d49 Salon du livre d\\u2019histoire - In Magazines\",\"isPartOf\":{\"@id\":\"https:\/\/www.in-magazines.com\/magazine\/#website\"},\"primaryImageOfPage\":{\"@id\":\"https:\/\/www.in-magazines.com\/magazine\/sommaire\/inmagazine-42\/10%e1%b5%89-salon-du-livre-dhistoire\/#primaryimage\"},\"datePublished\":\"2025-09-24T06:18:00+00:00\",\"dateModified\":\"2025-09-22T10:35:16+00:00\",\"author\":{\"@id\":\"https:\/\/www.in-magazines.com\/magazine\/#\/schema\/person\/c27e7dabb9a1ef380814bdd5636d07e3\"},\"breadcrumb\":{\"@id\":\"https:\/\/www.in-magazines.com\/magazine\/sommaire\/inmagazine-42\/10%e1%b5%89-salon-du-livre-dhistoire\/#breadcrumb\"},\"inLanguage\":\"fr-FR\",\"potentialAction\":[{\"@type\":\"ReadAction\",\"target\":[\"https:\/\/www.in-magazines.com\/magazine\/sommaire\/inmagazine-42\/10%e1%b5%89-salon-du-livre-dhistoire\/\"]}]},{\"@type\":\"BreadcrumbList\",\"@id\":\"https:\/\/www.in-magazines.com\/magazine\/sommaire\/inmagazine-42\/10%e1%b5%89-salon-du-livre-dhistoire\/#breadcrumb\",\"itemListElement\":[{\"@type\":\"ListItem\",\"position\":1,\"item\":{\"@id\":\"https:\/\/www.in-magazines.com\/magazine\/sommaire\/inmagazine-42\/10%e1%b5%89-salon-du-livre-dhistoire\/#webpage\"}}]},{\"@type\":\"Person\",\"@id\":\"https:\/\/www.in-magazines.com\/magazine\/#\/schema\/person\/c27e7dabb9a1ef380814bdd5636d07e3\",\"name\":\"backinmag\",\"image\":{\"@type\":\"ImageObject\",\"@id\":\"https:\/\/www.in-magazines.com\/magazine\/#personlogo\",\"inLanguage\":\"fr-FR\",\"url\":\"https:\/\/secure.gravatar.com\/avatar\/13a234bb19dc4fd04793d73c3472fbdb?s=96&d=mm&r=g\",\"contentUrl\":\"https:\/\/secure.gravatar.com\/avatar\/13a234bb19dc4fd04793d73c3472fbdb?s=96&d=mm&r=g\",\"caption\":\"backinmag\"},\"sameAs\":[\"http:\/\/www.in-magazines.com\/magazin\"]}]}<\/script>\n<!-- \/ Yoast SEO plugin. -->","_links":{"self":[{"href":"https:\/\/www.in-magazines.com\/magazine\/wp-json\/wp\/v2\/posts\/14453"}],"collection":[{"href":"https:\/\/www.in-magazines.com\/magazine\/wp-json\/wp\/v2\/posts"}],"about":[{"href":"https:\/\/www.in-magazines.com\/magazine\/wp-json\/wp\/v2\/types\/post"}],"author":[{"embeddable":true,"href":"https:\/\/www.in-magazines.com\/magazine\/wp-json\/wp\/v2\/users\/1"}],"replies":[{"embeddable":true,"href":"https:\/\/www.in-magazines.com\/magazine\/wp-json\/wp\/v2\/comments?post=14453"}],"version-history":[{"count":2,"href":"https:\/\/www.in-magazines.com\/magazine\/wp-json\/wp\/v2\/posts\/14453\/revisions"}],"predecessor-version":[{"id":14456,"href":"https:\/\/www.in-magazines.com\/magazine\/wp-json\/wp\/v2\/posts\/14453\/revisions\/14456"}],"wp:featuredmedia":[{"embeddable":true,"href":"https:\/\/www.in-magazines.com\/magazine\/wp-json\/wp\/v2\/media\/14454"}],"wp:attachment":[{"href":"https:\/\/www.in-magazines.com\/magazine\/wp-json\/wp\/v2\/media?parent=14453"}],"wp:term":[{"taxonomy":"category","embeddable":true,"href":"https:\/\/www.in-magazines.com\/magazine\/wp-json\/wp\/v2\/categories?post=14453"},{"taxonomy":"post_tag","embeddable":true,"href":"https:\/\/www.in-magazines.com\/magazine\/wp-json\/wp\/v2\/tags?post=14453"}],"curies":[{"name":"wp","href":"https:\/\/api.w.org\/{rel}","templated":true}]}}