

{"id":14486,"date":"2025-09-24T06:10:00","date_gmt":"2025-09-24T06:10:00","guid":{"rendered":"https:\/\/www.in-magazines.com\/magazine\/?p=14486"},"modified":"2025-09-22T12:40:10","modified_gmt":"2025-09-22T12:40:10","slug":"serenite-celeste-entre-la-scene-et-linstitut-pour-toujours-reveler-la-beaute","status":"publish","type":"post","link":"https:\/\/www.in-magazines.com\/magazine\/sommaire\/inmagazine-42\/serenite-celeste-entre-la-scene-et-linstitut-pour-toujours-reveler-la-beaute\/","title":{"rendered":"SERENITE CELESTE : Entre la sc\u00e8ne et l\u2019institut, POUR TOUJOURS R\u00c9V\u00c9LER LA BEAUT\u00c9"},"content":{"rendered":"\n<p>S\u00e9r\u00e9nit\u00e9 C\u00e9leste, tel est le nom du cocon esth\u00e9tique ouvert par Sylvia Cheton \u00e0 Mougins, chemin de la Plaine. Une douce appellation voulue pour r\u00e9v\u00e9ler l\u2019\u00e9tat d\u2019esprit impuls\u00e9 par cette ancienne danseuse professionnelle, \u00e0 son univers d\u00e9di\u00e9 \u00e0 la beaut\u00e9. Rencontre.<\/p>\n\n\n\n<p>Sylvia, votre parcours est atypique. Vous n\u2019\u00eates pas venue tout de suite \u00e0 l\u2019esth\u00e9tique. Votre vraie passion, c\u2019\u00e9tait avant tout la danse\u2026<\/p>\n\n\n\n<p>Sylvia Cheton : Oui, m\u00eame si depuis plus de 30 ans, je vis au rythme de ma passion pour l\u2019esth\u00e9tique. Ce m\u00e9tier, je l\u2019ai choisi avec le c\u0153ur, mais il s\u2019est aussi impos\u00e9 comme une \u00e9vidence, au fil d\u2019un parcours riche et pluriel. Qui a commenc\u00e9 par mon enfance \u00e0 l\u2019\u00e9tranger\u2026 Mon papa \u00e9tait dans la marine marchande et pendant 15 ans, nous avons v\u00e9cu en Afrique, \u00e0 Libreville au Gabon, en C\u00f4te d\u2019Ivoire puis au Togo. C\u2019est dans ce dernier pays qu\u2019il a cr\u00e9\u00e9 son chantier naval. A la suite d\u2019\u00e9v\u00e9nements politiques, j\u2019ai \u00e9t\u00e9 rapatri\u00e9e en France.<\/p>\n\n\n\n<p>Mes parents ont accept\u00e9 que je parte seule, \u00e0 16 ans, pour une audition en France \u00e0 Cannes. Car c\u2019est la danse qui a guid\u00e9 mes pas de petite fille passionn\u00e9e. Form\u00e9e \u00e0 l\u2019\u00e9cole Rosella Hightower \u00e0 Cannes, l\u2019une des plus prestigieuses institutions au monde, je me destinais \u00e0 une carri\u00e8re de danseuse professionnelle. J\u2019y ai appris la rigueur, la sensibilit\u00e9 artistique et le go\u00fbt du d\u00e9tail \u2014 des qualit\u00e9s qui m\u2019accompagnent encore aujourd\u2019hui.<\/p>\n\n\n\n<p><strong>Puis vous avez quitt\u00e9 Cannes ?<\/strong><\/p>\n\n\n\n<p>\u00c0 l\u2019issue de mon dipl\u00f4me, je suis partie \u00e0 Nantes, pour entrer dans une compagnie de danse contemporaine. Par la suite, j\u2019ai donn\u00e9 des cours de danse puis j\u2019ai \u00e9t\u00e9 engag\u00e9e pour danser pour des revues de French cancan et de cabaret. Mais vous allez voir que l\u2019esth\u00e9tique n\u2019est jamais tr\u00e8s loin de moi\u2026 Car d\u00e9j\u00e0 \u00e0 cette \u00e9poque, je ne pouvais m\u2019emp\u00eacher de sublimer les autres : je maquillais mes camarades danseuses, je partageais des astuces, je m\u2019\u00e9merveillais du pouvoir transformateur d\u2019un simple coup de pinceau ! Ma passion pour la beaut\u00e9 \u00e9tait l\u00e0, bien vivante\u2026<\/p>\n\n\n<a href=\"#\" class=\"_3d-flip-book  fb3d-link-lightbox-mode\" data-id=\"14293\" data-mode=\"link-lightbox\" data-title=\"false\" data-template=\"short-white-book-view\" data-lightbox=\"dark\" data-urlparam=\"fb3d-page\" data-page-n=\"0\" data-pdf=\"\" data-tax=\"null\" data-thumbnail=\"\" data-cols=\"3\" data-query=\"\"><img decoding=\"async\" src=\"http:\/\/www.in-magazines.com\/magazine\/wp-content\/uploads\/2021\/05\/btn.jpg\"><\/a>\n","protected":false},"excerpt":{"rendered":"<p>S&eacute;r&eacute;nit&eacute; C&eacute;leste, tel est le nom du cocon esth&eacute;tique ouvert par Sylvia Cheton &agrave; Mougins, chemin de la Plaine. Une douce appellation voulue pour r&eacute;v&eacute;ler l&rsquo;&eacute;tat d&rsquo;esprit impuls&eacute; par cette ancienne danseuse professionnelle, &agrave; son univers d&eacute;di&eacute; &agrave; la beaut&eacute;. Rencontre. Sylvia, votre parcours est atypique. Vous n&rsquo;&ecirc;tes pas venue tout de suite &agrave; l&rsquo;esth&eacute;tique.&hellip; <a class=\"more-link\" href=\"https:\/\/www.in-magazines.com\/magazine\/sommaire\/inmagazine-42\/serenite-celeste-entre-la-scene-et-linstitut-pour-toujours-reveler-la-beaute\/\">Poursuivre la lecture <span class=\"screen-reader-text\">SERENITE CELESTE : Entre la sc\u00e8ne et l\u2019institut, POUR TOUJOURS R\u00c9V\u00c9LER LA BEAUT\u00c9<\/span><\/a><\/p>\n","protected":false},"author":1,"featured_media":14487,"comment_status":"open","ping_status":"open","sticky":false,"template":"","format":"standard","meta":{"footnotes":""},"categories":[2687,1700],"tags":[2747,2749],"yoast_head":"<!-- This site is optimized with the Yoast SEO plugin v16.2 - https:\/\/yoast.com\/wordpress\/plugins\/seo\/ -->\n<title>SERENITE CELESTE : Entre la sc\u00e8ne et l\u2019institut, POUR TOUJOURS R\u00c9V\u00c9LER LA BEAUT\u00c9 - In Magazines<\/title>\n<meta name=\"robots\" content=\"index, follow, max-snippet:-1, max-image-preview:large, max-video-preview:-1\" \/>\n<link rel=\"canonical\" href=\"https:\/\/www.in-magazines.com\/magazine\/sommaire\/inmagazine-42\/serenite-celeste-entre-la-scene-et-linstitut-pour-toujours-reveler-la-beaute\/\" \/>\n<meta property=\"og:locale\" content=\"fr_FR\" \/>\n<meta property=\"og:type\" content=\"article\" \/>\n<meta property=\"og:title\" content=\"SERENITE CELESTE : Entre la sc\u00e8ne et l\u2019institut, POUR TOUJOURS R\u00c9V\u00c9LER LA BEAUT\u00c9 - In Magazines\" \/>\n<meta property=\"og:description\" content=\"S&eacute;r&eacute;nit&eacute; C&eacute;leste, tel est le nom du cocon esth&eacute;tique ouvert par Sylvia Cheton &agrave; Mougins, chemin de la Plaine. Une douce appellation voulue pour r&eacute;v&eacute;ler l&rsquo;&eacute;tat d&rsquo;esprit impuls&eacute; par cette ancienne danseuse professionnelle, &agrave; son univers d&eacute;di&eacute; &agrave; la beaut&eacute;. Rencontre. Sylvia, votre parcours est atypique. Vous n&rsquo;&ecirc;tes pas venue tout de suite &agrave; l&rsquo;esth&eacute;tique.&hellip; Poursuivre la lecture SERENITE CELESTE : Entre la sc\u00e8ne et l\u2019institut, POUR TOUJOURS R\u00c9V\u00c9LER LA BEAUT\u00c9\" \/>\n<meta property=\"og:url\" content=\"https:\/\/www.in-magazines.com\/magazine\/sommaire\/inmagazine-42\/serenite-celeste-entre-la-scene-et-linstitut-pour-toujours-reveler-la-beaute\/\" \/>\n<meta property=\"og:site_name\" content=\"In Magazines\" \/>\n<meta property=\"article:published_time\" content=\"2025-09-24T06:10:00+00:00\" \/>\n<meta property=\"article:modified_time\" content=\"2025-09-22T12:40:10+00:00\" \/>\n<meta property=\"og:image\" content=\"https:\/\/www.in-magazines.com\/magazine\/wp-content\/uploads\/2025\/09\/SERENITE-CELESTE-Entre-la-scene-et-l-institut-POUR-TOUJOURS-REVELER-LA-BEAUTE-1024x1024.jpg\" \/>\n\t<meta property=\"og:image:width\" content=\"1024\" \/>\n\t<meta property=\"og:image:height\" content=\"1024\" \/>\n<meta name=\"twitter:label1\" content=\"Dur\u00e9e de lecture est.\">\n\t<meta name=\"twitter:data1\" content=\"2 minutes\">\n<script type=\"application\/ld+json\" class=\"yoast-schema-graph\">{\"@context\":\"https:\/\/schema.org\",\"@graph\":[{\"@type\":\"WebSite\",\"@id\":\"https:\/\/www.in-magazines.com\/magazine\/#website\",\"url\":\"https:\/\/www.in-magazines.com\/magazine\/\",\"name\":\"In Magazines\",\"description\":\"\",\"potentialAction\":[{\"@type\":\"SearchAction\",\"target\":\"https:\/\/www.in-magazines.com\/magazine\/?s={search_term_string}\",\"query-input\":\"required name=search_term_string\"}],\"inLanguage\":\"fr-FR\"},{\"@type\":\"ImageObject\",\"@id\":\"https:\/\/www.in-magazines.com\/magazine\/sommaire\/inmagazine-42\/serenite-celeste-entre-la-scene-et-linstitut-pour-toujours-reveler-la-beaute\/#primaryimage\",\"inLanguage\":\"fr-FR\",\"url\":\"https:\/\/www.in-magazines.com\/magazine\/wp-content\/uploads\/2025\/09\/SERENITE-CELESTE-Entre-la-scene-et-l-institut-POUR-TOUJOURS-REVELER-LA-BEAUTE.jpg\",\"contentUrl\":\"https:\/\/www.in-magazines.com\/magazine\/wp-content\/uploads\/2025\/09\/SERENITE-CELESTE-Entre-la-scene-et-l-institut-POUR-TOUJOURS-REVELER-LA-BEAUTE.jpg\",\"width\":2189,\"height\":2189},{\"@type\":\"WebPage\",\"@id\":\"https:\/\/www.in-magazines.com\/magazine\/sommaire\/inmagazine-42\/serenite-celeste-entre-la-scene-et-linstitut-pour-toujours-reveler-la-beaute\/#webpage\",\"url\":\"https:\/\/www.in-magazines.com\/magazine\/sommaire\/inmagazine-42\/serenite-celeste-entre-la-scene-et-linstitut-pour-toujours-reveler-la-beaute\/\",\"name\":\"SERENITE CELESTE : Entre la sc\\u00e8ne et l\\u2019institut, POUR TOUJOURS R\\u00c9V\\u00c9LER LA BEAUT\\u00c9 - In Magazines\",\"isPartOf\":{\"@id\":\"https:\/\/www.in-magazines.com\/magazine\/#website\"},\"primaryImageOfPage\":{\"@id\":\"https:\/\/www.in-magazines.com\/magazine\/sommaire\/inmagazine-42\/serenite-celeste-entre-la-scene-et-linstitut-pour-toujours-reveler-la-beaute\/#primaryimage\"},\"datePublished\":\"2025-09-24T06:10:00+00:00\",\"dateModified\":\"2025-09-22T12:40:10+00:00\",\"author\":{\"@id\":\"https:\/\/www.in-magazines.com\/magazine\/#\/schema\/person\/c27e7dabb9a1ef380814bdd5636d07e3\"},\"breadcrumb\":{\"@id\":\"https:\/\/www.in-magazines.com\/magazine\/sommaire\/inmagazine-42\/serenite-celeste-entre-la-scene-et-linstitut-pour-toujours-reveler-la-beaute\/#breadcrumb\"},\"inLanguage\":\"fr-FR\",\"potentialAction\":[{\"@type\":\"ReadAction\",\"target\":[\"https:\/\/www.in-magazines.com\/magazine\/sommaire\/inmagazine-42\/serenite-celeste-entre-la-scene-et-linstitut-pour-toujours-reveler-la-beaute\/\"]}]},{\"@type\":\"BreadcrumbList\",\"@id\":\"https:\/\/www.in-magazines.com\/magazine\/sommaire\/inmagazine-42\/serenite-celeste-entre-la-scene-et-linstitut-pour-toujours-reveler-la-beaute\/#breadcrumb\",\"itemListElement\":[{\"@type\":\"ListItem\",\"position\":1,\"item\":{\"@id\":\"https:\/\/www.in-magazines.com\/magazine\/sommaire\/inmagazine-42\/serenite-celeste-entre-la-scene-et-linstitut-pour-toujours-reveler-la-beaute\/#webpage\"}}]},{\"@type\":\"Person\",\"@id\":\"https:\/\/www.in-magazines.com\/magazine\/#\/schema\/person\/c27e7dabb9a1ef380814bdd5636d07e3\",\"name\":\"backinmag\",\"image\":{\"@type\":\"ImageObject\",\"@id\":\"https:\/\/www.in-magazines.com\/magazine\/#personlogo\",\"inLanguage\":\"fr-FR\",\"url\":\"https:\/\/secure.gravatar.com\/avatar\/13a234bb19dc4fd04793d73c3472fbdb?s=96&d=mm&r=g\",\"contentUrl\":\"https:\/\/secure.gravatar.com\/avatar\/13a234bb19dc4fd04793d73c3472fbdb?s=96&d=mm&r=g\",\"caption\":\"backinmag\"},\"sameAs\":[\"http:\/\/www.in-magazines.com\/magazin\"]}]}<\/script>\n<!-- \/ Yoast SEO plugin. -->","_links":{"self":[{"href":"https:\/\/www.in-magazines.com\/magazine\/wp-json\/wp\/v2\/posts\/14486"}],"collection":[{"href":"https:\/\/www.in-magazines.com\/magazine\/wp-json\/wp\/v2\/posts"}],"about":[{"href":"https:\/\/www.in-magazines.com\/magazine\/wp-json\/wp\/v2\/types\/post"}],"author":[{"embeddable":true,"href":"https:\/\/www.in-magazines.com\/magazine\/wp-json\/wp\/v2\/users\/1"}],"replies":[{"embeddable":true,"href":"https:\/\/www.in-magazines.com\/magazine\/wp-json\/wp\/v2\/comments?post=14486"}],"version-history":[{"count":5,"href":"https:\/\/www.in-magazines.com\/magazine\/wp-json\/wp\/v2\/posts\/14486\/revisions"}],"predecessor-version":[{"id":14493,"href":"https:\/\/www.in-magazines.com\/magazine\/wp-json\/wp\/v2\/posts\/14486\/revisions\/14493"}],"wp:featuredmedia":[{"embeddable":true,"href":"https:\/\/www.in-magazines.com\/magazine\/wp-json\/wp\/v2\/media\/14487"}],"wp:attachment":[{"href":"https:\/\/www.in-magazines.com\/magazine\/wp-json\/wp\/v2\/media?parent=14486"}],"wp:term":[{"taxonomy":"category","embeddable":true,"href":"https:\/\/www.in-magazines.com\/magazine\/wp-json\/wp\/v2\/categories?post=14486"},{"taxonomy":"post_tag","embeddable":true,"href":"https:\/\/www.in-magazines.com\/magazine\/wp-json\/wp\/v2\/tags?post=14486"}],"curies":[{"name":"wp","href":"https:\/\/api.w.org\/{rel}","templated":true}]}}